{"id":40125,"date":"2011-09-24T18:38:57","date_gmt":"2011-09-24T15:38:57","guid":{"rendered":"http:\/\/www.korhanyilmaz.com\/?p=40125"},"modified":"2011-09-24T21:11:14","modified_gmt":"2011-09-24T18:11:14","slug":"genelkurmay-belgelerde-tahrifat-var","status":"publish","type":"post","link":"http:\/\/www.korhanyilmaz.com\/?p=40125","title":{"rendered":"Genelkurmay: Belgelerde tahrifat var"},"content":{"rendered":"<p style=\"text-align: center;\"><a href=\"http:\/\/www.korhanyilmaz.com\/wp-content\/uploads\/2011\/09\/7004.jpg\"  class=\"lightview\"><img loading=\"lazy\" decoding=\"async\" class=\"aligncenter  wp-image-40126\" src=\"http:\/\/www.korhanyilmaz.com\/wp-content\/uploads\/2011\/09\/7004.jpg\" alt=\"\" width=\"320\" height=\"214\" \/><\/a><\/p>\n<p style=\"text-align: justify;\">Genelkurmay, Ergenekon dosyas\u0131nda yer alan baz\u0131 TSK belgelerinde tahrifat yap\u0131ld\u0131\u011f\u0131n\u0131 tespit etti.<\/p>\n<p style=\"text-align: justify;\">Ergenekon soru\u015fturmas\u0131 kapsam\u0131nda tutuklanan gazeteciler Nedim \u015eener ve Ahmet \u015e\u0131k&#8217;\u0131n da aralar\u0131nda oldu\u011fu 12&#8217;si tutuklu 14 \u015f\u00fcpheli hakk\u0131nda a\u00e7\u0131lan davan\u0131n ek klas\u00f6rlerinde Genelkurmay&#8217;\u0131n \u015f\u00fcphelilerde ele ge\u00e7irilen belgeler hakk\u0131ndaki haz\u0131rlad\u0131\u011f\u0131 rapor yer ald\u0131.\u00a0<!--more--><\/p>\n<p style=\"text-align: justify;\">Ek delil klas\u00f6rlerinde yer alan yaz\u0131\u015fmalara g\u00f6re, soru\u015fturma savc\u0131l\u0131\u011f\u0131 san\u0131klar Yal\u00e7\u0131n K\u00fc\u00e7\u00fck, Soner Yal\u00e7\u0131n, Bar\u0131\u015f Terko\u011flu, Bar\u0131\u015f Pehlivan&#8217;da bulunan belgeleri Genelkurmay&#8217;a g\u00f6nderdi. Savc\u0131l\u0131k, Genelkurmay&#8217;dan s\u00f6z konusu belgelerin &#8216;devletin g\u00fcvenli\u011fine ili\u015fkin belgeler olup olmad\u0131\u011f\u0131n\u0131, gizliliklerinin kalk\u0131p kalkmad\u0131\u011f\u0131n\u0131 ve belgelerin \u015fah\u0131slarda olmas\u0131nda sak\u0131nca olup olmad\u0131\u011f\u0131n\u0131&#8217; sordu.<\/p>\n<p style=\"text-align: justify;\"><strong>GENELKURMAY 29 BELGE \u0130NCELED\u0130<\/strong><\/p>\n<p style=\"text-align: justify;\">Savc\u0131l\u0131\u011f\u0131n talebi \u00fczerine g\u00f6nderilen 29 adet belge incelendi. &#8216;\u0130\u00e7 tehdit unsurlar\u0131&#8217;, &#8216;ter\u00f6rle etkin m\u00fccadele&#8217;, &#8216;T\u00fcrkiye&#8217;deki a\u015firetlerle ilgili bilgiler&#8217;, &#8216;\u0130srail Devleti ve \u015firketlerinin GAP b\u00f6lgesinde yapt\u0131\u011f\u0131 \u00e7al\u0131\u015fmalar&#8217; konulu belgelerin incelenmesinin ard\u0131ndan \u0130stanbul Cumhuriyet Ba\u015fsavc\u0131l\u0131\u011f\u0131&#8217;na rapor g\u00f6nderildi. Raporda 29 adet belgenin 16 tanesinin TSK&#8217;ya ait olmad\u0131\u011f\u0131, 9 tanesinin g\u00fcncelli\u011fini yitirdi\u011fi belirtildi. 4 belgenin ise gizlilik derecesine sahip oldu\u011fu ve gizliliklerinin kalkmad\u0131\u011f\u0131 belirtildi.<\/p>\n<p style=\"text-align: justify;\"><strong>TSK&#8217;YA A\u0130T BELGELER \u00dcZER\u0130NDE TAHR\u0130FAT YAPILMI\u015e<\/strong><\/p>\n<p style=\"text-align: justify;\">16 tane belgenin TSK&#8217;ya ait olmad\u0131\u011f\u0131n\u0131n belirtildi\u011fi raporda, g\u00f6nderilen belgeler aras\u0131nda TSK&#8217;ya ait baz\u0131 belgelerin bulundu\u011fu ancak bu belgeler \u00fczerinde tahrifat yap\u0131larak sahte olarak \u00fcretildi\u011fi vurguland\u0131. Genelkurmay, s\u00f6z konusu belgelerin \u00fczerinde tahrifat yap\u0131lmak suretiyle sahte olarak \u00fcretildi\u011fi tespit edilmi\u015ftir. Konuyla ilgili Askeri Savc\u0131l\u0131k taraf\u0131ndan soru\u015fturma a\u00e7\u0131lm\u0131\u015f ve soru\u015fturma neticesinde olay\u0131n failleri hakk\u0131nda kamu davas\u0131 a\u00e7\u0131lm\u0131\u015ft\u0131r&#8221; dedi.<\/p>\n<p style=\"text-align: justify;\"><a href=\"http:\/\/www.radikal.com.tr\/Radikal.aspx?aType=RadikalDetayV3&amp;ArticleID=1064329&amp;Date=24.09.2011&amp;CategoryID=77\" target=\"_blank\">Kaynak : Radital.com.tr<\/a><\/p>\n","protected":false},"excerpt":{"rendered":"<p style=\"text-align: center;\">\n<p style=\"text-align: justify;\">Genelkurmay, Ergenekon dosyas\u0131nda yer alan baz\u0131 TSK belgelerinde tahrifat yap\u0131ld\u0131\u011f\u0131n\u0131 tespit etti.<\/p>\n<p style=\"text-align: justify;\">Ergenekon soru\u015fturmas\u0131 kapsam\u0131nda tutuklanan gazeteciler Nedim \u015eener ve Ahmet \u015e\u0131k&#8217;\u0131n da aralar\u0131nda oldu\u011fu 12&#8217;si tutuklu 14 \u015f\u00fcpheli hakk\u0131nda a\u00e7\u0131lan davan\u0131n ek klas\u00f6rlerinde Genelkurmay&#8217;\u0131n \u015f\u00fcphelilerde ele ge\u00e7irilen belgeler hakk\u0131ndaki haz\u0131rlad\u0131\u011f\u0131 rapor yer ald\u0131. <\/p>\n","protected":false},"author":1,"featured_media":0,"comment_status":"open","ping_status":"open","sticky":false,"template":"","format":"standard","meta":{"footnotes":""},"categories":[105],"tags":[],"class_list":["post-40125","post","type-post","status-publish","format-standard","hentry","category-gundem","odd"],"_links":{"self":[{"href":"http:\/\/www.korhanyilmaz.com\/index.php?rest_route=\/wp\/v2\/posts\/40125","targetHints":{"allow":["GET"]}}],"collection":[{"href":"http:\/\/www.korhanyilmaz.com\/index.php?rest_route=\/wp\/v2\/posts"}],"about":[{"href":"http:\/\/www.korhanyilmaz.com\/index.php?rest_route=\/wp\/v2\/types\/post"}],"author":[{"embeddable":true,"href":"http:\/\/www.korhanyilmaz.com\/index.php?rest_route=\/wp\/v2\/users\/1"}],"replies":[{"embeddable":true,"href":"http:\/\/www.korhanyilmaz.com\/index.php?rest_route=%2Fwp%2Fv2%2Fcomments&post=40125"}],"version-history":[{"count":0,"href":"http:\/\/www.korhanyilmaz.com\/index.php?rest_route=\/wp\/v2\/posts\/40125\/revisions"}],"wp:attachment":[{"href":"http:\/\/www.korhanyilmaz.com\/index.php?rest_route=%2Fwp%2Fv2%2Fmedia&parent=40125"}],"wp:term":[{"taxonomy":"category","embeddable":true,"href":"http:\/\/www.korhanyilmaz.com\/index.php?rest_route=%2Fwp%2Fv2%2Fcategories&post=40125"},{"taxonomy":"post_tag","embeddable":true,"href":"http:\/\/www.korhanyilmaz.com\/index.php?rest_route=%2Fwp%2Fv2%2Ftags&post=40125"}],"curies":[{"name":"wp","href":"https:\/\/api.w.org\/{rel}","templated":true}]}}