{"id":40121,"date":"2011-09-24T19:37:02","date_gmt":"2011-09-24T16:37:02","guid":{"rendered":"http:\/\/www.korhanyilmaz.com\/?p=40121"},"modified":"2011-09-24T21:07:35","modified_gmt":"2011-09-24T18:07:35","slug":"en-buyuk-kavgam-burokratik-oligarsiyle","status":"publish","type":"post","link":"http:\/\/www.korhanyilmaz.com\/?p=40121","title":{"rendered":"&#8216;En b\u00fcy\u00fck kavgam b\u00fcrokratik oligar\u015fiyle&#8217;"},"content":{"rendered":"<p style=\"text-align: center;\"><a href=\"http:\/\/www.korhanyilmaz.com\/wp-content\/uploads\/2011\/09\/7003.jpg\"  class=\"lightview\"><img loading=\"lazy\" decoding=\"async\" class=\"aligncenter  wp-image-40122\" src=\"http:\/\/www.korhanyilmaz.com\/wp-content\/uploads\/2011\/09\/7003.jpg\" alt=\"\" width=\"320\" height=\"214\" \/><\/a><\/p>\n<p style=\"text-align: justify;\">Ba\u015fbakan Recep Tayyip Erdo\u011fan, &#8221;Geldi\u011fimden beri en b\u00fcy\u00fck kavgam b\u00fcrokratik oligar\u015fiyledir. B\u00fcrokratik oligar\u015finin neler yapt\u0131\u011f\u0131n\u0131, ne t\u00fcr \u0131st\u0131raplar ya\u015fatt\u0131\u011f\u0131n\u0131 \u00e7ok iyi bilen birisiyim. Hen\u00fcz d\u00f6rt d\u00f6rtl\u00fck bunu a\u015fabildik mi? Hay\u0131r&#8221; diye konu\u015ftu.<!--more--><\/p>\n<p style=\"text-align: justify;\">Ba\u015fbakan Recep Tayyip Erdo\u011fan, Yat\u0131r\u0131m Destek Ajans\u0131&#8217;n\u0131n kahvalt\u0131l\u0131 toplant\u0131s\u0131na kat\u0131ld\u0131. Ba\u015fbakan Erdo\u011fan, burada yapt\u0131\u011f\u0131 konu\u015fmada T\u00fcrkiye&#8217;nin yat\u0131r\u0131mc\u0131lar nezdinde cazibe merkezi haline d\u00f6n\u00fc\u015ft\u00fc\u011f\u00fcn\u00fc belirterek, &#8221;Bunu sizlerle payla\u015fmak isterim. 2002 y\u0131l\u0131nda sadece 43 milyar lira olan \u00f6zel sekt\u00f6r yat\u0131r\u0131mlar\u0131, 2010 y\u0131l\u0131nda 164 milyar liraya \u00e7\u0131km\u0131\u015ft\u0131r. Bu y\u0131l\u0131n ilk \u00e7eyre\u011finde de \u00f6zel sekt\u00f6r yat\u0131r\u0131mlar\u0131, bir \u00f6nceki y\u0131l\u0131n ayn\u0131 d\u00f6nemine g\u00f6re y\u00fczde 50 gibi \u00e7ok y\u00fcksek bir oranda artm\u0131\u015ft\u0131r. D\u00fcnyada kriz s\u00f6ylentileri dola\u015fmas\u0131na ra\u011fmen, \u00f6zel sekt\u00f6r yat\u0131r\u0131mlar\u0131n\u0131n bu kadar artmas\u0131, T\u00fcrkiye ger\u00e7e\u011fini a\u00e7\u0131k\u00e7a g\u00f6stermektedir&#8221; diye konu\u015ftu.<\/p>\n<p style=\"text-align: justify;\">H\u00fck\u00fcmet olarak, T\u00fcrkiye&#8217;de yat\u0131r\u0131mlar\u0131n hem nicelik hem de nitelik olarak artmas\u0131na b\u00fcy\u00fck \u00f6nem verdiklerini vurgulayan Ba\u015fbakan Erdo\u011fan, \u015funlar\u0131 kaydetti:<\/p>\n<p style=\"text-align: justify;\">&#8221;Mesela 2003 y\u0131l\u0131nda, Do\u011frudan Yabanc\u0131 Yat\u0131r\u0131mlar Yasas\u0131n\u0131 \u00e7\u0131kartt\u0131k. Ki, ben yabanc\u0131 kelimesinden de ho\u015flanm\u0131yorum. Bu nedenle k\u00fcresel sermaye veya uluslararas\u0131 yat\u0131r\u0131mc\u0131 kavram\u0131n\u0131 kullan\u0131yorum. Ve bu yerli ve uluslararas\u0131 yat\u0131r\u0131mc\u0131 ayr\u0131m\u0131na son verdik. Bug\u00fcn T\u00fcrkiye&#8217;de yerli giri\u015fimcilerin yararland\u0131klar\u0131 her t\u00fcrl\u00fc te\u015fvikten uluslararas\u0131 sermaye de ayn\u0131 \u015fekilde yararlanabilmektedir, ayr\u0131m yok. \u00d6n\u00fcm\u00fczdeki d\u00f6nemde \u00f6zellikle sekt\u00f6r ve i\u015fletme bazl\u0131 mikro reformlar uygulayarak, rekabet g\u00fcc\u00fcm\u00fcz\u00fc art\u0131rmaya devam edece\u011fiz.<\/p>\n<p style=\"text-align: justify;\"><strong>&#8216;NELER YAPTIKLARINI \u00c7OK \u0130Y\u0130 B\u0130L\u0130YORUM&#8217;<\/strong><\/p>\n<p style=\"text-align: justify;\">T\u00fcrkiye&#8217;nin \u00f6zellikle ileri teknolojili ve y\u00fcksek katma de\u011ferli sekt\u00f6rlerinde de bir s\u0131\u00e7rama ya\u015fataca\u011f\u0131z. Onun i\u00e7in bu yat\u0131r\u0131m destek ajans\u0131n\u0131 direkt \u015fahs\u0131ma ba\u011fl\u0131 olarak olu\u015fturduk. Ki \u00f6zel sermaye, uluslararas\u0131 sermaye herhangi bir yat\u0131r\u0131m yapacaksa b\u00fcrokratlarla, onlar\u0131 muhatap etmeyelim. Direkt yat\u0131r\u0131m destek ajans\u0131yla muhatap olsun, onlar\u0131n dosyalar\u0131n\u0131 ajans\u0131m\u0131z takip etsin, i\u015fi bitirsin ve ondan sonra m\u00fcracaat eden uluslararas\u0131 sermaye mensuplar\u0131na dosyay\u0131 bitmi\u015f olarak teslim etsin ki zamandan kazanal\u0131m. \u00c7\u00fcnk\u00fc, geldi\u011fimden beri en b\u00fcy\u00fck kavgam b\u00fcrokratik oligar\u015fiyledir. B\u00fcrokratik oligar\u015finin neler yapt\u0131\u011f\u0131n\u0131, ne t\u00fcr \u0131st\u0131raplar ya\u015fatt\u0131\u011f\u0131n\u0131 \u00e7ok iyi bilen birisiyim.<\/p>\n<p style=\"text-align: justify;\">Hen\u00fcz d\u00f6rt d\u00f6rtl\u00fck bunu a\u015fabildik mi? Hay\u0131r. Daha yap\u0131lmas\u0131 gereken \u00e7ok \u015feyler var. Ama a\u015f\u0131yoruz ve a\u015faca\u011f\u0131z. \u00c7\u00fcnk\u00fc, b\u00fcrokrat\u0131n havas\u0131 hep \u015fudur. &#8216;Bug\u00fcn git yar\u0131n gel&#8217;, al\u0131r dosyay\u0131 koyar rafa. Yani bir kere \u015fu olmu\u015f, bu olmu\u015f yat\u0131r\u0131mc\u0131 geliyor, gelecekmi\u015f, umurunda de\u011fil. Ve bir de \u00f6zel ba\u011flant\u0131lar kurma gayreti i\u00e7erisine girerler. Onun i\u00e7in yola \u00e7\u0131karken &#8216;3 Y&#8217; ile m\u00fccadele diye bizim bir ba\u015fl\u0131\u011f\u0131m\u0131z oldu. Bunun birincisi yolsuzluk, ikincisi yasaklar, \u00fc\u00e7\u00fcnc\u00fcs\u00fc yoksulluk ve yola b\u00f6yle \u00e7\u0131kt\u0131k. Ve 3 d\u00f6nemdir se\u00e7imleri kazanmam\u0131z\u0131n alt\u0131nda yatan ger\u00e7ek de halk\u0131m\u0131z\u0131n bize olan bu g\u00fcvenidir. \u0130\u015fte siz de\u011ferli uluslararas\u0131 sermaye mensuplar\u0131n\u0131 \u00fclkemizde g\u00f6rd\u00fck\u00e7e halk\u0131m\u0131z\u0131n bizlere ve size olan g\u00fcveni \u00e7ok daha farkl\u0131 bir \u015fekilde artacakt\u0131r.&#8221;<\/p>\n<p style=\"text-align: justify;\"><a href=\"http:\/\/www.radikal.com.tr\/Radikal.aspx?aType=RadikalDetayV3&amp;ArticleID=1064332&amp;Date=24.09.2011&amp;CategoryID=78\" target=\"_blank\">Kaynak : Radikal.com.tr<\/a><\/p>\n","protected":false},"excerpt":{"rendered":"<p style=\"text-align: center;\">\n<p style=\"text-align: justify;\">Ba\u015fbakan Recep Tayyip Erdo\u011fan, &#8221;Geldi\u011fimden beri en b\u00fcy\u00fck kavgam b\u00fcrokratik oligar\u015fiyledir. B\u00fcrokratik oligar\u015finin neler yapt\u0131\u011f\u0131n\u0131, ne t\u00fcr \u0131st\u0131raplar ya\u015fatt\u0131\u011f\u0131n\u0131 \u00e7ok iyi bilen birisiyim. Hen\u00fcz d\u00f6rt d\u00f6rtl\u00fck bunu a\u015fabildik mi? Hay\u0131r&#8221; diye konu\u015ftu.<\/p>\n","protected":false},"author":1,"featured_media":0,"comment_status":"open","ping_status":"open","sticky":false,"template":"","format":"standard","meta":{"footnotes":""},"categories":[105],"tags":[],"class_list":["post-40121","post","type-post","status-publish","format-standard","hentry","category-gundem","odd"],"_links":{"self":[{"href":"http:\/\/www.korhanyilmaz.com\/index.php?rest_route=\/wp\/v2\/posts\/40121","targetHints":{"allow":["GET"]}}],"collection":[{"href":"http:\/\/www.korhanyilmaz.com\/index.php?rest_route=\/wp\/v2\/posts"}],"about":[{"href":"http:\/\/www.korhanyilmaz.com\/index.php?rest_route=\/wp\/v2\/types\/post"}],"author":[{"embeddable":true,"href":"http:\/\/www.korhanyilmaz.com\/index.php?rest_route=\/wp\/v2\/users\/1"}],"replies":[{"embeddable":true,"href":"http:\/\/www.korhanyilmaz.com\/index.php?rest_route=%2Fwp%2Fv2%2Fcomments&post=40121"}],"version-history":[{"count":0,"href":"http:\/\/www.korhanyilmaz.com\/index.php?rest_route=\/wp\/v2\/posts\/40121\/revisions"}],"wp:attachment":[{"href":"http:\/\/www.korhanyilmaz.com\/index.php?rest_route=%2Fwp%2Fv2%2Fmedia&parent=40121"}],"wp:term":[{"taxonomy":"category","embeddable":true,"href":"http:\/\/www.korhanyilmaz.com\/index.php?rest_route=%2Fwp%2Fv2%2Fcategories&post=40121"},{"taxonomy":"post_tag","embeddable":true,"href":"http:\/\/www.korhanyilmaz.com\/index.php?rest_route=%2Fwp%2Fv2%2Ftags&post=40121"}],"curies":[{"name":"wp","href":"https:\/\/api.w.org\/{rel}","templated":true}]}}