{"id":40112,"date":"2011-09-22T16:38:52","date_gmt":"2011-09-22T13:38:52","guid":{"rendered":"http:\/\/www.korhanyilmaz.com\/?p=40112"},"modified":"2011-09-23T07:41:21","modified_gmt":"2011-09-23T04:41:21","slug":"izmir-icin-deprem-uyarisi","status":"publish","type":"post","link":"http:\/\/www.korhanyilmaz.com\/?p=40112","title":{"rendered":"\u0130zmir i\u00e7in deprem uyar\u0131s\u0131"},"content":{"rendered":"<p style=\"text-align: center;\"><a href=\"http:\/\/www.korhanyilmaz.com\/wp-content\/uploads\/2011\/09\/7001.jpg\"  class=\"lightview\"><img loading=\"lazy\" decoding=\"async\" class=\"aligncenter  wp-image-40113\" src=\"http:\/\/www.korhanyilmaz.com\/wp-content\/uploads\/2011\/09\/7001.jpg\" alt=\"\" width=\"307\" height=\"236\" \/><\/a><\/p>\n<p style=\"text-align: justify;\">Deprem Ara\u015ft\u0131rma ve Uygulama Merkezi M\u00fcd\u00fcr\u00fc ve Dokuz Eyl\u00fcl \u00dcniversitesi Jeofizik B\u00f6l\u00fcm Ba\u015fkan\u0131 Prof. Dr. Zafer Ak\u00e7\u0131\u011f, \u0130zmir\u2019de son y\u0131llarda Seferihisar b\u00f6lgesi ve G\u00fclbah\u00e7e fay\u0131nda hareketlili\u011fin artt\u0131\u011f\u0131 uyar\u0131s\u0131nda bulundu.<\/p>\n<p style=\"text-align: justify;\">Do\u011fru at\u0131ml\u0131 bir fay oldu\u011fu i\u00e7in bu fay\u0131n mutlaka k\u0131r\u0131lmas\u0131n\u0131 tamamlayaca\u011f\u0131n\u0131 a\u00e7\u0131klayan Prof. Dr. Ak\u00e7\u0131\u011f, yapt\u0131klar\u0131 \u00e7al\u0131\u015fmalarla \u0130zmir\u2019in yeralt\u0131 \u00f6zelliklerini avu\u00e7lar\u0131n\u0131n i\u00e7i gibi bildiklerini s\u00f6yledi.\u00a0<!--more--><\/p>\n<p style=\"text-align: justify;\">Deprem Ara\u015ft\u0131rma ve Uygulama Merkezi (DAUM), T.C. Ba\u015fbakanl\u0131k Afet ve Acil Durum Y\u00f6netim Ba\u015fkanl\u0131\u011f\u0131 (AFAD), \u0130zmir B\u00fcy\u00fck\u015fehir Belediyesi ve Dokuz Eyl\u00fcl \u00dcniversitesi i\u015fbirli\u011finde d\u00fczenlenen \u2019\u0130zmir Deprem Tehlikesi ve \u00d6nlemleri \u00c7al\u0131\u015ftay\u0131\u2019 yap\u0131ld\u0131. \u0130zmir B\u00fcy\u00fck\u015fehir Belediye Meclis Salonu\u2019nda d\u00fczenlenen \u00c7al\u0131\u015ftay\u2019da \u00fc\u00e7 kurulu\u015fun ortak yapt\u0131\u011f\u0131 \u2019\u0130zmir metropol\u00fc, Alia\u011fa ve Menemen il\u00e7elerinde g\u00fcvenli yap\u0131 tasar\u0131m\u0131 i\u00e7in zeminin sismik davran\u0131\u015flar\u0131n\u0131n modellenmesi\u2019 projesi tart\u0131\u015f\u0131ld\u0131.<\/p>\n<p style=\"text-align: justify;\"><strong>\u0130zmir i\u00e7in tehlike, Seferihisar-G\u00fclbah\u00e7e aks\u0131nda\u00a0<\/strong><\/p>\n<p style=\"text-align: justify;\">Prof. Dr. Zafer Ak\u00e7\u0131\u011f, \u0130zmir metropol\u00fc, Alia\u011fa ve Menemen il\u00e7elerinde toplam 21 istasyonda kuvvetli yer hareketlili\u011fi \u00f6l\u00e7\u00fcm\u00fc yapt\u0131klar\u0131n\u0131 a\u00e7\u0131klad\u0131. \u0130zmir\u2019de en \u00e7ok bilinen fay\u0131n \u0130zmir fay\u0131 oldu\u011funu ancak uzun y\u0131llard\u0131r bir hareketlilik g\u00f6zlemlenmedi\u011fini, belirten Prof. Dr. Ak\u00e7\u0131\u011f, son d\u00f6nemlerde en \u00e7ok deprem \u00fcreten aks\u0131n Seferihisar &#8211; G\u00fclbah\u00e7e b\u00f6lgelerinde oldu\u011funu s\u00f6yledi. Prof. Dr. Ak\u00e7\u0131\u011f, &#8220;Deprem \u2019Buraday\u0131m\u2019 diyor. Bana g\u00f6re \u0130zmir i\u00e7in as\u0131l tehlike buradaki deprem olacakt\u0131r. Burada do\u011fru at\u0131ml\u0131 fay var. Mutlaka k\u0131r\u0131lmas\u0131n\u0131 tamamlayacakt\u0131r&#8221; dedi.<\/p>\n<p style=\"text-align: justify;\"><strong>Yeralt\u0131n\u0131 \u00f6\u011frendik\u00a0<\/strong><\/p>\n<p style=\"text-align: justify;\">Jeofizik \u00e7al\u0131\u015fmalar kapsam\u0131nda yeralt\u0131n\u0131n 1000-1500 metreye kadar resmini \u00e7ektiklerini a\u00e7\u0131klayan Prof. Dr. Zafer Ak\u00e7\u0131\u011f, &#8220;Art\u0131k \u0130zmir\u2019in alt\u0131n\u0131 avucumuzun i\u00e7i gibi biliyoruz. Depremde zeminin nas\u0131l davranaca\u011f\u0131n\u0131 da b\u00f6ylece tahmin edebiliyoruz. Erken uyar\u0131 sistemi \u00fczerinde \u00f6nemli duruyoruz. Ancak bu uyar\u0131 do\u011falgaz\u0131n, elektri\u011fin kesilmesini sa\u011flayacak, otomatik kap\u0131lar\u0131n devre d\u0131\u015f\u0131 kalmas\u0131na yarayacak bir sistemdir. \u0130leride de erken hasar tespiti yap\u0131labilecek&#8221; dedi.<\/p>\n<p style=\"text-align: justify;\"><strong>Neler yap\u0131lmal\u0131\u00a0<\/strong><\/p>\n<p style=\"text-align: justify;\">Prof. Dr. Ak\u00e7\u0131\u011f, deprem konusunda \u0130zmir i\u00e7in nelerin yap\u0131lmas\u0131 gerekti\u011fini de a\u00e7\u0131klad\u0131. Prof. Dr. Ak\u00e7\u0131\u011f, erken uyar\u0131 i\u00e7in \u015fehir merkezinde daha kapsaml\u0131 kuvvetli yer hareketi istasyon a\u011f\u0131n\u0131n kurulmas\u0131 gereksinimi oldu\u011funu s\u00f6yledi. Bug\u00fcnk\u00fc 21 olan istasyon say\u0131s\u0131n\u0131n 75-100 istasyona \u00e7\u0131kar\u0131lmas\u0131 gerekti\u011fini belirten Prof. Dr. Ak\u00e7\u0131\u011f, &#8220;Aktif faylar\u0131n konumlar\u0131n\u0131n kesin bir \u015fekilde saptanmas\u0131 gereklidir. Yerle\u015fime a\u00e7\u0131lm\u0131\u015f ve a\u00e7\u0131lacak yeni alanlarda deprem s\u0131ras\u0131ndaki zeminlerin davran\u0131\u015f\u0131 \u00e7ok iyi bir \u015fekilde belirlenmelidir. Yeni imar ve kentsel d\u00f6n\u00fc\u015f\u00fcm planlar\u0131, buraya de\u011fin a\u00e7\u0131klanan veri tabanlar\u0131 temel al\u0131narak revize edilmeli veya yeniden haz\u0131rlanmal\u0131d\u0131r. Haz\u0131rlad\u0131\u011f\u0131m\u0131z bu projeden elde edilecek sonu\u00e7 ve \u00f6nerilerin s\u00f6zle\u015fme gere\u011fi proje sonu\u00e7 ve uygulama plan\u0131nda Ba\u015fbakanl\u0131k Afet ve Acil Durum Y\u00f6netimi Ba\u015fkanl\u0131\u011f\u0131, \u0130zmir B\u00fcy\u00fck\u015fehir Belediyesi taraf\u0131ndan taahh\u00fct edildi\u011fi \u015fekilde uygulamal\u0131d\u0131r. Uygulamalar\u0131 TUBITAK denetleyecek. Gerekti\u011fi takdirde yap\u0131lmas\u0131 zorunlu olan zemin iyile\u015ftirme projeleri mutlaka hesap ve analiz sonu\u00e7lar\u0131na dayal\u0131 olmal\u0131d\u0131r. Projedeki bulgulara g\u00f6re 1999 \u00f6ncesi in\u015fa edilmi\u015f yap\u0131lar\u0131n acilen deprem performanslar\u0131n\u0131n belirlenmesi ve gerek g\u00f6r\u00fclenlerde g\u00fc\u00e7lendirmeye gidilmesi gerekir&#8221; dedi.<\/p>\n<p style=\"text-align: justify;\"><strong>1900\u2019den sonra 6\u2019dan b\u00fcy\u00fck 48 deprem\u00a0<\/strong><\/p>\n<p style=\"text-align: justify;\">AFAD Ba\u015fkan\u0131 Murat Nurlu ise T\u00fcrkiye\u2019nin y\u00fczde 96\u2019s\u0131n\u0131n deprem tehlikesi alt\u0131nda old\u011fuunu, y\u00fczde 66\u2019s\u0131nda fay hatlar\u0131 oldu\u011funu s\u00f6yledi. Nurlu, 1900 y\u0131l\u0131ndan sonra T\u00fcrkiye\u2019de 6\u2019dan b\u00fcy\u00fck 48 deprem oldu\u011funu, 86 bin 253 can kayb\u0131 ya\u015fand\u0131\u011f\u0131n\u0131 ve 516 bin 812 hasarl\u0131 ve y\u0131k\u0131lan bina oldu\u011funu a\u00e7\u0131klad\u0131. AFAD\u2019\u0131n \u2019Ulusal Deprem Stratejisi ve Eylem Plan\u0131 2023\u2019 projesi haz\u0131rlad\u0131\u011f\u0131n\u0131 ve uygulamaya ba\u015flad\u0131\u011f\u0131n\u0131 belirten Nurlu, hedeflerinin deprem zararlar\u0131n\u0131n en aza indirmek oldu\u011funu s\u00f6yledi.<\/p>\n<p style=\"text-align: justify;\"><strong>B\u00fcy\u00fck\u015fehir belediyesi \u00e7al\u0131\u015fma yap\u0131yor\u00a0<\/strong><\/p>\n<p style=\"text-align: justify;\">B\u00fcy\u00fck\u015fehir Belediyesi Ba\u015fkanl\u0131k dan\u0131\u015fman\u0131 Muzaffer Tun\u00e7a\u011f da B\u00fcy\u00fck\u015fehir Belediyesi\u2019nin kentte deprem riskini azaltmaya \u00f6nem verdi\u011fini, bu ama\u00e7la \u00e7al\u0131\u015fmalar y\u00fcr\u00fctt\u00fc\u011f\u00fcn\u00fc, depreme kar\u015f\u0131 haz\u0131rl\u0131k yapt\u0131klar\u0131n\u0131 s\u00f6yledi. Bu kapsamda planlama \u00e7al\u0131\u015fmalar\u0131n\u0131n yap\u0131ld\u0131\u011f\u0131n\u0131, depremle ilgili plan notlar\u0131 bulunan 1\/25 bin \u00f6l\u00e7ekli \u0130zmir Kentsel B\u00f6lge Naz\u0131m Plan revizyonunun onand\u0131\u011f\u0131n\u0131 belirten Tun\u00e7a\u011f, &#8220;Ayr\u0131ca \u0130mar Y\u00f6netmeli\u011fi ve Y\u00fcksek Yap\u0131lar Y\u00f6netmeli\u011fi haz\u0131rlan\u0131p uygulanmaya ba\u015fland\u0131. Tarihsel yap\u0131lar\u0131n korunmas\u0131 ve sa\u011flamla\u015ft\u0131r\u0131lmas\u0131 i\u00e7in \u00e7al\u0131\u015fmalar yap\u0131ld\u0131. Kentsel d\u00f6n\u00fc\u015f\u00fcm ve yenileme alanlar\u0131 haz\u0131rland\u0131. Toplam 10 ayr\u0131 b\u00f6lgede bu \u00e7al\u0131\u015fmalar i\u00e7in Bakanlar Kurulu onay\u0131 bekleniyor. Kadifekale heyelan b\u00f6lgesi konutlar bo\u015falt\u0131ld\u0131. \u0130tfaiye b\u00fcnyesinde T\u00fcrkiye\u2019ye \u00f6rnek Afet M\u00fccadele birimi kuruldu&#8221; dedi.<\/p>\n<p style=\"text-align: justify;\"><a href=\"http:\/\/www.cnnturk.com\/2011\/turkiye\/09\/22\/izmir.icin.deprem.uyarisi\/630194.0\/index.html\" target=\"_blank\">Kaynak : CNN T\u00dcRK<\/a><\/p>\n","protected":false},"excerpt":{"rendered":"<p style=\"text-align: center;\">\n<p style=\"text-align: justify;\">Deprem Ara\u015ft\u0131rma ve Uygulama Merkezi M\u00fcd\u00fcr\u00fc ve Dokuz Eyl\u00fcl \u00dcniversitesi Jeofizik B\u00f6l\u00fcm Ba\u015fkan\u0131 Prof. Dr. Zafer Ak\u00e7\u0131\u011f, \u0130zmir\u2019de son y\u0131llarda Seferihisar b\u00f6lgesi ve G\u00fclbah\u00e7e fay\u0131nda hareketlili\u011fin artt\u0131\u011f\u0131 uyar\u0131s\u0131nda bulundu.<\/p>\n<p style=\"text-align: justify;\">Do\u011fru at\u0131ml\u0131 bir fay oldu\u011fu i\u00e7in bu fay\u0131n mutlaka k\u0131r\u0131lmas\u0131n\u0131 tamamlayaca\u011f\u0131n\u0131 a\u00e7\u0131klayan Prof. Dr. Ak\u00e7\u0131\u011f, yapt\u0131klar\u0131 \u00e7al\u0131\u015fmalarla \u0130zmir\u2019in yeralt\u0131 <\/p>\n","protected":false},"author":1,"featured_media":0,"comment_status":"open","ping_status":"open","sticky":false,"template":"","format":"standard","meta":{"footnotes":""},"categories":[105],"tags":[],"class_list":["post-40112","post","type-post","status-publish","format-standard","hentry","category-gundem","odd"],"_links":{"self":[{"href":"http:\/\/www.korhanyilmaz.com\/index.php?rest_route=\/wp\/v2\/posts\/40112","targetHints":{"allow":["GET"]}}],"collection":[{"href":"http:\/\/www.korhanyilmaz.com\/index.php?rest_route=\/wp\/v2\/posts"}],"about":[{"href":"http:\/\/www.korhanyilmaz.com\/index.php?rest_route=\/wp\/v2\/types\/post"}],"author":[{"embeddable":true,"href":"http:\/\/www.korhanyilmaz.com\/index.php?rest_route=\/wp\/v2\/users\/1"}],"replies":[{"embeddable":true,"href":"http:\/\/www.korhanyilmaz.com\/index.php?rest_route=%2Fwp%2Fv2%2Fcomments&post=40112"}],"version-history":[{"count":0,"href":"http:\/\/www.korhanyilmaz.com\/index.php?rest_route=\/wp\/v2\/posts\/40112\/revisions"}],"wp:attachment":[{"href":"http:\/\/www.korhanyilmaz.com\/index.php?rest_route=%2Fwp%2Fv2%2Fmedia&parent=40112"}],"wp:term":[{"taxonomy":"category","embeddable":true,"href":"http:\/\/www.korhanyilmaz.com\/index.php?rest_route=%2Fwp%2Fv2%2Fcategories&post=40112"},{"taxonomy":"post_tag","embeddable":true,"href":"http:\/\/www.korhanyilmaz.com\/index.php?rest_route=%2Fwp%2Fv2%2Ftags&post=40112"}],"curies":[{"name":"wp","href":"https:\/\/api.w.org\/{rel}","templated":true}]}}