{"id":40108,"date":"2011-09-22T23:20:14","date_gmt":"2011-09-22T20:20:14","guid":{"rendered":"http:\/\/www.korhanyilmaz.com\/?p=40108"},"modified":"2011-09-23T07:37:03","modified_gmt":"2011-09-23T04:37:03","slug":"hem-bmye-hem-israile-vurdu","status":"publish","type":"post","link":"http:\/\/www.korhanyilmaz.com\/?p=40108","title":{"rendered":"Hem BM&#8217;ye hem \u0130srail&#8217;e vurdu"},"content":{"rendered":"<p style=\"text-align: center;\"><a href=\"http:\/\/www.korhanyilmaz.com\/wp-content\/uploads\/2011\/09\/7000.jpg\"  class=\"lightview\"><img loading=\"lazy\" decoding=\"async\" class=\"aligncenter  wp-image-40109\" src=\"http:\/\/www.korhanyilmaz.com\/wp-content\/uploads\/2011\/09\/7000.jpg\" alt=\"\" width=\"305\" height=\"234\" \/><\/a><\/p>\n<p style=\"text-align: justify;\">Birle\u015fmi\u015f Milletler&#8217;de konu\u015fan Ba\u015fbakan Erdo\u011fan, &#8220;buradan bir kez daha \u0130srail&#8217;e seslenmek istiyorum: Bar\u0131\u015f\u0131n yerine ikame edilecek hi\u00e7bir \u015fey yoktur&#8221; dedi. Erdo\u011fan, &#8220;BM, Filistin halk\u0131n\u0131n ya\u015fad\u0131\u011f\u0131 insanl\u0131k dram\u0131n\u0131n sona ermesini sa\u011flayacak hi\u00e7bir ad\u0131m\u0131 atamayacak kadar aciz kalmaktad\u0131r&#8221; dedi.<\/p>\n<p style=\"text-align: justify;\">Erdo\u011fan, Birle\u015fmi\u015f Milletler (BM) 66. Genel Kurulu&#8217;na hitap etti.\u00a0<!--more--><\/p>\n<p style=\"text-align: justify;\">Ba\u015fbakan Erdo\u011fan, yapt\u0131\u011f\u0131 konu\u015fmada, \u015funlar\u0131 kaydetti: &#8220;Bizim a\u00e7\u0131m\u0131zdan Birle\u015fmi\u015f Milletler, kaba kuvvet ve zul\u00fcm yerine, uluslararas\u0131 hak ve adaleti, \u00e7at\u0131\u015fmay\u0131 de\u011fil bar\u0131\u015f\u0131, basit \u00e7\u0131kar ve denge aray\u0131\u015flar\u0131n\u0131 de\u011fil, insanl\u0131k vicdan\u0131n\u0131 hakim k\u0131lmaya \u00e7al\u0131\u015fmas\u0131 gereken bir idealin ad\u0131d\u0131r. Ben Birle\u015fmi\u015f Milletleri b\u00f6yle anl\u0131yorum. Bu idealin ger\u00e7ekle\u015fmesinin \u00f6n\u00fcndeki en b\u00fcy\u00fck engel ise yar\u0131m asr\u0131 a\u015fk\u0131n s\u00fcredir devam eden Arap-\u0130srail ihtilaf\u0131d\u0131r. Bu sorunun halen \u00e7\u00f6z\u00fclememesi, aksine her defas\u0131nda hak ve hukukun siyasi dengeler u\u011fruna heba edilmesi uluslararas\u0131 adalet duygusuna vurulan en b\u00fcy\u00fck darbedir.<\/p>\n<p style=\"text-align: justify;\">Birle\u015fmi\u015f Milletler G\u00fcvenlik Konseyi&#8217;nin bug\u00fcne kadar bu konuda ald\u0131\u011f\u0131 ba\u011flay\u0131c\u0131 nitelikteki, bunun alt\u0131n\u0131 \u00e7iziyorum, 89 karara \u0130srail uymam\u0131\u015ft\u0131r. Ayr\u0131ca Birle\u015fmi\u015f Milletler Genel Kurulu&#8217;nun yani bu \u00e7at\u0131n\u0131n alt\u0131n\u0131n ald\u0131\u011f\u0131 fakat \u0130srail&#8217;in hi\u00e7e sayd\u0131\u011f\u0131 y\u00fczlerce karar vard\u0131r. Daha da ac\u0131s\u0131, Birle\u015fmi\u015f Milletler, Filistin halk\u0131n\u0131n ya\u015fad\u0131\u011f\u0131 insanl\u0131k dram\u0131n\u0131n sona ermesini sa\u011flayacak hi\u00e7bir ad\u0131m\u0131 atamayacak kadar aciz kalmaktad\u0131r.<\/p>\n<p style=\"text-align: justify;\"><strong>BM&#8217;ye ele\u015ftiri\u00a0<\/strong><\/p>\n<p style=\"text-align: justify;\">Soruyorum, acaba, Birle\u015fmi\u015f Milletler G\u00fcvenlik Konseyi farkl\u0131 \u00fclkeler i\u00e7in bu t\u00fcr yapt\u0131r\u0131m kararlar\u0131 ald\u0131\u011f\u0131 zaman bu kararlara uymayanlara aynen \u0130srail&#8217;e uygulad\u0131\u011f\u0131 gibi sessiz mi kal\u0131yor? Yoksa yapt\u0131r\u0131mlar\u0131 Sudan&#8217;da yapt\u0131\u011f\u0131 gibi sonuna kadar uyguluyor mu? Bunu da kendimize sormak suretiyle \u015f\u00f6yle bir kendimizi check etmeliyiz. Bu durum, uluslararas\u0131 toplumun genelinde b\u00fcy\u00fck bir infiale yol a\u00e7maktad\u0131r. Bug\u00fcn gelinen noktada bu sorunun daha fazla \u00e7\u00f6z\u00fcms\u00fcz kalamayaca\u011f\u0131 ve uluslararas\u0131 toplumun art\u0131k h\u0131zla harekete ge\u00e7erek, bu kanayan yaraya bir an \u00f6nce m\u00fcdahale etmesi gerekti\u011fi a\u00e7\u0131k\u00e7a ortaya \u00e7\u0131km\u0131\u015ft\u0131r.&#8221;<\/p>\n<p style=\"text-align: justify;\"><strong>&#8220;Sorun, \u0130srail h\u00fck\u00fcmetinin tutumu&#8221;\u00a0<\/strong><\/p>\n<p style=\"text-align: justify;\">&#8220;Rahatl\u0131kla fosfor bombas\u0131n\u0131 kullanan \u0130srail, atom bombas\u0131n\u0131 bulunduran \u0130srail, buna kar\u015f\u0131 bir yapt\u0131r\u0131m yok ama \u00e7evrede b\u00f6yle bir havay\u0131 hissettikleri anda nas\u0131l yapt\u0131r\u0131m yapar\u0131z bunun gayreti i\u00e7erisine giriliyor. Adalet bu mu, bu sorulmaz m\u0131?&#8221; diye soran Erdo\u011fan, \u015f\u00f6yle devam etti:<\/p>\n<p style=\"text-align: justify;\">&#8220;Bu ba\u011flamda sorun, a\u00e7\u0131k s\u00f6yleyeyim: \u0130srail h\u00fck\u00fcmetinin tutumundan kaynaklanmaktad\u0131r. Bu \u00fclkeyi y\u00f6netenler, bar\u0131\u015f i\u00e7in gerekli ad\u0131mlar\u0131 atmak yerine her ge\u00e7en g\u00fcn bar\u0131\u015f\u0131n \u00f6n\u00fcne yeni bir engel \u00e7\u0131karmaktad\u0131r. \u0130\u015fgal alt\u0131ndaki Filistin topraklar\u0131d\u0131r \u0130srail topraklar\u0131 de\u011fil. Ne yaz\u0131k ki \u0130srail topraklar\u0131 oldu\u011funu s\u00f6ylemek, tarihle ters d\u00fc\u015fmektir. Orada Filistin topraklar\u0131 i\u015fgal alt\u0131ndad\u0131r. Orant\u0131s\u0131z g\u00fc\u00e7 kullanan \u0130srail&#8217;dir ama yapt\u0131r\u0131m uygulanmayan yine \u0130srail&#8217;dir. \u0130\u015fgal alt\u0131ndaki Filistin topraklar\u0131nda uluslararas\u0131 toplumun t\u00fcm \u00e7a\u011fr\u0131lar\u0131na kar\u015f\u0131 devam eden yasa d\u0131\u015f\u0131 yerle\u015fimler ile Gazze&#8217;ye y\u00f6nelik abluka bu kapsamda en \u00f6ne \u00e7\u0131kan iki husustur.<\/p>\n<p style=\"text-align: justify;\">Soruyorum: \u0130nsan Haklar\u0131 Evrensel Beyannamesi&#8217;nde herhangi bir toplumu uluslararas\u0131 ili\u015fkilerden veya insani m\u00fcnasebetlerden tecrit etmek veya soyutlamak gibi bir \u015fey var m\u0131d\u0131r? Benim okudu\u011fum \u0130nsan Haklar\u0131 Evrensel Beyannamesi&#8217;nde b\u00f6yle bir \u015fey yok. Bir sand\u0131k domatesi Filistin&#8217;e sokmak isterseniz \u0130srail&#8217;in iznine tabisiniz ben bunu insani olarak g\u00f6rm\u00fcyorum.&#8221;<\/p>\n<p style=\"text-align: justify;\"><strong>&#8220;Bir kez daha \u0130srail&#8217;e sesleniyorum&#8221;\u00a0<\/strong><\/p>\n<p style=\"text-align: justify;\">\u0130srail&#8217;i y\u00f6netenlerin, art\u0131k bir tercih yapmas\u0131 gerekti\u011fine i\u015faret eden Ba\u015fbakan Erdo\u011fan, \u015f\u00f6yle devam etti: &#8220;Birle\u015fmi\u015f Milletler sistemindeki bo\u015fluklar, belirli \u00fclkelerdeki lobiler \u0130srail&#8217;e gayrime\u015fru eylemlerinden dolay\u0131 uluslararas\u0131 hukuk ve adaletten ka\u00e7ma imkan\u0131 verecektir. Ancak, \u0130srail&#8217;in bug\u00fcn en \u00e7ok ihtiya\u00e7 g\u00fcvenli\u011fi, \u00f6zellikle s\u00f6yl\u00fcyorum, kendisi i\u00e7in bekledi\u011fi o g\u00fcveni sa\u011flamayacakt\u0131r. \u0130srail&#8217;i y\u00f6netenlerin, ger\u00e7ek g\u00fcvenli\u011fin ancak ger\u00e7ek bar\u0131\u015f\u0131n in\u015fa edilmesiyle m\u00fcmk\u00fcn olabilece\u011fini g\u00f6rmeleri gerekmektedir.<\/p>\n<p style=\"text-align: justify;\">Buradan bir kez daha \u0130srail&#8217;e seslenmek istiyorum. Bar\u0131\u015f\u0131n yerine ikame edilecek hi\u00e7bir \u015fey yoktur. Bug\u00fcn kar\u015f\u0131la\u015ft\u0131\u011f\u0131n\u0131z mesele, sadece basit bir &#8216;g\u00fcvenlik i\u00e7in bar\u0131\u015f&#8217; denklemi de\u011fildir. Ortado\u011fu&#8217;da ye\u015fermeye ba\u015flayan yeni siyasi ve be\u015feri co\u011frafyay\u0131 do\u011fru okuyarak, s\u00fcrekli bir \u00e7at\u0131\u015fma ve ihtilaf halini s\u00fcrd\u00fcrmenin art\u0131k m\u00fcmk\u00fcn olamayaca\u011f\u0131n\u0131 g\u00f6rmeniz gerekmektedir. Uluslararas\u0131 toplum olarak Birle\u015fmi\u015f Milletlerin kurulu\u015f gayesi olan uluslararas\u0131 bar\u0131\u015f ve g\u00fcvenli\u011fin tesisi idealine inan\u0131yorsak, \u0130srail&#8217;i, bu \u00fclkeyi y\u00f6netenlere ra\u011fmen bar\u0131\u015f i\u00e7in zorlamak, bu \u00fclkeye hukukun \u00fcst\u00fcnde olmad\u0131\u011f\u0131n\u0131 a\u00e7\u0131k bir \u015fekilde g\u00f6stermek gerekmektedir.&#8221;<\/p>\n<p style=\"text-align: justify;\"><strong>&#8220;Filistin&#8217;in tan\u0131nmas\u0131na deste\u011fimiz ko\u015fulsuzdur&#8221;\u00a0<\/strong><\/p>\n<p style=\"text-align: justify;\">Erdo\u011fan, bu do\u011frultuda at\u0131lmas\u0131 gereken en \u00f6nemli ad\u0131mlardan birisinin, Filistin halk\u0131n\u0131n devlet olarak tan\u0131nma y\u00f6n\u00fcndeki hakl\u0131 talebinin kar\u015f\u0131lanmas\u0131 ve Filistin devletinin temsilcilerinin de bu y\u00fcce kurulda BM \u00fcyesi olarak hak etti\u011fi yeri almas\u0131 oldu\u011funu vurgulayarak, \u015funlar\u0131 s\u00f6yledi:<\/p>\n<p style=\"text-align: justify;\">&#8220;Asl\u0131nda Birle\u015fmi\u015f Milletler 1947 y\u0131l\u0131nda 181 say\u0131l\u0131 kararla Filistin&#8217;i devlet olarak ilan etmi\u015fti ama ne yaz\u0131k ki bu uygulamaya konulmad\u0131. T\u00fcrkiye&#8217;nin Filistin devletinin tan\u0131nmas\u0131na deste\u011fi ko\u015fulsuzdur. T\u00fcrkiye, Ortado\u011fu co\u011frafyas\u0131nda bar\u0131\u015f\u0131n hakim k\u0131l\u0131nmas\u0131 i\u00e7in her t\u00fcrl\u00fc \u00e7abay\u0131 sarf etmeye haz\u0131rd\u0131r. Bu ba\u011flamda Arap-\u0130srail ihtilaf\u0131n\u0131n \u00e7\u00f6z\u00fcme kavu\u015fturulmas\u0131, Filistin devletinin tan\u0131nmas\u0131, Filistinliler aras\u0131 i\u00e7 uzla\u015fman\u0131n sa\u011flanmas\u0131, Gazze halk\u0131n\u0131n maruz kald\u0131\u011f\u0131 gayri hukuki ablukan\u0131n kald\u0131r\u0131lmas\u0131 i\u00e7in bundan b\u00f6yle de aktif tutum izlemeye devam edecektir.<\/p>\n<p style=\"text-align: justify;\">Bu tutumumuz, b\u00f6lgesel bar\u0131\u015f ve istikrar ile uluslararas\u0131 hak ve hukuka y\u00f6nelik bak\u0131\u015f\u0131m\u0131z\u0131n ve bu ba\u011flamdaki sorumluluk hissimizin do\u011fal bir sonucudur. Nitekim bir insani yard\u0131m konvoyuna, 33 \u00fclkeden insanlar\u0131n bulundu\u011fu bir insani yard\u0131m konvoyuna denizden ve havadan uluslararas\u0131 sularda sald\u0131rmak suretiyle 9 vatanda\u015f\u0131m\u0131z\u0131n \u015fehit edilmesi konusuna seyirci kalmak herhalde m\u00fcmk\u00fcn de\u011fildir. \u0130srail&#8217;e g\u00f6sterdi\u011fimiz tepki de bu tutumumuzun bir neticesidir. T\u00fcrkiye, bug\u00fcne de\u011fin hi\u00e7bir devlete kar\u015f\u0131 hasmane ve \u00e7at\u0131\u015fmac\u0131 politikalar izlememi\u015f, dostluk ve i\u015fbirli\u011fini esas alan bir d\u0131\u015f politika anlay\u0131\u015f\u0131yla hareket etmi\u015ftir. \u0130srail de bundan ari de\u011fildir ancak \u0130srail, kendisine kar\u015f\u0131 tarih boyunca dost\u00e7a yakla\u015fan bir \u00fclkeye ve bu \u00fclkenin halk\u0131na kar\u015f\u0131 vahim bir yanl\u0131\u015f yapm\u0131\u015f, dahas\u0131 bu yanl\u0131\u015f\u0131n\u0131 g\u00f6rmemekte \u0131srar etmi\u015ftir.<\/p>\n<p style=\"text-align: justify;\">\u0130srail&#8217;den taleplerimiz ortadad\u0131r, \u00f6z\u00fcr dileyecektir, \u015fehitlerimizin ailelerine tazminat \u00f6deyecektir ve Gazze&#8217;den ablukay\u0131 kald\u0131racakt\u0131r. \u0130srail yanl\u0131\u015f\u0131n\u0131 d\u00fczeltip bu taleplerimizi kar\u015f\u0131layacak ad\u0131mlar\u0131 atmad\u0131k\u00e7a bu tavr\u0131m\u0131z de\u011fi\u015fmeyecektir.&#8221;<\/p>\n<p style=\"text-align: justify;\"><strong>&#8220;\u0130srail halk\u0131yla sorunumuz yok&#8221;\u00a0<\/strong><\/p>\n<p style=\"text-align: justify;\">Ba\u015fbakan Erdo\u011fan, &#8220;Bu k\u00fcrs\u00fcden \u00f6zellikle vurgulamak istiyorum: \u0130srail halk\u0131 ile sorunumuz yoktur. Sorun, \u015fimdiki \u0130srail h\u00fck\u00fcmetinin sald\u0131rgan politikalar\u0131ndan kaynaklanmaktad\u0131r. Nitekim \u00f6nceki \u0130srail h\u00fck\u00fcmetleri d\u00f6neminde \u00e7ok yap\u0131c\u0131 \u00e7al\u0131\u015fmalar yapt\u0131k, pek \u00e7ok konuda ilerleme kaydettik. \u015eimdi ise gerilimin kayna\u011f\u0131 sadece sadece mevcut \u0130srail h\u00fck\u00fcmetidir. T\u00fcrkiye uluslararas\u0131 alanda s\u00f6z\u00fcne g\u00fcvenilir, dostlu\u011fu ve i\u015fbirli\u011fi aran\u0131r bir \u00fclkedir. \u0130zledi\u011fimiz bu ilkeli ve kararl\u0131 siyasetten asla taviz vermeyece\u011fiz&#8221; diye konu\u015ftu.<\/p>\n<p style=\"text-align: justify;\"><strong>Rumlara mesaj\u00a0<\/strong><\/p>\n<p style=\"text-align: justify;\">Erdo\u011fan, konu\u015fmas\u0131nda &#8220;K\u0131br\u0131s&#8217;ta yar\u0131m as\u0131rd\u0131r devam eden sorunun, art\u0131k adil, kapsaml\u0131 ve kal\u0131c\u0131 bir \u00e7\u00f6z\u00fcme kavu\u015fmas\u0131 gerekti\u011fini&#8221; vurgulad\u0131.<\/p>\n<p style=\"text-align: justify;\">Erdo\u011fan, konu\u015fmas\u0131n\u0131 \u015f\u00f6yle s\u00fcrd\u00fcrd\u00fc: &#8220;2004 y\u0131l\u0131ndaki BM Plan\u0131, \u00e7\u00f6z\u00fcm\u00fcn parametrelerinin belli oldu\u011funu, ancak Rum taraf\u0131nda \u00e7\u00f6z\u00fcm iradesinin olmad\u0131\u011f\u0131n\u0131 g\u00f6stermi\u015ftir. T\u00fcrk taraf\u0131, her zaman \u00e7\u00f6z\u00fcm y\u00f6n\u00fcnde iradesini ortaya koymas\u0131na ra\u011fmen halen izolasyondan kurtulamam\u0131\u015ft\u0131r. Buna ra\u011fmen, K\u0131br\u0131s T\u00fcrk taraf\u0131 \u00e7\u00f6z\u00fcme ve bar\u0131\u015fa olan ba\u011fl\u0131l\u0131\u011f\u0131n\u0131 korumu\u015f, BM g\u00f6zetiminde yeniden ba\u015flat\u0131lan m\u00fczakerelere iyi niyetle kat\u0131lm\u0131\u015ft\u0131r.<\/p>\n<p style=\"text-align: justify;\">Hedef, m\u00fczakerelerin bu y\u0131l sonuna kadar sonu\u00e7land\u0131r\u0131lmas\u0131 ve \u00e7\u00f6z\u00fcm plan\u0131n\u0131n gelecek sene ba\u015f\u0131nda referandumlarda onaylanmas\u0131n\u0131 takiben birle\u015fik yeni K\u0131br\u0131s&#8217;\u0131n Avrupa Birli\u011fi i\u00e7indeki yerini almas\u0131d\u0131r. T\u00fcrkiye olarak biz de s\u00f6z konusu takvim \u00e7er\u00e7evesinde bir an evvel \u00e7\u00f6z\u00fcme ula\u015f\u0131lmas\u0131 i\u00e7in her t\u00fcrl\u00fc deste\u011fi vermeye devam edece\u011fiz.<\/p>\n<p style=\"text-align: justify;\">Ancak, Rum taraf\u0131n\u0131n uzla\u015fmaz tutumu buna izin vermedi\u011fi takdirde, K\u0131br\u0131s T\u00fcrk halk\u0131n\u0131n gelece\u011finin bu \u015fekilde ilanihaye s\u00fcr\u00fcncemede b\u0131rak\u0131lmas\u0131na art\u0131k daha fazla bir garant\u00f6r \u00fclke olarak izin vermeyece\u011fimizi de vurgulamak isterim. Rum taraf\u0131n\u0131n i\u00e7inde bulundu\u011fumuz kritik a\u015famada, Ada&#8217;n\u0131n tek y\u00f6netimiymi\u015f veya K\u0131br\u0131s T\u00fcrkleri ad\u0131na da karar verme yetkisi varm\u0131\u015f gibi hareket etmesini kabul edemeyiz.<\/p>\n<p style=\"text-align: justify;\">Rum taraf\u0131n\u0131n kendi ba\u015f\u0131na deniz yetki alanlar\u0131 belirlemeye, bu alanlarda petrol ve do\u011falgaz aramaya kalk\u0131\u015fmas\u0131, zamanlamas\u0131 ve muhtemel sonu\u00e7lar\u0131 bak\u0131m\u0131ndan son derece sorumsuz bir davran\u0131\u015ft\u0131r. Rum taraf\u0131n\u0131n adeta bir kriz \u00e7\u0131karmaya y\u00f6nelik bu tek yanl\u0131 hareketleri kar\u015f\u0131s\u0131nda T\u00fcrkiye ve T\u00fcrk taraf\u0131 sa\u011fduyu i\u00e7inde hareket edecek, ancak uluslararas\u0131 hukuktan kaynaklanan haklar\u0131n\u0131 da koruyacakt\u0131r. \u015eimdi ilgili t\u00fcm taraflardan beklentimiz, Rum y\u00f6netiminin sadece adada de\u011fil, t\u00fcm b\u00f6lgede gerginli\u011fe neden olabilecek bu giri\u015fimlerinin durdurulmas\u0131 y\u00f6n\u00fcnde etkin \u00e7aba sarf etmeleridir. Aksi takdirde biz de gere\u011fini yapaca\u011f\u0131z.&#8221;<\/p>\n<p style=\"text-align: justify;\"><strong>Somali\u00a0<\/strong><\/p>\n<p style=\"text-align: justify;\">Somali&#8217;deki dram\u0131 da g\u00fcndeme getiren Ba\u015fbakan Erdo\u011fan, \u015funlar\u0131 kaydetti: &#8220;Uluslararas\u0131 toplumun da Birle\u015fmi\u015f Milletlerin de tarihi bir s\u0131navdan ge\u00e7ti\u011fi bir d\u00f6nemdeyiz. A\u00e7\u0131k s\u00f6ylemek zorundayd\u0131m ki; Birle\u015fmi\u015f Milletler, bug\u00fcn insanl\u0131\u011f\u0131n umutlar\u0131n\u0131 insanl\u0131\u011f\u0131n gelece\u011fini tehdit eden korkulara galip k\u0131lacak bir liderlik sergileyemiyor. BM, belli \u00fclkelerin \u00e7\u0131karlar\u0131 ve vesayeti istikametinde de\u011fil, b\u00fct\u00fcn insanl\u0131\u011f\u0131n hukukunu korumay\u0131 esas almak \u00fczere yeniden yap\u0131lanmak ve vizyonunu yenilemek zorundad\u0131r.<\/p>\n<p style=\"text-align: justify;\">BM&#8217;nin ve uluslararas\u0131 toplumun acil sorunlar kar\u015f\u0131s\u0131nda ne b\u00fcy\u00fck acz i\u00e7inde oldu\u011funu ge\u00e7ti\u011fimiz ay Somali&#8217;de bizzat g\u00f6rd\u00fcm. Somali&#8217;de g\u00f6rd\u00fc\u011f\u00fcm yoksullu\u011fu ve ac\u0131y\u0131 tarif etmem imkans\u0131zd\u0131r. Duyarak konu\u015fmuyorum, bizzat yerinde, bakan arkada\u015flarla ailemle g\u00f6rmek suretiyle bir lokma ekmek ve bir damla su ihtiyac\u0131 kar\u015f\u0131lanmad\u0131\u011f\u0131 i\u00e7in on binlerce \u00e7ocu\u011fun \u00f6ld\u00fc\u011f\u00fc &#8216;Somali facias\u0131&#8217; bir ka\u00e7 kelimeyle veyahutla birka\u00e7 c\u00fcmleyle ge\u00e7i\u015ftirilecek bir konu de\u011fildir. Bu uluslararas\u0131 toplum i\u00e7in y\u00fcz karas\u0131d\u0131r. 20 y\u0131ld\u0131r ya\u015fanan i\u00e7 sava\u015f Somali&#8217;nin b\u00fct\u00fcn hayat kaynaklar\u0131n\u0131 kurutmu\u015f durumda. Somali halk\u0131, d\u00fcnyan\u0131n g\u00f6z\u00fc \u00f6n\u00fcnde ad\u0131m ad\u0131m \u00f6l\u00fcme s\u00fcr\u00fckleniyor. Bug\u00fcn uluslararas\u0131 toplum, orada ya\u015fanan ac\u0131y\u0131 adeta bir film gibi kay\u0131ts\u0131zca seyrediyor.&#8221;<\/p>\n<p style=\"text-align: justify;\">Erdo\u011fan, Somali kaynakl\u0131 korsanl\u0131k ve ter\u00f6rizmle m\u00fccadelede sonu\u00e7 al\u0131nabilmesi i\u00e7in de acilen i\u00e7 sava\u015f\u0131n durdurulmas\u0131 ve \u00fclkenin demokratik birle\u015fik bir y\u00f6netime kavu\u015fmas\u0131 gerekti\u011fine i\u015faret etti.<\/p>\n<p style=\"text-align: justify;\"><a href=\"http:\/\/www.cnnturk.com\/2011\/dunya\/09\/22\/hem.bmye.hem.israile.vurdu\/630234.0\/index.html\" target=\"_blank\">Kaynak : CNN T\u00dcRK<\/a><\/p>\n","protected":false},"excerpt":{"rendered":"<p style=\"text-align: center;\">\n<p style=\"text-align: justify;\">Birle\u015fmi\u015f Milletler&#8217;de konu\u015fan Ba\u015fbakan Erdo\u011fan, &#8220;buradan bir kez daha \u0130srail&#8217;e seslenmek istiyorum: Bar\u0131\u015f\u0131n yerine ikame edilecek hi\u00e7bir \u015fey yoktur&#8221; dedi. Erdo\u011fan, &#8220;BM, Filistin halk\u0131n\u0131n ya\u015fad\u0131\u011f\u0131 insanl\u0131k dram\u0131n\u0131n sona ermesini sa\u011flayacak hi\u00e7bir ad\u0131m\u0131 atamayacak kadar aciz kalmaktad\u0131r&#8221; dedi.<\/p>\n<p style=\"text-align: justify;\">Erdo\u011fan, Birle\u015fmi\u015f Milletler (BM) 66. Genel Kurulu&#8217;na hitap etti. <\/p>\n","protected":false},"author":1,"featured_media":0,"comment_status":"open","ping_status":"open","sticky":false,"template":"","format":"standard","meta":{"footnotes":""},"categories":[105],"tags":[],"class_list":["post-40108","post","type-post","status-publish","format-standard","hentry","category-gundem","odd"],"_links":{"self":[{"href":"http:\/\/www.korhanyilmaz.com\/index.php?rest_route=\/wp\/v2\/posts\/40108","targetHints":{"allow":["GET"]}}],"collection":[{"href":"http:\/\/www.korhanyilmaz.com\/index.php?rest_route=\/wp\/v2\/posts"}],"about":[{"href":"http:\/\/www.korhanyilmaz.com\/index.php?rest_route=\/wp\/v2\/types\/post"}],"author":[{"embeddable":true,"href":"http:\/\/www.korhanyilmaz.com\/index.php?rest_route=\/wp\/v2\/users\/1"}],"replies":[{"embeddable":true,"href":"http:\/\/www.korhanyilmaz.com\/index.php?rest_route=%2Fwp%2Fv2%2Fcomments&post=40108"}],"version-history":[{"count":0,"href":"http:\/\/www.korhanyilmaz.com\/index.php?rest_route=\/wp\/v2\/posts\/40108\/revisions"}],"wp:attachment":[{"href":"http:\/\/www.korhanyilmaz.com\/index.php?rest_route=%2Fwp%2Fv2%2Fmedia&parent=40108"}],"wp:term":[{"taxonomy":"category","embeddable":true,"href":"http:\/\/www.korhanyilmaz.com\/index.php?rest_route=%2Fwp%2Fv2%2Fcategories&post=40108"},{"taxonomy":"post_tag","embeddable":true,"href":"http:\/\/www.korhanyilmaz.com\/index.php?rest_route=%2Fwp%2Fv2%2Ftags&post=40108"}],"curies":[{"name":"wp","href":"https:\/\/api.w.org\/{rel}","templated":true}]}}