{"id":40103,"date":"2011-09-22T14:42:16","date_gmt":"2011-09-22T11:42:16","guid":{"rendered":"http:\/\/www.korhanyilmaz.com\/?p=40103"},"modified":"2011-09-22T16:03:52","modified_gmt":"2011-09-22T13:03:52","slug":"gereginde-savas-da-yapilir","status":"publish","type":"post","link":"http:\/\/www.korhanyilmaz.com\/?p=40103","title":{"rendered":"&#8220;Gere\u011finde sava\u015f da yap\u0131l\u0131r&#8221;"},"content":{"rendered":"<p style=\"text-align: center;\"><a href=\"http:\/\/www.korhanyilmaz.com\/wp-content\/uploads\/2011\/09\/5131.jpg\"  class=\"lightview\"><img loading=\"lazy\" decoding=\"async\" class=\"aligncenter  wp-image-40104\" src=\"http:\/\/www.korhanyilmaz.com\/wp-content\/uploads\/2011\/09\/5131.jpg\" alt=\"\" width=\"399\" height=\"224\" \/><\/a><\/p>\n<p style=\"text-align: justify;\">Amerikan PBS televizyonunda \u00fcnl\u00fc sunucu Charlie Rose&#8217;un konu\u011fu olan Ba\u015fbakan Recep Tayyip Erdo\u011fan, &#8220;\u0130srail&#8217;in sald\u0131r\u0131s\u0131n\u0131 bir sava\u015f sebebi olarak g\u00f6r\u00fcyorsunuz de\u011fil mi&#8221; sorusuna &#8220;Gere\u011finde bu da yap\u0131l\u0131r. Ama biz b\u00fcy\u00fck devlet olman\u0131n gere\u011fi olarak buna sab\u0131rl\u0131 davrand\u0131k&#8221; yan\u0131t\u0131n\u0131 verdi.<!--more--><\/p>\n<p style=\"text-align: justify;\">Anadolu Ajans\u0131&#8217;n\u0131n haberine g\u00f6re, BM Genel Kurulu toplant\u0131lar\u0131 i\u00e7in New York&#8217;ta bulunan Ba\u015fbakan Erdo\u011fan kat\u0131ld\u0131\u011f\u0131 programda, \u201c\u0130srail kar\u015f\u0131t\u0131 s\u00f6ylemlerin arkas\u0131nda, Arap devletleri aras\u0131nda daha fazla sayg\u0131nl\u0131k ve pop\u00fclarite kazanma niyeti mi var\u201d \u015feklindeki soru \u00fczerine, \u201c\u015eunu a\u00e7\u0131k konu\u015fay\u0131m. Bizim bir pop\u00fclarite derdimiz yok. Biz do\u011fruyu, hakk\u0131 s\u00f6ylemek zorunday\u0131z. Adaletin gere\u011fi bu. Benim partimin ad\u0131 Adalet ve Kalk\u0131nma Partisi. \u00d6nce adalet. Adalet olmadan kalk\u0131nma olmaz&#8221; dedi.<\/p>\n<p style=\"text-align: justify;\">Ba\u015fbakan Erdo\u011fan s\u00f6zlerini, &#8220;E\u011fer bir yerde zul\u00fcm varsa biz bu zulme seyirci kalamay\u0131z. Burada bir zul\u00fcm var. Hele hele benim 9 vatanda\u015f\u0131m\u0131n \u00f6ld\u00fcr\u00fclmesi olay\u0131 asl\u0131nda bir sava\u015f sebebidir. Ama biz bunu bir sava\u015f sebebi bile saymad\u0131k. B\u00fcy\u00fck devlet olman\u0131n gere\u011fi sabrettik\u201d diye s\u00fcrd\u00fcrd\u00fc.<\/p>\n<p style=\"text-align: justify;\">\u201cAma bunu, \u0130srail&#8217;in sald\u0131r\u0131s\u0131n\u0131 bir sava\u015f sebebi olarak g\u00f6r\u00fcyorsunuz de\u011fil mi\u201d sorusunu Erdo\u011fan, \u201cGere\u011finde bu da yap\u0131l\u0131r. Ama biz b\u00fcy\u00fck devlet olman\u0131n gere\u011fi olarak buna sab\u0131rl\u0131 davrand\u0131k. Acaba Amerika&#8217;n\u0131n vatanda\u015flar\u0131n\u0131n b\u00f6yle 9 tanesi uluslararas\u0131 sularda herhangi bir devlet taraf\u0131ndan \u00f6ld\u00fcr\u00fclm\u00fc\u015f olsa &#8216;iyi yapt\u0131n\u0131z&#8217; der mi? Ho\u015f kar\u015f\u0131lar m\u0131? Bizim bak\u0131\u015f\u0131m\u0131z, yakla\u015f\u0131m\u0131m\u0131z da \u015fu anda budur\u201d diye yan\u0131tlad\u0131.<\/p>\n<p style=\"text-align: justify;\"><strong>\u0130SRA\u0130LL\u0130 GAZETEC\u0130YE ANLAMLI CEVAP\u00a0<\/strong><\/p>\n<p style=\"text-align: justify;\">Ba\u015fbakan Erdo\u011fan&#8217;a T\u00fcrkiye-\u0130srail ili\u015fkileriyle ilgili soru y\u00f6nelten bir ba\u015fka gazeteci ise Maariv muhabiri Tzach Yoked&#8217;di.<\/p>\n<p style=\"text-align: justify;\">Erdo\u011fan d\u00fcn New York&#8217;taki BM binas\u0131ndan y\u00fcr\u00fcyerek, T\u00fcrk Evi\u2019ne ge\u00e7erken \u0130srailli muhabir Tzach Yoked taraf\u0131ndan yolu kesildi.<\/p>\n<p style=\"text-align: justify;\">Hamle yaparak soru sormak isteyen gazeteci Ba\u015fbakanl\u0131k korumalar\u0131na tak\u0131ld\u0131. \u00c7antas\u0131 arand\u0131ktan sonra izin verilen gazeteci Yoked\u2019in \u201c\u0130srail halk\u0131 ile ilgili ne d\u00fc\u015f\u00fcn\u00fcyorsunuz?\u201d sorusuna Erdo\u011fan \u015fu yan\u0131t\u0131 verdi:<\/p>\n<p style=\"text-align: justify;\">\u201cUluslararas\u0131 sularda vah\u015fi bir katliamdan sonra \u0130srail halk\u0131na de\u011fil, \u0130srail y\u00f6netimine s\u00f6yleyecek s\u00f6z\u00fcm var. \u00d6z\u00fcr dileyecekler. Tazminat\u0131 \u00f6deyecekler, Gazze\u2019ye ambargoyu da kald\u0131racaklar. Yoksa bizim \u0130srail halk\u0131yla sorunumuz yok. Sorun kendi i\u00e7inde bar\u0131\u015f\u0131k olmayan \u0130srail y\u00f6netimindedir. Bunun d\u0131\u015f\u0131nda s\u00f6yleyecek bir s\u00f6z\u00fcm\u00fcz yok.\u201d<!--nextpage--><\/p>\n<p style=\"text-align: justify;\"><span style=\"color: #993300;\"><strong><span style=\"font-size: medium;\">Erdo\u011fan&#8217;\u0131n Charlie Rose r\u00f6portaj\u0131n\u0131n tam metni<\/span><\/strong><\/span><\/p>\n<p style=\"text-align: justify;\">Ba\u015fbakan Recep Tayyip Erdo\u011fan, \u201c\u0130srail belli bir ekonomik g\u00fcce, belli bir silah g\u00fcc\u00fcne sahip. S\u00f6yledi\u011fi ne? &#8216;Filistin&#8217;in elinde silah\u0131 olmayacak&#8217;. Senin elinde atom bombas\u0131na kadar her \u015fey var, Filistinlilerin elinde bir tane silah dahi olmayacak. Bu bir ak\u0131l tutulmas\u0131d\u0131r. Bunun ak\u0131lla mant\u0131kla izah\u0131 olmaz\u201d dedi.<\/p>\n<p style=\"text-align: justify;\">Erdo\u011fan, PBS televizyonunda \u00fcnl\u00fc sunucu Charlie Rose&#8217;un sorular\u0131n\u0131 yan\u0131tlad\u0131. Erdo\u011fan, Rose&#8217;un \u201c\u0130srail kar\u015f\u0131tl\u0131\u011f\u0131na\u201d ili\u015fkin sorusu \u00fczerine \u201cBizim T\u00fcrkiye olarak \u0130srail halk\u0131na kar\u015f\u0131 herhangi bir olumsuzlu\u011fumuz yok. Burada bizim yakla\u015f\u0131m\u0131m\u0131z \u0130srail y\u00f6netimine kar\u015f\u0131d\u0131r\u201d diye konu\u015ftu.<\/p>\n<p style=\"text-align: justify;\">Erdo\u011fan, s\u00f6zlerini \u015f\u00f6yle s\u00fcrd\u00fcrd\u00fc:<\/p>\n<p style=\"text-align: justify;\">\u201c\u0130srail y\u00f6netimi biliyorsunuz uluslararas\u0131 sularda \u00fc\u00e7 gemi ki bunlar\u0131n bir tanesi 33 \u00fclkeden insan\u0131n i\u00e7inde oldu\u011fu, 400&#8217;\u00fc a\u015fk\u0131n insan\u0131n oldu\u011fu bir gemi, bu gemiye denizden ve havadan sald\u0131r\u0131da bulundular. Ve bunun neticesinde 9 ki\u015fi \u015fehit oldu. Ayr\u0131ca yaral\u0131 var. Tabii uluslararas\u0131 sularda b\u00f6yle bir sald\u0131r\u0131n\u0131n yap\u0131lmas\u0131 uluslararas\u0131 hukuka ayk\u0131r\u0131d\u0131r. \u0130nsani de\u011fildir, vicdani de\u011fildir ve Cenevre\u2019deki \u0130nsan Haklar\u0131 Komisyonunun da a\u00e7\u0131klamas\u0131na g\u00f6re &#8216;al\u00e7akl\u0131kt\u0131r&#8217; ifadesi kullan\u0131lm\u0131\u015ft\u0131r.<\/p>\n<p style=\"text-align: justify;\">\u015eimdi biz buradan hareketle diyoruz ki bu konuda -bunlar\u0131n bir tanesi de T\u00fcrk as\u0131ll\u0131 Amerikan vatanda\u015f\u0131d\u0131r \u00f6lenlerden bir tanesi- ve bundan dolay\u0131 \u0130srail \u00f6z\u00fcr dilemek zorundad\u0131r, tazminat \u00f6demek durumundad\u0131r, \u00fc\u00e7\u00fcnc\u00fcs\u00fc de Gazze&#8217;ye olan ambargoyu kald\u0131rmak durumundad\u0131r. \u0130srail zaman zaman, oldu olacak yakla\u015f\u0131mlarda bulundu. Daha sonra vazge\u00e7ti\u011fini ifade etti. Vazge\u00e7er veya ge\u00e7mez, ama bu T\u00fcrkiye gibi bir dostunu kaybetmesine neden olmu\u015ftur. \u00c7\u00fcnk\u00fc bu anlay\u0131\u015fla, bu yakla\u015f\u0131mla T\u00fcrkiye ile \u0130srail aras\u0131ndaki ili\u015fkilerin normalle\u015fmesi m\u00fcmk\u00fcn de\u011fildir. \u00c7\u00fcnk\u00fc b\u00fct\u00fcn bu gerilimlerin tek sebebi vard\u0131r, o da \u0130srail&#8217;in \u015fu andaki y\u00f6netimidir. \u0130srail halk\u0131 de\u011fil. \u00c7\u00fcnk\u00fc \u0130srail halk\u0131n\u0131n da ben bu y\u00f6netimden memnun oldu\u011funu zannetmiyorum.\u201d<\/p>\n<p style=\"text-align: justify;\"><strong>\u201c\u00dc\u00c7 MADDE YER\u0130NE GET\u0130R\u0130LMEDEN \u0130L\u0130\u015eK\u0130LER NORMALLE\u015eMEZ\u201d<\/strong><\/p>\n<p style=\"text-align: justify;\">Ba\u015fbakan Erdo\u011fan, \u201c\u0130srail ile normal ili\u015fki kurmak kesinlikle m\u00fcmk\u00fcn de\u011fil mi\u201d sorusunu, \u201cBu \u015fekilde giderse, \u00f6z\u00fcr dilemezse, tazminat \u00f6demezse, Gazze&#8217;ye ambargoyu kald\u0131rmazsa bu normalle\u015fme m\u00fcmk\u00fcn de\u011fil. \u00dc\u00e7 maddenin olmas\u0131 laz\u0131m\u201d diye yan\u0131tlad\u0131.<\/p>\n<p style=\"text-align: justify;\">Rose&#8217;un, \u201c\u0130srail&#8217;e \u015f\u0131mar\u0131k \u00e7ocuk dediniz, sald\u0131rgan dediniz, bu t\u00fcr bir dil kullanman\u0131n bir faydas\u0131 var m\u0131\u201d sorusuna da \u201cEvet\u201d yan\u0131t\u0131n\u0131 veren Erdo\u011fan, bunun nedeninin sorulmas\u0131 \u00fczerine \u015funlar\u0131 s\u00f6yledi:<\/p>\n<p style=\"text-align: justify;\">\u201c\u015eu anda ben tabii, olan ger\u00e7ekler \u00fczerinden gidiyorum. Yani \u0130srail Bat\u0131\u2019n\u0131n \u015f\u0131mar\u0131k \u00e7ocu\u011fudur. Hala ayn\u0131 \u015feyi s\u00f6yl\u00fcyorum. \u00d6rne\u011fin \u0130srail ile ilgili BM G\u00fcvenlik Konseyinin, BM Genel Kurulu\u2019nun vermi\u015f oldu\u011fu bunca kararlar vard\u0131r. Bunca kararlara ra\u011fmen Bat\u0131 hi\u00e7bir zaman -buna Amerika da dahil- yapt\u0131r\u0131m uygulamam\u0131\u015ft\u0131r. Ama bu yapt\u0131r\u0131m ba\u015fka yerlere uygulanm\u0131\u015ft\u0131r. \u00d6rne\u011fin bir Sudan\u2019\u0131n G\u00fcney-Kuzey ayr\u0131lmas\u0131nda Kuzey Sudan&#8217;a bu yapt\u0131r\u0131m uygulanm\u0131\u015ft\u0131r, bask\u0131 uygulanm\u0131\u015ft\u0131r. Bu ayn\u0131 durum, \u0130srail i\u00e7in s\u00f6z konusu de\u011fildir. \u0130srail Filistin m\u00fcnasebetlerinde b\u00f6yle bir \u015fey maalesef olmam\u0131\u015ft\u0131r. Halbuki biliyorsunuz \u0130srail\u2019in, Filistin&#8217;in devlet olarak tan\u0131nmas\u0131 ta 1947&#8217;ye dayan\u0131yor. 181 No\u2019lu kararla daha o zaman bu ad\u0131m at\u0131ld\u0131. Ama o g\u00fcnden bug\u00fcne hala Filistin&#8217;in devlet olarak tan\u0131nmas\u0131 s\u00fcrecine yard\u0131mc\u0131 olunmuyor. O ad\u0131m\u0131 art\u0131k atmak laz\u0131m. Ve her zaman s\u00f6ylenen nedir? Filistin&#8217;de Ortado\u011fu&#8217;da iki devlet, \u0130srail, Filistin devleti. B\u00f6yle tan\u0131nd\u0131\u011f\u0131na g\u00f6re ni\u00e7in bunu uygulamaya koymuyoruz? Bu halka zulmetmek niye?\u201d.<\/p>\n<p style=\"text-align: justify;\"><strong>\u201cPOP\u00dcLAR\u0130TE DERD\u0130M\u0130Z YOK, DO\u011eRUYU, HAKKI S\u00d6YLEMEK DURUMUNDAYIZ\u201d<\/strong><\/p>\n<p style=\"text-align: justify;\">Ba\u015fbakan Erdo\u011fan, \u201c\u0130srail kar\u015f\u0131t\u0131 s\u00f6ylemlerin arkas\u0131nda, Arap devletleri aras\u0131nda daha fazla sayg\u0131nl\u0131k ve pop\u00fclarite kazanma niyeti mi var\u201d \u015feklindeki soru \u00fczerine, \u201c\u015eunu a\u00e7\u0131k konu\u015fay\u0131m. Bizim bir pop\u00fclarite derdimiz yok. Biz do\u011fruyu, hakk\u0131 s\u00f6ylemek zorunday\u0131z. Adaletin gere\u011fi bu. Benim partimin ad\u0131 Adalet ve Kalk\u0131nma Partisi. \u00d6nce adalet. Adalet olmadan kalk\u0131nma olmaz. E\u011fer bir yerde zul\u00fcm varsa biz bu zulme seyirci kalamay\u0131z. Burada bir zul\u00fcm var. Hele hele benim 9 vatanda\u015f\u0131m\u0131n \u00f6ld\u00fcr\u00fclmesi olay\u0131 asl\u0131nda bir sava\u015f sebebidir. Ama biz bunu bir sava\u015f sebebi bile saymad\u0131k. B\u00fcy\u00fck devlet olman\u0131n gere\u011fi sabrettik\u201d diye konu\u015ftu.<\/p>\n<p style=\"text-align: justify;\">\u201cAma bunu, \u0130srail&#8217;in sald\u0131r\u0131s\u0131n\u0131 bir sava\u015f sebebi olarak g\u00f6r\u00fcyorsunuz de\u011fil mi?\u201d sorusunu Erdo\u011fan, \u201cGere\u011finde bu da yap\u0131l\u0131r. Ama biz b\u00fcy\u00fck devlet olman\u0131n gere\u011fi olarak buna sab\u0131rl\u0131 davrand\u0131k. Acaba Amerika&#8217;n\u0131n vatanda\u015flar\u0131n\u0131n b\u00f6yle 9 tanesi uluslararas\u0131 sularda herhangi bir devlet taraf\u0131ndan \u00f6ld\u00fcr\u00fclm\u00fc\u015f olsa &#8216;iyi yapt\u0131n\u0131z&#8217; der mi? Ho\u015f kar\u015f\u0131lar m\u0131? Bizim bak\u0131\u015f\u0131m\u0131z, yakla\u015f\u0131m\u0131m\u0131z da \u015fu anda budur\u201d diye yan\u0131tlad\u0131.<\/p>\n<p style=\"text-align: justify;\">Erdo\u011fan, \u0130srail&#8217;in Mavi Marmara bask\u0131n\u0131yla ilgili BM Soru\u015fturma Komisyonu\u2019nun raporuna dair de\u011ferlendirmesinin sorulmas\u0131 \u00fczerine, bu raporun hi\u00e7bir hakl\u0131l\u0131\u011f\u0131n\u0131n s\u00f6z konusu olmad\u0131\u011f\u0131n\u0131 vurgulad\u0131.<\/p>\n<p style=\"text-align: justify;\"><strong>\u201cMAZLUMUN YANINDAYIZ, TAA K\u0130 HAKKI VER\u0130LENE KADAR\u201d<\/strong><\/p>\n<p style=\"text-align: justify;\">\u201c\u015eu anda b\u0131rak\u0131n sadece Gazze&#8217;yi, Filistin bir a\u00e7\u0131k hava hapishanesidir\u201d ifadesini kullanan Erdo\u011fan, s\u00f6zlerine \u015f\u00f6yle devam etti:<\/p>\n<p style=\"text-align: justify;\">\u201cFilistin&#8217;e bir sand\u0131k domates onlar\u0131n izni olmadan sokamazs\u0131n\u0131z. B\u00f6yle bir ku\u015fatma alt\u0131ndalar. \u015eimdi b\u00f6yle bir ku\u015fatma alt\u0131nda olan bu insanlar \u0130nsan Haklar\u0131 Evrensel Beyannamesi&#8217;nin neresine s\u0131k\u0131\u015ft\u0131r\u0131l\u0131yor? Nerede insanl\u0131k? Nerede d\u00fcnya? Ni\u00e7in bu insanlara gereken ilgi ve destek g\u00f6sterilmiyor? Bizim yapt\u0131\u011f\u0131m\u0131z bu. \u0130srail belli bir ekonomik g\u00fcce, belli bir silah g\u00fcc\u00fcne sahip. S\u00f6yledi\u011fi ne? Filistin&#8217;in elinde silah\u0131 olmayacak. Senin elinde atom bombas\u0131na kadar her \u015fey var. Filistinlilerin elinde bir tane silah dahi olmayacak. Bu bir ak\u0131l tutulmas\u0131d\u0131r. Bunun ak\u0131lla mant\u0131kla izah\u0131 olmaz. Nas\u0131l buna evet denilebilir? Bizim yakla\u015f\u0131m tarz\u0131m\u0131z bu. Ve biz burada mazlumun yan\u0131nday\u0131z. Olmaya da devam edece\u011fiz. Taa ki hakk\u0131 verilene kadar.\u201d<\/p>\n<p style=\"text-align: justify;\">Erdo\u011fan, \u201c\u0130sraillilerin me\u015fru olarak g\u00fcvenlik endi\u015felerinin oldu\u011funa, var olma hakk\u0131na ve roket sald\u0131r\u0131lar\u0131na maruz kalmama hakk\u0131 olduklar\u0131na inan\u0131yor musunuz\u201d sorusunu da \u015f\u00f6yle yan\u0131tlad\u0131:<\/p>\n<p style=\"text-align: justify;\">\u201c\u015eu anda \u0130srail i\u015fgalcidir. (\u0130srail&#8217;in eski Ba\u015fbakan\u0131 Ehud) Olmert d\u00f6neminde, Olmert 1967 s\u0131n\u0131rlar\u0131na d\u00f6nmeyi bile kabul etti. \u015eu anda \u0130srail burada bir i\u015fgalci durumunda. \u0130\u015fgalci durumunda oldu\u011fu halde hala daha fazlas\u0131n\u0131 alman\u0131n gayreti i\u00e7inde. Bu insanlar \u015fu anda asl\u0131nda topraklar\u0131n\u0131 kurtarman\u0131n gayreti i\u00e7indeler. Ve d\u00fcnyadan da adaletin tecellisini bekliyorlar. Yap\u0131lan budur. Bunun i\u00e7in biz kalk\u0131p da burada bizde bir s\u00f6z var &#8216;Yavuz h\u0131rs\u0131z ev sahibini bast\u0131r\u0131rm\u0131\u015f&#8217;. \u015eimdi bunlar ev sahibini bast\u0131r\u0131yorlar. Ve bunun BM G\u00fcvenlik Konseyi, BM Genel Kurulu taraf\u0131ndan d\u00fczeltilmesi en b\u00fcy\u00fck beklentimizdir. Asl\u0131nda Say\u0131n Obama&#8217;n\u0131n da ge\u00e7en y\u0131l Genel Kurul&#8217;da yapt\u0131\u011f\u0131 konu\u015fma b\u00f6yle bir m\u00fcjdeyi i\u00e7eriyordu. Maalesef bu m\u00fcjde gecikmi\u015f oldu. \u015eu anda da \u00f6yle g\u00f6z\u00fck\u00fcyor. Temenni ederiz ki bu tekrar de\u011ferlendirilir.\u201d<\/p>\n<p style=\"text-align: justify;\">T\u00fcrk-Amerikan ili\u015fkileriyle ilgili bir soru \u00fczerine Erdo\u011fan, \u015fu anda Amerikan y\u00f6netimiyle bir model ortakl\u0131k anlay\u0131\u015f\u0131 i\u00e7erisinde devam eden bir birlikteliklerinin oldu\u011funu, b\u00f6yle bir s\u00fcreci ya\u015fad\u0131klar\u0131n\u0131 kaydetti.<\/p>\n<p style=\"text-align: justify;\">Erdo\u011fan, \u201cBu s\u00fcrecin i\u00e7erisinde, \u00f6zellikle \u015funu ifade etmekte fayda g\u00f6r\u00fcyorum; gerek bulundu\u011fumuz b\u00f6lgede T\u00fcrkiye&#8217;nin konumu, gerekse farkl\u0131 \u00fclkelerde, uluslararas\u0131 camiada, G20 \u00e7er\u00e7evesi i\u00e7erisinde birlikteli\u011fimiz, b\u00fct\u00fcn bunlar\u0131n yan\u0131nda NATO&#8217;daki birlikteli\u011fimiz, ayn\u0131 \u015fekilde yine uluslararas\u0131 ekonomik alanda att\u0131\u011f\u0131m\u0131z m\u00fc\u015fterek ad\u0131mlar, T\u00fcrkiye-Amerika m\u00fcnasebetlerini bir noktada tutmu\u015ftur. Bug\u00fcn de model ortakl\u0131k kapsam\u0131 i\u00e7erisinde gayet iyi bir konumdad\u0131r. Ve \u00e7al\u0131\u015fmalar\u0131m\u0131z\u0131 bu noktada verimli bir \u015fekilde s\u00fcrd\u00fcr\u00fcyoruz\u201d diye konu\u015ftu.<\/p>\n<p style=\"text-align: justify;\"><strong>\u201c\u0130L\u0130\u015eK\u0130LER\u0130M\u0130Z HER ALANDA ARTARAK DEVAM ED\u0130YOR\u201d<\/strong><\/p>\n<p style=\"text-align: justify;\">Erdo\u011fan, &#8220;ABD Ba\u015fkan\u0131 Barack Obama ile aran\u0131zda \u00f6zel bir ili\u015fki var m\u0131?&#8221; sorusunu \u015f\u00f6yle yan\u0131tlad\u0131:<\/p>\n<p style=\"text-align: justify;\">&#8220;\u015eu anda tabii bu Say\u0131n Ba\u015fkan&#8217;\u0131n takdirleridir. T\u00fcrkiye-Amerika olarak stratejik ortakl\u0131kla ba\u015flayan ve \u00e7ok eskilere dayanan bir s\u00fcre\u00e7 s\u00f6z konusu. Fakat Say\u0131n Obama ile model ortakl\u0131k s\u00fcreci i\u00e7erisinde devam eden ili\u015fkilerimiz her alanda, siyasi, askeri, ekonomik, ticari artarak devam ediyor. Bu tabii bizler i\u00e7in de bir mutluluk vesilesi. Ve model ortakl\u0131\u011f\u0131 s\u00fcrd\u00fcrd\u00fc\u011f\u00fcm\u00fcz Amerika ile bu s\u00fcrecin her ge\u00e7en g\u00fcn daha iyiye gitmesi, bizim de arzumuz ve g\u00f6rd\u00fc\u011f\u00fcm kadar\u0131yla, tabii Say\u0131n Ba\u015fkan&#8217;\u0131n b\u00f6yle bir de\u011ferlendirme i\u00e7erisinde olmas\u0131 da bizler i\u00e7in ayr\u0131 bir memnuniyet vesilesi. Birbirimizin g\u00f6nl\u00fcn\u00fc yapt\u0131\u011f\u0131m\u0131za g\u00f6re, birbirimizi k\u0131rmadan bu uluslararas\u0131 camialar i\u00e7erisinde bir arada olu\u015fumuz da zannediyorum buna zemin haz\u0131rl\u0131yor.\u201d<\/p>\n<p style=\"text-align: justify;\"><strong>TER\u00d6R \u00d6RG\u00dcT\u00dc PKK \u0130LE M\u00dcCADELE<\/strong><\/p>\n<p style=\"text-align: justify;\">Erdo\u011fan, \u201cABD&#8217;nin, T\u00fcrkiye&#8217;nin ter\u00f6r \u00f6rg\u00fct\u00fc PKK&#8217;y\u0131 Irak&#8217;\u0131n kuzeyinde izlemesine izin verip vermedi\u011finin&#8221; sorulmas\u0131 \u00fczerine, 2007 y\u0131l\u0131nda ter\u00f6r \u00f6rg\u00fct\u00fc PKK&#8217;y\u0131, Amerika, T\u00fcrkiye ve Irak olarak ortak d\u00fc\u015fman ilan ettiklerini hat\u0131rlatt\u0131.<\/p>\n<p style=\"text-align: justify;\">Bunun ABD&#8217;nin bir \u00f6nceki ba\u015fkan\u0131 George W.Bush d\u00f6neminde oldu\u011funu, ayn\u0131 yakla\u015f\u0131m tarz\u0131n\u0131n Obama&#8217;yla da devam etti\u011fini belirten Erdo\u011fan, s\u00f6zlerine \u015f\u00f6yle devam etti:<\/p>\n<p style=\"text-align: justify;\">\u201cVe bu d\u00f6nemde de yine ter\u00f6r \u00f6rg\u00fct\u00fcne kar\u015f\u0131 veya ter\u00f6re kar\u015f\u0131 bir ortak m\u00fccadele platformunun olmas\u0131 ve b\u00f6lgede \u00f6zellikle anl\u0131k istihbarat payla\u015f\u0131m\u0131ndaki dayan\u0131\u015fmam\u0131z devam etti\u011fi gibi, bu noktada bizim insans\u0131z hava arac\u0131 noktas\u0131nda da bu istihbarat payla\u015f\u0131m\u0131ndan hareketle bu destekleri ald\u0131k ve al\u0131yoruz\u201d.<\/p>\n<p style=\"text-align: justify;\">Burada Rose&#8217;un araya girerek, &#8220;Predator\u2019lar\u0131 m\u0131 kastediyorsunuz?&#8221; \u015feklindeki soru y\u00f6neltmesi \u00fczerine Erdo\u011fan, &#8220;Evet, Predator\u2019lar konusu&#8221; dedi.<\/p>\n<p style=\"text-align: justify;\"><strong>T\u00dcRK\u0130YE&#8217;DE RADAR \u00dcSS\u00dcN\u00dcN KURULMASI KARARI<\/strong><\/p>\n<p style=\"text-align: justify;\">Erdo\u011fan, &#8220;Radar kalkan\u0131 geli\u015fmesine gelirsek, o nas\u0131l gidiyor?&#8221; \u015feklindeki bir soru \u00fczerine de \u015funlar\u0131 kaydetti:<\/p>\n<p style=\"text-align: justify;\">\u201cRadar kalkan\u0131 dersek yanl\u0131\u015f bir yakla\u015f\u0131m i\u00e7erisine girmi\u015f oluruz. Bu radar\u0131n kurulmas\u0131d\u0131r. F\u00fcze kalkan\u0131 farkl\u0131 bir olayd\u0131r, radar farkl\u0131 bir olayd\u0131r. Radar\u0131n kurulmas\u0131na y\u00f6nelik yani f\u00fcze savunma sistemi olarak radar\u0131n kurulmas\u0131na y\u00f6nelik bu, NATO konsepti i\u00e7erisinde at\u0131lm\u0131\u015f bir ad\u0131md\u0131r. NATO konsepti i\u00e7erisinde Amerika ve T\u00fcrkiye NATO&#8217;nun birer \u00fcyesi olarak b\u00f6lgede b\u00f6yle bir radar \u00fcss\u00fcn\u00fcn kurulmas\u0131 karar\u0131 NATO taraf\u0131ndan da verildi\u011fi i\u00e7in bu ad\u0131m at\u0131lm\u0131\u015ft\u0131r. Ve bu konuda \u00e7al\u0131\u015fmalar\u0131 taraflar yapm\u0131\u015ft\u0131r. Ve bu \u00e7al\u0131\u015fmalar neticesinde en uygun yer Malatya K\u00fcrecik olarak belirlenmi\u015f ki daha \u00f6nce orada yine radar \u00fcss\u00fc vard\u0131. Orada radar \u00fcss\u00fcn\u00fcn kurulmas\u0131na karar verilmi\u015ftir. Ve bu mutabakat \u00e7er\u00e7evesinde de bu i\u015f y\u00fcr\u00fct\u00fclm\u00fc\u015ft\u00fcr. Bunun d\u0131\u015f\u0131nda f\u00fcze kalkan\u0131, radar kalkan\u0131 gibi yakla\u015f\u0131mlar\u0131n hepsi yanl\u0131\u015ft\u0131r, bir. \u0130ki, &#8216;\u015eu \u015fu \u00fclkeye kar\u015f\u0131, \u015fu \u015fu \u00fclkeleri korumak i\u00e7in bu yap\u0131lm\u0131\u015ft\u0131r&#8217; bu \u00e7ok \u00e7ok yanl\u0131\u015ft\u0131r. Zira mutabakat metni i\u00e7erisinde zaten b\u00f6yle bir ifade asla s\u00f6z konusu de\u011fildir. Bu NATO&#8217;nun kendi konsepti i\u00e7erisindeki bir yat\u0131r\u0131m\u0131d\u0131r.\u201d<\/p>\n<p style=\"text-align: justify;\"><strong>ERDO\u011eAN&#8217;IN KUZEY AFR\u0130KA \u00dcLKELER\u0130 TURU<\/strong><\/p>\n<p style=\"text-align: justify;\">Erdo\u011fan, M\u0131s\u0131r, Tunus ve Libya&#8217;y\u0131 son ziyaretinde kendisine g\u00f6sterilen a\u015f\u0131r\u0131 ilgiyi nas\u0131l de\u011ferlendirdi\u011fine ili\u015fkin bir soru \u00fczerine, ziyareti s\u0131ras\u0131nda halk\u0131n \u00e7ok b\u00fcy\u00fck bir ilgi ve tevecc\u00fch\u00fcn\u00fc g\u00f6rd\u00fcklerini ifade ederek, \u201cGerek havaalan\u0131ndaki kar\u015f\u0131lama olsun, gerek ondan sonraki yapt\u0131\u011f\u0131m\u0131z salon toplant\u0131lar\u0131 olsun, bunlardaki ilgi alaka, ger\u00e7ekten memnuniyet vericiydi\u201d diye konu\u015ftu.<\/p>\n<p style=\"text-align: justify;\">Arap Birli\u011fi&#8217;nde yapt\u0131\u011f\u0131 konu\u015fman\u0131n da ayn\u0131 \u015fekilde ilgi g\u00f6rd\u00fc\u011f\u00fcn\u00fc ifade eden Erdo\u011fan, \u015f\u00f6yle devam etti:<\/p>\n<p style=\"text-align: justify;\">\u201cVe buralarda tabi bizim verdi\u011fimiz mesaj daha \u00e7ok otokratik sistemler kar\u015f\u0131s\u0131nda demokrasinin konumunu i\u015fledik. Sorular geldi. Laiklikle ilgili. Laikli\u011fin tan\u0131m\u0131 \u00fczerinde duru\u015fumuz oldu. Ve \u00f6zg\u00fcrl\u00fckler noktas\u0131nda halk\u0131n iradesinin kar\u015f\u0131s\u0131nda hi\u00e7bir g\u00fcc\u00fcn dayanamayaca\u011f\u0131 konusunu i\u015fledik. Ve birlik beraberlik noktas\u0131nda tavsiyelerimiz oldu. Tabii halk art\u0131k kendi iradesinin iktidar olmas\u0131n\u0131 istiyor. Diktat\u00f6rler taraf\u0131ndan idare edilmeyi asla kabul etmiyor. Otokratik sistemlerden kurtulmak istiyor. Ve bu konuda da d\u00fcnyada uygulamalar\u0131n\u0131n yap\u0131lm\u0131\u015f oldu\u011fu \u00fclkelerden tecr\u00fcbe transferi istiyor. Ve oradaki b\u00fct\u00fcn aday partilerden bizden talepleri olanlar oldu. Onlarla g\u00f6r\u00fc\u015fmelerimiz oldu. Cumhurba\u015fkanl\u0131\u011f\u0131na aday olan, aday aday\u0131 konumunda olanlar var, adaylar var. Bunlarla g\u00f6r\u00fc\u015fmelerimiz oldu. Ve bu g\u00f6r\u00fc\u015fmeler neticesinde de salon toplant\u0131lar\u0131 ve &#8216;Tahrir gen\u00e7leri&#8217; ile g\u00f6r\u00fc\u015fmelerim oldu. Mutlu bir \u015fekilde M\u0131s\u0131r\u2019dan ayr\u0131ld\u0131m\u201d.<\/p>\n<p style=\"text-align: justify;\"><strong>\u201cLA\u0130KL\u0130\u011e\u0130N D\u0130N KAR\u015eITLI\u011eI OLMADI\u011eINI ANLATTIM\u201d<\/strong><\/p>\n<p style=\"text-align: justify;\">Erdo\u011fan, Rose&#8217;un, \u201cKahire&#8217;den gelen man\u015fetlerde sizin laik bir y\u00f6netimi (devleti) tavsiye etti\u011finiz, bu y\u00f6netimin de belli bir dini olmayan, ama t\u00fcm dinlere sayg\u0131l\u0131 olan bir y\u00f6netim oldu\u011fuydu, bu do\u011fru mu? Laiklik tan\u0131m\u0131n\u0131z bu mu?\u201d \u015feklindeki sorusunu ise \u015f\u00f6yle yan\u0131tlad\u0131:<\/p>\n<p style=\"text-align: justify;\">\u201c\u015eimdi terc\u00fcmede yanl\u0131\u015fl\u0131klar olmu\u015f olabilir. Ama ben burada temenni ederim ki bu terc\u00fcme do\u011fru yap\u0131lm\u0131\u015ft\u0131r. \u015eimdi benim partimin t\u00fcz\u00fc\u011f\u00fcnde ve program\u0131nda olan \u015fudur: T\u00fcrkiye&#8217;nin 1982 Anayasas\u0131&#8217;n\u0131n gerek\u00e7esinde olan bir laiklik tan\u0131m\u0131 vard\u0131r. Bu tan\u0131ma g\u00f6re bir defa bireyler laik de\u011fildir. Devlet laiktir. Ve devlet t\u00fcm inan\u00e7 gruplar\u0131na e\u015fit mesafededir ve her inan\u00e7 grubunun inanc\u0131n\u0131 ya\u015famas\u0131n\u0131n da teminat\u0131d\u0131r. Benim anlatt\u0131\u011f\u0131m budur. Tabi Amerika\u2019daki laiklik yakla\u015f\u0131m\u0131 bir Anglosakson laikliktir. Bat\u0131da Bat\u0131l\u0131 anlamda bir laiklik anlay\u0131\u015f\u0131 vard\u0131r. Bunlar nas\u0131l yakla\u015f\u0131yorlar, nas\u0131l bu i\u015fi tan\u0131ml\u0131yorlar k\u0131smen biliyorum bunu. Bunu tabi buralarda ya\u015fayanlar \u00e7ok daha iyi bilir. Ama hi\u00e7bir zaman bizim partimizin t\u00fcz\u00fc\u011f\u00fcndeki ve 1982 Anayasas\u0131&#8217;n\u0131n gerek\u00e7esindeki tan\u0131mda bir din d\u00fc\u015fmanl\u0131\u011f\u0131 veya din kar\u015f\u0131tl\u0131\u011f\u0131 s\u00f6z konusu de\u011fildir. Tabi Ortado\u011fu&#8217;da, \u00f6zellikle M\u0131s\u0131r gibi yerlerde laikli\u011fin bir din kar\u015f\u0131tl\u0131\u011f\u0131 gibi ladinilik diye ifade edilir \u015fekli s\u00f6z konusu. Bunun olmad\u0131\u011f\u0131n\u0131 anlatt\u0131m\u201d.<\/p>\n<p style=\"text-align: justify;\">\u201cM\u00fcsl\u00fcman Karde\u015fler&#8217;in bir \u00fcyesinin, bu laiklik g\u00f6r\u00fc\u015f\u00fcne kat\u0131lmad\u0131\u011f\u0131\u201d y\u00f6n\u00fcndeki s\u00f6zlerinin hat\u0131rlat\u0131lmas\u0131 \u00fczerine Erdo\u011fan, \u201c\u015eimdi tabii o da sonradan yanl\u0131\u015f anlad\u0131\u011f\u0131n\u0131, d\u00fczeltece\u011fini s\u00f6yledi. \u00c7\u00fcnk\u00fc ben hemen ertesi g\u00fcn de M\u00fcsl\u00fcman Karde\u015fler hareketinin ba\u015fkan, ba\u015fkan yard\u0131mc\u0131s\u0131 ve di\u011fer \u00fc\u00e7 \u00fcyesi ile sabahleyin bir arada olduk. Onlar bana hi\u00e7 bu konuda bir \u015fey s\u00f6ylemediler. E\u011fer bu konuda bir yanl\u0131\u015f anla\u015f\u0131lma s\u00f6z konusu olsayd\u0131 onlar da bana bunu sorard\u0131. Ama onlar ba\u015fkanlar\u0131 da dahil olmak \u00fczere bana bir \u015fey s\u00f6ylemediklerine g\u00f6re demek ki o zaman herhangi bir ciddi s\u0131k\u0131nt\u0131 s\u00f6z konusu de\u011fil\u201d dedi.<\/p>\n<p style=\"text-align: justify;\">Erdo\u011fan, ABD Ba\u015fkan\u0131 Barack Obama ile yapt\u0131\u011f\u0131 g\u00f6r\u00fc\u015fmede, Filistin&#8217;in BM G\u00fcvenlik Konseyi&#8217;ne devlet olarak ba\u015fvurmas\u0131, ABD&#8217;nin de bunu veto etmesi durumunda bunun sonu\u00e7lar\u0131n\u0131n neler olaca\u011f\u0131n\u0131n konu\u015fulup konu\u015fulmad\u0131\u011f\u0131n\u0131n sorulmas\u0131 \u00fczerine, T\u00fcrkiye&#8217;nin BM G\u00fcvenlik Konseyi&#8217;nde \u015fu an olarak bulunmad\u0131\u011f\u0131n\u0131 hat\u0131rlatarak \u015f\u00f6yle dedi:<\/p>\n<p style=\"text-align: justify;\">\u201c(ABD&#8217;nin) BM G\u00fcvenlik Konseyi&#8217;nde ne gibi bir tav\u0131r tak\u0131nacaklar\u0131n\u0131 \u015fu anda bilemiyoruz. Burada tabii Filistin&#8217;in BM G\u00fcvenlik Konseyi&#8217;nde 9 oya ihtiyac\u0131 var. E\u011fer Filistin BM G\u00fcvenlik Konseyi&#8217;nden 9 oyu Filistin m\u00fcracaat\u0131 istikametinde alabilirse bu tabii onlar i\u00e7in g\u00fczel bir geli\u015fme olacak. Aksi bir durum olursa o zaman tabii Genel Kurula m\u00fcracaat\u0131 s\u00f6z konusu olacak ki, o da tabii Vatikan gibi bir neticeyi getirebilir.\u201d<\/p>\n<p style=\"text-align: justify;\">Obama&#8217;yla g\u00f6r\u00fc\u015fmesinde, ABD&#8217;nin, Filistin&#8217;in devlet olma y\u00f6n\u00fcndeki ba\u015fvurusunu G\u00fcvenlik Konseyi&#8217;nde veto etmemesini isteyip bunu kendisine s\u00f6yleyip s\u00f6ylemedi\u011finin sorulmas\u0131 \u00fczerine ise Erdo\u011fan, \u201cS\u00f6ylemem mi? Zaten kendileri de bizden daha farkl\u0131 bir \u015fey beklemediklerini ifade ettiler\u201d dedi.<\/p>\n<p style=\"text-align: justify;\">ABD&#8217;nin vetosu durumunda bunun sonu\u00e7lar\u0131n\u0131n neler olabilece\u011fine ili\u015fkin bir soru \u00fczerine ise Erdo\u011fan, \u201cTabi \u015fu anda o d\u00f6neme y\u00f6nelik herhangi bir \u015fey s\u00f6ylemem yanl\u0131\u015f olur. Benim temennim, beklentim daha do\u011frusu, Amerika Birle\u015fik Devletleri kendi b\u00fcy\u00fckl\u00fc\u011f\u00fcne yak\u0131\u015f\u0131r bir \u015fekilde 1947&#8217;de BM&#8217;nin alm\u0131\u015f oldu\u011fu 181 say\u0131l\u0131 karar istikametinde bu s\u00fcreci yenilemesi, devam ettirmesidir\u201d dedi.<\/p>\n<p style=\"text-align: justify;\">Filistin&#8217;in ba\u015fvuru s\u00fcrecinin uzun s\u00fcr\u00fcp s\u00fcrmeyece\u011fine ili\u015fkin bir soru \u00fczerine ise Erdo\u011fan, s\u00fcrecin en k\u0131sa zamanda bitmesini, G\u00fcvenlik Konseyi\u2019nin karar\u0131n\u0131 bir an \u00f6nce vermesini diledi\u011fini belirtti.<\/p>\n<p style=\"text-align: justify;\">Erdo\u011fan, Filistin&#8217;in BM&#8217;de tan\u0131nma giri\u015fimine paralel olarak Filistin ve \u0130srail aras\u0131nda direkt g\u00f6r\u00fc\u015fmelerin ba\u015flamas\u0131n\u0131 bekleyip beklemedi\u011finin sorulmas\u0131 \u00fczerine ise, \u201c\u015eu anda zor ama \u015funu biliyorum. Filistin sorunu \u00e7\u00f6z\u00fclmeden Ortado\u011fu\u2019da bar\u0131\u015f s\u00f6z konusu de\u011fildir. Filistin sorununun \u00e7\u00f6z\u00fclmesi laz\u0131m. Filistin sorunu adeta bu i\u015fin anahtar\u0131d\u0131r. Filistin sorununun \u00e7\u00f6z\u00fcm\u00fc bu i\u015fin anahtar\u0131d\u0131r\u201d dedi.<\/p>\n<p style=\"text-align: justify;\"><strong>\u0130SRA\u0130L&#8217;LE \u0130L\u0130\u015eK\u0130LER<\/strong><\/p>\n<p style=\"text-align: justify;\">Ba\u015fbakan Erdo\u011fan, \u201cson d\u00f6nemde \u00f6zellikle Mavi Marmara sald\u0131r\u0131s\u0131n\u0131n ard\u0131ndan kendisinin \u0130srail&#8217;e kar\u015f\u0131 bir s\u00f6ylem i\u00e7inde oldu\u011funu, bunun da Araplar aras\u0131ndaki pop\u00fclerli\u011fini art\u0131rmaya y\u00f6nelik\u201d oldu\u011funu iddia edenlerin bulundu\u011funun hat\u0131rlat\u0131lmas\u0131 \u00fczerine \u015funlar\u0131 kaydetti:<\/p>\n<p style=\"text-align: justify;\">\u201c\u015eimdi, T\u00fcrkiye&#8217;nin bir defa \u015fu anda b\u00f6lgede ve d\u00fcnyada \u00fcstlendi\u011fi g\u00f6reve bakarsan\u0131z, bu NATO&#8217;daki i\u015flevinden tutunuz da gerek OECD, gerek G\u201320, gerekse b\u00f6lge bar\u0131\u015f\u0131na y\u00f6nelik att\u0131\u011f\u0131 bir\u00e7ok ad\u0131mlar vard\u0131r. Asl\u0131nda buradan T\u00fcrkiye\u2019ye yakla\u015fmak laz\u0131md\u0131r. \u015eimdi \u0130srail&#8217;in Ba\u015fbakan\u0131 Olmert&#8217;le bu kadar iyi m\u00fcnasebetler i\u00e7erisinde olan bir T\u00fcrkiye Ba\u015fbakan\u0131 Tayyip Erdo\u011fan varken, ne oldu da \u015fimdi bu noktaya gelindi, bu soruyu da sormak laz\u0131m. Demek ki bu y\u00f6netimde bir s\u0131k\u0131nt\u0131 var. \u00d6nce bunu a\u015fmak laz\u0131m ve Bat\u0131&#8217;n\u0131n mevcut \u0130srail y\u00f6netimine bask\u0131 yapmas\u0131 laz\u0131m, b\u00f6yle \u015f\u0131marmamas\u0131 laz\u0131m ve &#8216;her yapt\u0131\u011f\u0131m yan\u0131ma kar kal\u0131yor&#8217; havas\u0131ndan \u0130srail&#8217;in \u00e7\u0131kmas\u0131 laz\u0131m.\u201d<\/p>\n<p style=\"text-align: justify;\">\u201cT\u00fcrkiye \u015fu anda 9 sene i\u00e7erisinde bir defa ekonomik noktada \u00e7ok ciddi s\u0131\u00e7ramalar yapt\u0131. Ne ile? Demokrasi ile yapt\u0131. Ekonomiyi demokrasi ile at ba\u015f\u0131 s\u00fcrd\u00fcren bir T\u00fcrkiye var ve ilerici demokrasiye ad\u0131m atan bir T\u00fcrkiye var. T\u00fcrkiye kom\u015fular\u0131yla bir defa d\u00fc\u015fmanl\u0131k denilen olay\u0131 kald\u0131rm\u0131\u015f bir \u00fclke. Ama son d\u00f6nemde biz, ne yaz\u0131k ki \u0130srail&#8217;in bu yanl\u0131\u015f ad\u0131mlar\u0131 sebebiyle b\u00f6yle bir s\u0131k\u0131nt\u0131n\u0131n i\u00e7erisine girdik. Bu bizden kaynaklanm\u0131yor, onlardan kaynaklan\u0131yor.\u201d<\/p>\n<p style=\"text-align: justify;\">\u201cUluslararas\u0131 sularda kimin haddine bir gemiye sald\u0131rmak? B\u00f6yle bir \u015fey olabilir mi? \u0130srail bunu yapt\u0131. Yoksa bizim aram\u0131zda herhangi bir \u015fey yoktu. Ticaret hacmi falan gayet y\u00fcksekti. \u0130\u015f bu noktaya onlar sayesinde geldi. Her t\u00fcrl\u00fc alanda siyasi, askeri, ticari ili\u015fkilerimiz vard\u0131, ekonomik ili\u015fkilerimiz vard\u0131. Turizm noktas\u0131nda ciddi ili\u015fkilerimiz vard\u0131.\u201d<\/p>\n<p style=\"text-align: justify;\"><strong>T\u00dcRK\u0130YE&#8217;N\u0130N B\u00d6LGEDEK\u0130 ROL\u00dc<\/strong><\/p>\n<p style=\"text-align: justify;\">B\u00f6lgede Irak sava\u015f\u0131 ve Arap Bahar\u0131n\u0131n ard\u0131ndan bir iktidar bo\u015flu\u011funun ortaya \u00e7\u0131kt\u0131\u011f\u0131n\u0131n belirtilip, T\u00fcrkiye&#8217;nin de bo\u015flu\u011fu doldurarak b\u00f6lgenin gelece\u011fine y\u00f6nelik \u00f6nemli rol oynamak isteyip istemedi\u011finin sorulmas\u0131 \u00fczerine Erdo\u011fan, \u015f\u00f6yle konu\u015ftu:<\/p>\n<p style=\"text-align: justify;\">\u201cBunlar bize \u00e7ok \u015fey kazand\u0131rmaz. Biz talep olana gideriz. Durumdan vazife \u00e7\u0131karmak gibi bir siyasi ahlak\u0131m\u0131z yok. Ama biz bu b\u00f6lgede tarihi bir noktada ayn\u0131 medeniyeti payla\u015fan \u00fclkeler olarak, bir sorumlulu\u011fu olan \u00fclkeyiz. Ge\u00e7mi\u015ften bug\u00fcne gelen bir sorumlulu\u011fumuz var, k\u00fclt\u00fcrel ba\u011flar\u0131m\u0131z var, akrabal\u0131k ba\u011flar\u0131m\u0131z var. Bizim sadece Suriye ile aram\u0131zda 910 km s\u0131n\u0131r\u0131m\u0131z var, Irak\u2019la 300 km s\u0131n\u0131r\u0131m\u0131z var, \u0130ran&#8217;la \u00e7ok ciddi bir s\u0131n\u0131r\u0131m\u0131z var. Biz bu \u00fclkeleri yok farz edemeyiz ki. Bunlarla bu s\u0131n\u0131rlar \u00e7er\u00e7evesinde akrabal\u0131klar olu\u015fmu\u015f, gidi\u015f-geli\u015fler var. Dolay\u0131s\u0131yla bu s\u0131k\u0131 ili\u015fkiler bizi birbirimize \u00e7ok daha yakla\u015ft\u0131rm\u0131\u015ft\u0131r. L\u00fcbnan&#8217;la, \u00dcrd\u00fcn&#8217;le ayn\u0131 \u015fekilde ve \u00f6zellikle de K\u00f6rfez \u00fclkeleriyle att\u0131\u011f\u0131m\u0131z ad\u0131mlar ayn\u0131 \u015fekilde, b\u00f6lgesel i\u015fbirli\u011fine y\u00f6nelik yapt\u0131\u011f\u0131m\u0131z \u00e7al\u0131\u015fmalar ayn\u0131 \u015fekilde. T\u00fcrkiye buraya kendili\u011finden girmiyor. T\u00fcrkiye&#8217;nin \u00e7ekim alan\u0131 i\u00e7erisinde, T\u00fcrkiye&#8217;yi de oraya \u00e7ekmi\u015fler. T\u00fcrkiye orada olmak zorunda zaten. Olmazsa yanl\u0131\u015f olur. Olaya buradan bakmak laz\u0131m. Hi\u00e7 ilgisi olmayan \u00fclkeler; ba\u015fta Amerika olmak \u00fczere, \u0130ngiltere, Almanya, Fransa oralara giriyor da T\u00fcrkiye neden girmesin.\u201d<\/p>\n<p style=\"text-align: justify;\">\u201c(B\u00f6lgede) olmam\u0131z gerekir, yani \u015fimdi bizim maharetlerimiz var. T\u00fcrkiye m\u00fcteahhitlikte d\u00fcnyada \u00c7in&#8217;den sonra ikinci s\u0131radad\u0131r. Benim m\u00fcteahhit firmalar\u0131m b\u00f6lgede ister istemez altyap\u0131da, \u00fcstyap\u0131da hizmet verebilir. Ticari ili\u015fkilerin i\u00e7erisinde Avrupa&#8217;n\u0131n de\u011fi\u015fik \u00fclkeleri orada kendine bir ticari pazar haz\u0131rl\u0131yor da T\u00fcrkiye ni\u00e7in o ticari pazara girmesin. Yap\u0131lan budur. Bir rol \u00e7almak de\u011fildir ve bunun yan\u0131nda da b\u00f6lge sorunlar\u0131n\u0131 bar\u0131\u015f\u00e7\u0131l y\u00f6ntemlerle \u00e7\u00f6zme noktas\u0131nda ad\u0131m atmakt\u0131r.\u201d<\/p>\n<p style=\"text-align: justify;\"><strong>T\u00dcRK\u0130YE&#8217;N\u0130N K\u00d6PR\u00dc G\u00d6REV\u0130<\/strong><\/p>\n<p style=\"text-align: justify;\">T\u00fcrkiye&#8217;nin Bat\u0131 ile M\u00fcsl\u00fcman d\u00fcnya aras\u0131nda bir k\u00f6pr\u00fc oldu\u011funu d\u00fc\u015f\u00fcn\u00fcp d\u00fc\u015f\u00fcnmedi\u011fini sorulmas\u0131 \u00fczerine Erdo\u011fan \u015f\u00f6yle konu\u015ftu:<\/p>\n<p style=\"text-align: justify;\">\u201cBizim derdimiz Bat\u0131 ile \u0130slam d\u00fcnyas\u0131 aras\u0131nda T\u00fcrkiye\u2019nin bir k\u00f6pr\u00fc g\u00f6revi g\u00f6rmesidir ve T\u00fcrkiye, asl\u0131nda demokrasiyle \u0130slam\u2019\u0131n bir arada ya\u015fayabilece\u011finin \u00f6rne\u011fini vermi\u015f, halk\u0131n\u0131n y\u00fczde 99;u M\u00fcsl\u00fcman olan bir \u00fclkedir. Bu y\u00f6n\u00fcyle de bir \u00f6rnektir. Nitekim biliyorsunuz biz Medeniyetler \u0130ttifak\u0131\u2019n\u0131 \u0130spanya Ba\u015fbakan\u0131 Zapatero ile beraber kurduk. Bak\u0131n \u015fu anda 100;\u00fc a\u015fk\u0131n \u00fclke, kurum ve kurulu\u015f buraya \u00fcye. Ne yapt\u0131k? BM \u00e7at\u0131s\u0131 alt\u0131nda bu \u00e7al\u0131\u015fmay\u0131 s\u00fcrd\u00fcr\u00fcyoruz. Neden? D\u00fcnyada bir medeniyetler \u00e7at\u0131\u015fmas\u0131 olmas\u0131n, bir medeniyetler ittifak\u0131 olsun. Bu ad\u0131m\u0131 atan bir \u00fclke T\u00fcrkiye. Tabii ki bunun gere\u011fini bundan sonra da yapacakt\u0131r\u201d diye konu\u015ftu.<\/p>\n<p style=\"text-align: justify;\"><strong>ILIMLI \u0130SLAM KAVRAMI<\/strong><\/p>\n<p style=\"text-align: justify;\">Erdo\u011fan, d\u00fcnyada \u0131l\u0131ml\u0131 \u0130slam hareketinin y\u00fckselip y\u00fckselmedi\u011finin sorulmas\u0131 \u00fczerine ise \u201c\u0131l\u0131ml\u0131 \u0130slam\u201d ifadesini kabul etmesinin m\u00fcmk\u00fcn olmad\u0131\u011f\u0131n\u0131 belirtti.<\/p>\n<p style=\"text-align: justify;\">Erdo\u011fan, \u201c\u015e\u00f6yle, \u0131l\u0131ml\u0131 \u0130slam diye bir ifade olmaz, bu yanl\u0131\u015f bir \u015fey. \u0130slam a\u015f\u0131r\u0131l\u0131klar\u0131 reddeder, asla kabul etmez. \u0130slam orta yolu tavsiye eder. \u00c7\u00fcnk\u00fc \u0130slam kelime anlam\u0131 itibariyle Arap\u00e7a (Silm) kelimesinden gelir ve bu bar\u0131\u015ft\u0131r. Bar\u0131\u015f dini olan \u0130slam asla ter\u00f6re m\u00fcsaade etmez ve onun i\u00e7in de \u0130slam\u2019\u0131n ter\u00f6rle bir arada an\u0131lmas\u0131 asla do\u011fru de\u011fildir. Bir M\u00fcsl\u00fcman e\u011fer ter\u00f6rist olmu\u015fsa onun s\u0131k\u0131nt\u0131s\u0131 var demektir. Onun \u0130slam\u2019la da alakas\u0131 yoktur. \u00c7\u00fcnk\u00fc \u0130slam ter\u00f6re m\u00fcsaade etmez. \u00c7\u00fcnk\u00fc bir insan\u0131n \u00f6ld\u00fcr\u00fclmesi t\u00fcm insanl\u0131\u011f\u0131n \u00f6ld\u00fcr\u00fclmesi gibidir.\u201d<\/p>\n<p style=\"text-align: justify;\">\u201cAma H\u0131ristiyanlar\u0131n i\u00e7inde ter\u00f6rist yok mu? Yahudilerin i\u00e7inde ter\u00f6rist yok mu? \u0130\u015fte Norve\u00e7\u2019te olan olay\u0131 g\u00f6rd\u00fcn\u00fcz, \u00f6rnekleri \u00e7ok, \u0130ngiltere\u2019de olan olaylar\u0131 g\u00f6rd\u00fcn\u00fcz, \u0130spanya\u2019da olan olaylar\u0131 g\u00f6rd\u00fcn\u00fcz. Demek ki oralarda da ter\u00f6ristler var. \u015eimdi olaya b\u00f6yle bakmak laz\u0131m ve asla \u0130slam\u2019\u0131 da ter\u00f6rle \u00f6zde\u015fle\u015ftirmek do\u011fru de\u011fil. Anti-semitizm nas\u0131l bir insanl\u0131k su\u00e7uysa, \u0130slamofobia ayn\u0131 \u015fekilde bir insanl\u0131k su\u00e7udur. Bunu bu \u015fekilde ifade etmek ve kafalara yerle\u015ftirmek gerekir.&#8221;<\/p>\n<p style=\"text-align: justify;\"><strong>SOMAL\u0130<\/strong><\/p>\n<p style=\"text-align: justify;\">BM Genel Kurulu\u2019nda yapaca\u011f\u0131 konu\u015fmada Somali&#8217;deki a\u00e7l\u0131ktan s\u00f6z edece\u011finin hat\u0131rlat\u0131lmas\u0131 \u00fczerine, Somali&#8217;ye bizzat ailesiyle beraber gitti\u011fini, durumu yerinde g\u00f6rd\u00fc\u011f\u00fcn\u00fc belirterek \u015funlar\u0131 kaydetti:<\/p>\n<p style=\"text-align: justify;\">\u201cYerinde inceledik, g\u00f6rd\u00fck ve &#8216;\u0130nsanl\u0131k dram\u0131na kar\u015f\u0131 seyirci kalmamam\u0131z gerekir&#8217; dedik. Ufac\u0131k yavrular\u0131n nas\u0131l \u00f6ld\u00fc\u011f\u00fcn\u00fc g\u00f6rd\u00fck, g\u00f6zlerimizle g\u00f6rd\u00fck ve oralarda hijyen diye bir \u015fey yok, hastane diye bir \u015fey yok, bunlar\u0131 g\u00f6rd\u00fck. S\u00fcratle sahra hastaneleri kurduk, kurmaya devam ediyoruz. \u015eimdi de 200 yatakl\u0131 bir hastanenin kurulu\u015f \u00e7al\u0131\u015fmalar\u0131n\u0131 s\u00fcrd\u00fcr\u00fcyoruz. Bu ad\u0131mlar\u0131 ataca\u011f\u0131z ve halk\u0131m\u0131za yapt\u0131\u011f\u0131m\u0131z davet kar\u015f\u0131s\u0131nda sivil toplum \u00f6rg\u00fctleriyle beraber \u015fu ana kadar 300 milyon dolarl\u0131k bir yard\u0131m, nakit olarak toplanm\u0131\u015f vaziyette. Havaalan\u0131ndan, yollar\u0131na kadar hastane, okul, su gibi b\u00fct\u00fcn bu ihtiya\u00e7lar\u0131n\u0131 giderecek yat\u0131r\u0131mlar\u0131 burada yapaca\u011f\u0131z. Bunun i\u00e7in \u015fu anda ekiplerimizi olu\u015fturduk. Zaten orada \u015fu anda \u00e7al\u0131\u015fan ekiplerimiz var ve orada bir b\u00fcy\u00fckel\u00e7ilik binas\u0131n\u0131 hemen a\u00e7\u0131yoruz. B\u00fcy\u00fckel\u00e7imizi atad\u0131k ve bize ay\u0131rd\u0131klar\u0131 yeni bir alana da B\u00fcy\u00fckel\u00e7ilik binam\u0131z\u0131n in\u015faat\u0131n\u0131 in\u015fallah s\u00fcratle bitirece\u011fiz, kuraca\u011f\u0131z. Ve ayni, nakdi olarak yard\u0131mlar\u0131m\u0131z devam ediyor, edecek. \u00c7\u00f6p kamyonlar\u0131 g\u00f6ndermeye ba\u015flad\u0131k. Buralarda trakt\u00f6rlerle tar\u0131m yapmay\u0131 da \u00f6\u011fretece\u011fiz.\u201d<\/p>\n<p style=\"text-align: justify;\">Somali&#8217;de yat\u0131r\u0131m\u0131 te\u015fvik edeceklerini belirten Erdo\u011fan \u015f\u00f6yle konu\u015ftu: \u201c(Somalililere) bal\u0131k tutmay\u0131 \u00f6\u011fretece\u011fiz. Bununla bir \u015feyi ifade etmek istiyorum. Bal\u0131k yedirmek de\u011fil, bal\u0131k tutmay\u0131 \u00f6\u011fretmek, \u00f6nemli olan bu. Bunun i\u00e7in de baz\u0131 yat\u0131r\u0131mlar\u0131 te\u015fvik edece\u011fiz ve T\u00fcrk i\u015fadamlar\u0131n\u0131 orada yat\u0131r\u0131mlara te\u015fvik edece\u011fiz. Ve b\u00f6ylece Somali\u2019yi istiyoruz ki aya\u011fa kald\u0131ral\u0131m. Ama hi\u00e7bir insan ay\u0131rt etmeden, oradaki topluluklar\u0131 birbirinden ay\u0131rt etmeden yard\u0131m elimizi oraya, hi\u00e7bir \u00e7\u0131kar g\u00f6zetmeksizin in\u015fallah yapaca\u011f\u0131z ve burada Amerika\u2019n\u0131n sayg\u0131n i\u015fadamlar\u0131n\u0131, firmalar\u0131n\u0131, d\u00fcnyan\u0131n de\u011fi\u015fik \u00fclkelerinden firmalar\u0131 Somali;ye el uzatmaya davet ediyoruz.\u201d<\/p>\n<p style=\"text-align: justify;\"><strong>AB \u00dcYEL\u0130\u011e\u0130<\/strong><\/p>\n<p style=\"text-align: justify;\">T\u00fcrkiye&#8217;nin AB&#8217;ye kat\u0131lma niyetini s\u00fcrd\u00fcr\u00fcp s\u00fcrd\u00fcrmedi\u011finin sorulmas\u0131 \u00fczerine ise, \u201c50 y\u0131ld\u0131r biliyorsunuz bu i\u015fin takip\u00e7isi olduk. \u015eu anda Avrupa Birli\u011fi bu konuda bize bir tav\u0131r koymad\u0131k\u00e7a biz s\u00fcreci koparan bir \u00fclke olarak kesmek istemiyoruz. Avrupa Birli\u011fi kendi i\u00e7inde bu konuda bir karar versin, bunun i\u00e7in de dersi \u00e7al\u0131\u015f\u0131yoruz, elimizden gelen gayreti g\u00f6steriyoruz. Temenni ederim ki AB yanl\u0131\u015f\u0131ndan d\u00f6ner ve bir G\u00fcney K\u0131br\u0131s&#8217;a T\u00fcrkiye\u2019yi feda etmez\u201d dedi.<\/p>\n<p style=\"text-align: justify;\"><strong>DO\u011eU AKDEN\u0130Z<\/strong><\/p>\n<p style=\"text-align: justify;\">Erdo\u011fan, G\u00fcney K\u0131br\u0131s&#8217;\u0131n petrol ve gaz arama faaliyetleri kapsam\u0131nda Do\u011fu Akdeniz\u2019de artan say\u0131da T\u00fcrk gemilerinin varl\u0131\u011f\u0131ndan s\u00f6z edildi\u011finin hat\u0131rlat\u0131lmas\u0131 \u00fczerine ise, garant\u00f6r \u00fclke olarak T\u00fcrkiye&#8217;nin Kuzey K\u0131br\u0131s\u2019taki T\u00fcrklerin haklar\u0131n\u0131 arayaca\u011f\u0131n\u0131 belirterek \u201c\u015eu anda T\u00fcrk donanmas\u0131n\u0131n orada bulunmas\u0131n\u0131n sebebi budur ve sismik ara\u015ft\u0131rma gemisi de anla\u015fma gere\u011fi oraya gidecek. Ve o b\u00f6lgede bizler de ayn\u0131 \u015fekilde KKTC ile birlikte ara\u015ft\u0131rmaya ba\u015flayaca\u011f\u0131z\u201d dedi.<\/p>\n<p style=\"text-align: justify;\"><a href=\"http:\/\/www.hurriyet.com.tr\/planet\/18798442.asp\" target=\"_blank\">Kaynak : H\u00fcrriyet.com.tr<\/a><\/p>\n","protected":false},"excerpt":{"rendered":"<p style=\"text-align: center;\">\n<p style=\"text-align: justify;\">Amerikan PBS televizyonunda \u00fcnl\u00fc sunucu Charlie Rose&#8217;un konu\u011fu olan Ba\u015fbakan Recep Tayyip Erdo\u011fan, &#8220;\u0130srail&#8217;in sald\u0131r\u0131s\u0131n\u0131 bir sava\u015f sebebi olarak g\u00f6r\u00fcyorsunuz de\u011fil mi&#8221; sorusuna &#8220;Gere\u011finde bu da yap\u0131l\u0131r. Ama biz b\u00fcy\u00fck devlet olman\u0131n gere\u011fi olarak buna sab\u0131rl\u0131 davrand\u0131k&#8221; yan\u0131t\u0131n\u0131 verdi.<\/p>\n","protected":false},"author":1,"featured_media":0,"comment_status":"open","ping_status":"open","sticky":false,"template":"","format":"standard","meta":{"footnotes":""},"categories":[105],"tags":[],"class_list":["post-40103","post","type-post","status-publish","format-standard","hentry","category-gundem","odd"],"_links":{"self":[{"href":"http:\/\/www.korhanyilmaz.com\/index.php?rest_route=\/wp\/v2\/posts\/40103","targetHints":{"allow":["GET"]}}],"collection":[{"href":"http:\/\/www.korhanyilmaz.com\/index.php?rest_route=\/wp\/v2\/posts"}],"about":[{"href":"http:\/\/www.korhanyilmaz.com\/index.php?rest_route=\/wp\/v2\/types\/post"}],"author":[{"embeddable":true,"href":"http:\/\/www.korhanyilmaz.com\/index.php?rest_route=\/wp\/v2\/users\/1"}],"replies":[{"embeddable":true,"href":"http:\/\/www.korhanyilmaz.com\/index.php?rest_route=%2Fwp%2Fv2%2Fcomments&post=40103"}],"version-history":[{"count":0,"href":"http:\/\/www.korhanyilmaz.com\/index.php?rest_route=\/wp\/v2\/posts\/40103\/revisions"}],"wp:attachment":[{"href":"http:\/\/www.korhanyilmaz.com\/index.php?rest_route=%2Fwp%2Fv2%2Fmedia&parent=40103"}],"wp:term":[{"taxonomy":"category","embeddable":true,"href":"http:\/\/www.korhanyilmaz.com\/index.php?rest_route=%2Fwp%2Fv2%2Fcategories&post=40103"},{"taxonomy":"post_tag","embeddable":true,"href":"http:\/\/www.korhanyilmaz.com\/index.php?rest_route=%2Fwp%2Fv2%2Ftags&post=40103"}],"curies":[{"name":"wp","href":"https:\/\/api.w.org\/{rel}","templated":true}]}}