{"id":40099,"date":"2011-09-22T13:48:49","date_gmt":"2011-09-22T10:48:49","guid":{"rendered":"http:\/\/www.korhanyilmaz.com\/?p=40099"},"modified":"2011-09-22T15:26:35","modified_gmt":"2011-09-22T12:26:35","slug":"tekirdagda-hayat-durdu","status":"publish","type":"post","link":"http:\/\/www.korhanyilmaz.com\/?p=40099","title":{"rendered":"Tekirda\u011f&#8217;da hayat durdu"},"content":{"rendered":"<p style=\"text-align: center;\"><a href=\"http:\/\/www.korhanyilmaz.com\/wp-content\/uploads\/2011\/09\/5130.jpg\"  class=\"lightview\"><img loading=\"lazy\" decoding=\"async\" class=\"aligncenter  wp-image-40100\" src=\"http:\/\/www.korhanyilmaz.com\/wp-content\/uploads\/2011\/09\/5130.jpg\" alt=\"\" width=\"385\" height=\"255\" \/><\/a><\/p>\n<p style=\"text-align: justify;\">TEK\u0130RDA\u011e\u2019da gece ba\u015flayan ve sabaha kar\u015f\u0131 etkisini art\u0131ran yo\u011fun ya\u011fmur ya\u011f\u0131\u015f\u0131 hayat\u0131 fel\u00e7 etti. Cadde ve sokaklar g\u00f6le d\u00f6nerken, \u00e7ok say\u0131da ev ve i\u015fyerini su bast\u0131. Ya\u011fmur suyu park halindeki bir otomobili denize s\u00fcr\u00fckledi.<\/p>\n<p style=\"text-align: justify;\">Tekirda\u011f\u2019da d\u00fcn gece ba\u015flayan ve sabah etkisini art\u0131ran yo\u011fun ya\u011fmur ya\u011f\u0131\u015f\u0131 kentte hayat\u0131 durma noktas\u0131na getirdi. Ya\u011f\u0131\u015f nedeniyle cadde ve sokaklarda 45 santimetreye yak\u0131n su birikintileri olu\u015ftu. Olu\u015fan su birikintileri baz\u0131 a\u011fa\u00e7lar\u0131 y\u0131kt\u0131, park halindeki ara\u00e7lar\u0131 s\u00fcr\u00fckledi.<!--more--><\/p>\n<p style=\"text-align: justify;\">\u00c7ok say\u0131da ev ve i\u015fyerini su bast\u0131. Park halindeki bir otomobil ise denize s\u00fcr\u00fcklendi. Ya\u011fmur ya\u011f\u0131\u015f\u0131n\u0131n en \u00e7ok etkilendi\u011fi Alt\u0131nova Mahallesi ile Barbaros ile Kumba\u011f Beldesi\u2019ndeki \u00e7ok say\u0131da yazl\u0131\u011f\u0131 su bast\u0131. Alt\u0131nova Mahallesi ile Barbaros Beldesi\u2019ni birbirine ba\u011flayan k\u00f6pr\u00fc, Barbaros Deresi\u2019nin ta\u015fmas\u0131 sonucu ula\u015f\u0131ma kapand\u0131. \u00c7ok say\u0131da ki\u015fi caddeler su ile doldu\u011fu i\u00e7in evlerinde mahsur kald\u0131. Tekirda\u011f Belediyesi itfaiye ekipleri, su basan evlerde su tahliye \u00e7al\u0131\u015fmas\u0131na ba\u015flarken, ekiplerin yeti\u015femedi\u011fi evlerde oturanlar kendi imkanlar\u0131 ile su tahliye i\u015flemlerine yapmaya \u00e7al\u0131\u015f\u0131yor.<\/p>\n<p style=\"text-align: justify;\">Tekirda\u011f Valisi Z\u00fcbeyir Kemelek, selin ard\u0131ndan su bask\u0131nlar\u0131n\u0131n ya\u015fand\u0131\u011f\u0131 yerlerde incelemelerde bulundu.<\/p>\n<p style=\"text-align: justify;\">Meteoroloji M\u00fcd\u00fcrl\u00fc\u011f\u00fc yetkilileri, son 24 saat i\u00e7inde metrekareye 90,2 kilo ya\u011f\u0131\u015f d\u00fc\u015ft\u00fc\u011f\u00fcn\u00fc ve ya\u011fmur ya\u011f\u0131\u015f\u0131n\u0131n g\u00fcn boyu s\u00fcrece\u011fini belirtti.<\/p>\n<p style=\"text-align: justify;\"><strong>ALANYA&#8217;DA \u015e\u0130DDETL\u0130 YA\u011eMURDA EVLER\u0130 SU BASTI\u00a0<\/strong><\/p>\n<p style=\"text-align: justify;\">ANTALYA\u2019n\u0131n Alanya \u0130l\u00e7esi\u2019nde, bu sabaha kar\u015f\u0131 etkili olan \u015fiddetli ya\u011f\u0131\u015f nedeniyle 75 ev ve i\u015fyerini su bast\u0131.<\/p>\n<p style=\"text-align: justify;\">Alanya\u2019da saat 05.00 s\u0131ralar\u0131nda ba\u015flayan \u015fiddetli ya\u011fmur nedeniyle il\u00e7e merkezinde zemin katlarda bulunan 35 ev ve i\u015fyeri ile Mahmutlar Beldesi\u2019ndeki 40 ev ve i\u015fyerini su bast\u0131. Yakla\u015f\u0131k 1 saat s\u00fcren a\u015f\u0131r\u0131 ya\u011f\u0131\u015f sonras\u0131 su bask\u0131n\u0131 meydana gelen yerlerde itfaiye ekipleri tahliye \u00e7al\u0131\u015fmas\u0131 yapt\u0131.<\/p>\n<p style=\"text-align: justify;\">Alanya \u0130l\u00e7e Meteoroloji M\u00fcd\u00fcrl\u00fc\u011f\u00fc yetkilileri metrekareye 49 kilogram ya\u011f\u0131\u015f d\u00fc\u015ft\u00fc\u011f\u00fcn\u00fc belirtirken, r\u00fczgar\u0131n h\u0131z\u0131n\u0131n da 50 kilometreye ula\u015ft\u0131\u011f\u0131n\u0131 kaydetti.<\/p>\n<p style=\"text-align: justify;\"><a href=\"http:\/\/www.hurriyet.com.tr\/gundem\/18799211.asp\" target=\"_blank\">Kaynak : H\u00fcrriyet.com.tr<\/a><\/p>\n","protected":false},"excerpt":{"rendered":"<p style=\"text-align: center;\">\n<p style=\"text-align: justify;\">TEK\u0130RDA\u011e\u2019da gece ba\u015flayan ve sabaha kar\u015f\u0131 etkisini art\u0131ran yo\u011fun ya\u011fmur ya\u011f\u0131\u015f\u0131 hayat\u0131 fel\u00e7 etti. Cadde ve sokaklar g\u00f6le d\u00f6nerken, \u00e7ok say\u0131da ev ve i\u015fyerini su bast\u0131. Ya\u011fmur suyu park halindeki bir otomobili denize s\u00fcr\u00fckledi.<\/p>\n<p style=\"text-align: justify;\">Tekirda\u011f\u2019da d\u00fcn gece ba\u015flayan ve sabah etkisini art\u0131ran yo\u011fun ya\u011fmur ya\u011f\u0131\u015f\u0131 kentte hayat\u0131 durma <\/p>\n","protected":false},"author":1,"featured_media":0,"comment_status":"open","ping_status":"open","sticky":false,"template":"","format":"standard","meta":{"footnotes":""},"categories":[105],"tags":[],"class_list":["post-40099","post","type-post","status-publish","format-standard","hentry","category-gundem","odd"],"_links":{"self":[{"href":"http:\/\/www.korhanyilmaz.com\/index.php?rest_route=\/wp\/v2\/posts\/40099","targetHints":{"allow":["GET"]}}],"collection":[{"href":"http:\/\/www.korhanyilmaz.com\/index.php?rest_route=\/wp\/v2\/posts"}],"about":[{"href":"http:\/\/www.korhanyilmaz.com\/index.php?rest_route=\/wp\/v2\/types\/post"}],"author":[{"embeddable":true,"href":"http:\/\/www.korhanyilmaz.com\/index.php?rest_route=\/wp\/v2\/users\/1"}],"replies":[{"embeddable":true,"href":"http:\/\/www.korhanyilmaz.com\/index.php?rest_route=%2Fwp%2Fv2%2Fcomments&post=40099"}],"version-history":[{"count":0,"href":"http:\/\/www.korhanyilmaz.com\/index.php?rest_route=\/wp\/v2\/posts\/40099\/revisions"}],"wp:attachment":[{"href":"http:\/\/www.korhanyilmaz.com\/index.php?rest_route=%2Fwp%2Fv2%2Fmedia&parent=40099"}],"wp:term":[{"taxonomy":"category","embeddable":true,"href":"http:\/\/www.korhanyilmaz.com\/index.php?rest_route=%2Fwp%2Fv2%2Fcategories&post=40099"},{"taxonomy":"post_tag","embeddable":true,"href":"http:\/\/www.korhanyilmaz.com\/index.php?rest_route=%2Fwp%2Fv2%2Ftags&post=40099"}],"curies":[{"name":"wp","href":"https:\/\/api.w.org\/{rel}","templated":true}]}}