{"id":40093,"date":"2011-09-22T13:48:12","date_gmt":"2011-09-22T10:48:12","guid":{"rendered":"http:\/\/www.korhanyilmaz.com\/?p=40093"},"modified":"2011-09-22T15:20:03","modified_gmt":"2011-09-22T12:20:03","slug":"van-ve-diyarbakirda-4-sehit","status":"publish","type":"post","link":"http:\/\/www.korhanyilmaz.com\/?p=40093","title":{"rendered":"Van ve Diyarbak\u0131r&#8217;da 4 \u015fehit"},"content":{"rendered":"<p style=\"text-align: center;\"><a href=\"http:\/\/www.korhanyilmaz.com\/wp-content\/uploads\/2011\/09\/5129.jpg\"  class=\"lightview\"><img loading=\"lazy\" decoding=\"async\" class=\"aligncenter  wp-image-40094\" src=\"http:\/\/www.korhanyilmaz.com\/wp-content\/uploads\/2011\/09\/5129.jpg\" alt=\"\" width=\"396\" height=\"212\" \/><\/a><\/p>\n<p style=\"text-align: justify;\">\u0130lk ac\u0131 haber Van&#8217;dan geldi. \u00c7atak \u0130l\u00e7esi&#8217;nde ak\u015fam saatlerinde g\u00fcvenlik g\u00fc\u00e7leri ile PKK&#8217;l\u0131lar aras\u0131nda \u00e7at\u0131\u015fma \u00e7\u0131kt\u0131. \u00c7\u0131kan \u00e7at\u0131\u015fmalarda 1 asker, 2 k\u00f6y korucusu \u015fehit olurken, 2 korucu da yaraland\u0131. Diyarbak\u0131r&#8217;da bug\u00fcn Yunus polis ekibine d\u00fczenlenen sald\u0131r\u0131da ise 1 polis \u015fehit oldu. \u015eehit polisin 26 Temmuz&#8217;da ter\u00f6ristlerin ses bombal\u0131 sald\u0131r\u0131s\u0131ndan yaral\u0131 olarak kurtuldu\u011fu ortaya \u00e7\u0131kt\u0131. Sald\u0131r\u0131n\u0131n ard\u0131ndan \u015fehit olan Mehmet Emin \u00c7ak\u0131r\u2019\u0131n arkada\u015flar\u0131 g\u00f6zya\u015flar\u0131na bo\u011fuldu. Bir polis memuru &#8216;Mehmet Emin nas\u0131l \u00f6l\u00fcr?&#8217; diyerek di\u011fer arkada\u015flar\u0131na ac\u0131 haberi verdi.\u00a0<!--more--><\/p>\n<p style=\"text-align: justify;\"><strong>BAKIM \u0130\u00c7\u0130N TAM\u0130RC\u0130YE G\u0130TT\u0130LER\u00a0<\/strong><\/p>\n<p style=\"text-align: justify;\">PKK\u2019l\u0131 ter\u00f6ristler Diyarbak\u0131r merkez Sur \u0130l\u00e7esi\u2019nde Emniyet M\u00fcd\u00fcrl\u00fc\u011f\u00fc Asayi\u015f \u015eube M\u00fcd\u00fcrl\u00fc\u011f\u00fc\u2019n\u00fcn olu\u015fturdu\u011fu &#8216;G\u00fcven Timi&#8217;nde motosikletli olarak g\u00f6rev yapan Yunus ekibini hedef ald\u0131. Kente gelen turistlerin yo\u011fun olarak bulundu\u011fu tarihi Surlar\u0131 ziyaret etti\u011fi Turistik Caddesi \u00fczerinde motosikletle g\u00f6rev yapan polis memurlar\u0131 Mehmet Emin \u00c7ak\u0131r (26) ile Erman Tosun, saat 10.45\u2019de kulland\u0131klar\u0131 motorun bak\u0131m\u0131n\u0131 yapt\u0131rmak i\u00e7in ayn\u0131 cadde \u00fczerindeki bir motosiklet tamircisine gitti. \u0130ki polis memurunun tamircilerle g\u00f6r\u00fc\u015ft\u00fc\u011f\u00fc s\u0131rada yaya olarak gelen 2 ter\u00f6rist, polis ve tamircilerin \u00fczerine uzun namlulu silahlarla yayl\u0131m ate\u015fi a\u00e7t\u0131.<\/p>\n<p style=\"text-align: justify;\"><strong>TER\u00d6R\u0130STLER YAYA OLARAK KA\u00c7TI\u00a0<\/strong><\/p>\n<p style=\"text-align: justify;\">A\u00e7\u0131lan ate\u015fte polis memurlar\u0131 Mehmet Emin \u00c7ak\u0131r ve Erman Tosun a\u011f\u0131r, tamirciler Mehmet Nuri Aba ile Serdar \u00c7elikel ise hafif yaraland\u0131. Sald\u0131r\u0131y\u0131 ger\u00e7ekle\u015ftiren ter\u00f6ristler yaya olarak olay yerinden ka\u00e7arken, yaral\u0131lar ambulanslarla Dicle \u00dcniversitesi T\u0131p Fak\u00fcltesi ve Devlet Hastanesi\u2019ne kald\u0131r\u0131ld\u0131. Dicle \u00dcniversitesi T\u0131p Fak\u00fcltesi Hastanesi\u2019ne kald\u0131r\u0131lan polis memuru Mehmet Emin \u00c7ak\u0131r, yap\u0131lan t\u00fcm m\u00fcdahaleye ra\u011fmen \u015fehit oldu. Devlet Hastanesi\u2019nde ilk m\u00fcdahaleleri yap\u0131lan di\u011fer yaral\u0131lar da T\u0131p Fak\u00fcltesi Hastanesi\u2019ne sevkedildi. Boynuna ve kalbine 2 kur\u015fun isabet eden ve durumu a\u011f\u0131r olan polis memuru Erman Tosun da burada ameliyata al\u0131nd\u0131. Bacaklar\u0131ndan yaralanan motosiklet tamircileri Mehmet Nuri Aba ile Serdar \u00c7elikel\u2019in durumlar\u0131n\u0131n iyi oldu\u011fu belirtildi.<\/p>\n<p style=\"text-align: justify;\"><strong>DAHA \u00d6NCEK\u0130 BOMBALI SALDIRIDAN YARALI KURTULMU\u015e\u00a0<\/strong><\/p>\n<p style=\"text-align: justify;\">Diyarbak\u0131r\u2019da PKK\u2019l\u0131 ter\u00f6ristlerin sald\u0131r\u0131s\u0131nda \u015fehit olan Mehmet Emin \u00c7ak\u0131r\u2019\u0131n kentte merkez Kayap\u0131nar \u0130l\u00e7esi Sanayi Sitesi\u2019nde yer alan Motosikletli Timler Amirli\u011fi\u2019ne ter\u00f6ristlerin att\u0131\u011f\u0131 ses bombas\u0131nda yaralanan 5 polis memuru aras\u0131nda oldu\u011fu ortaya \u00e7\u0131kt\u0131. PKK\u2019l\u0131 ter\u00f6ristler 26 Temmuz 2011 g\u00fcn\u00fc Sanayi Sitesi\u2019nde daha \u00f6nce karakol olarak kullan\u0131ld\u0131ktan sonra Asayi\u015f \u015eube M\u00fcd\u00fcrl\u00fc\u011f\u00fc\u2019ne ba\u011fl\u0131 Motosikletli Timler Amirli\u011fi\u2019ne d\u00f6n\u00fc\u015ft\u00fcr\u00fclen binan\u0131n \u00f6n\u00fcndeki polisleri hedef ald\u0131. Ter\u00f6ristlerin el bombal\u0131 d\u00fczenledi\u011fi sald\u0131r\u0131da 5 polis memuru hafif yaralanm\u0131\u015ft\u0131.<\/p>\n<p style=\"text-align: justify;\">Sald\u0131r\u0131da yaralanan 5 memur aras\u0131nda bug\u00fcn PKK\u2019l\u0131 ter\u00f6ristlerin d\u00fczenledi\u011fi sald\u0131r\u0131da \u015fehit olan Mehmet Emin \u00c7ak\u0131r\u2019\u0131n da bulundu\u011fu belirtildi. O sald\u0131r\u0131da hafif yaralanan \u00c7ak\u0131r\u2019\u0131n tedavisinin ard\u0131ndan g\u00f6revine devam etti\u011fi ifade edildi. \u015eehit \u00c7ak\u0131r\u2019\u0131n cenazesi yap\u0131lan t\u00f6ren ard\u0131ndan topra\u011fa verilmek \u00fczere memleketi Malatya\u2019ya g\u00f6nderilecek.<\/p>\n<p style=\"text-align: justify;\"><strong>POL\u0130S ALARMA GE\u00c7T\u0130\u00a0<\/strong><\/p>\n<p style=\"text-align: justify;\">1 polis memurunu \u015fehit eden, biri polis 3 ki\u015fiyi de yaralad\u0131ktan sonra yaya olarak ka\u00e7an ter\u00f6ristlerin yakalanmas\u0131 i\u00e7in kentte geni\u015f kapsaml\u0131 operasyon ba\u015flat\u0131ld\u0131. \u00d6zel Hareket polislerinin kat\u0131ld\u0131\u011f\u0131 operasyonda ter\u00f6ristlerin ka\u00e7t\u0131\u011f\u0131 mahalleler abluka alt\u0131na al\u0131n\u0131rken, kentin t\u00fcm giri\u015f ve \u00e7\u0131k\u0131\u015flar\u0131 tutuldu. Polis helikopterleri operasyona havadan destek verdi.<\/p>\n<p style=\"text-align: justify;\"><strong>2 K\u0130\u015e\u0130 G\u00d6ZALTINA ALINDI\u00a0<\/strong><\/p>\n<p style=\"text-align: justify;\">Polisin geni\u015f kapsaml\u0131 operasyonunda g\u00f6rg\u00fc tan\u0131klar\u0131n\u0131n verdikleri e\u015fgaller \u00fczerinde \u00e7al\u0131\u015fmalar\u0131n\u0131n s\u00fcrd\u00fcr\u00fcrken 2 ki\u015fiyi g\u00f6zalt\u0131na ald\u0131. Diyarbak\u0131r Valisi Mustafa Toprak, g\u00f6zalt\u0131na al\u0131nan 2 \u015f\u00fcpheliyle ilgili soru\u015fturman\u0131n s\u00fcrd\u00fc\u011f\u00fcn\u00fc ve olay\u0131n faili olup olmad\u0131klar\u0131n\u0131n\u0131 ara\u015ft\u0131r\u0131ld\u0131\u011f\u0131n\u0131 s\u00f6yledi.<\/p>\n<p style=\"text-align: justify;\">Vali Mustafa Toprak, sald\u0131r\u0131n\u0131n ger\u00e7ekle\u015ftirildi\u011fi b\u00f6lgede incelemelerde bulundu. Toprak, polislerin turistlerin yo\u011fun olarak bulundu\u011fu cadde \u00fczerine Yunus ekibi olarak motosikletle g\u00f6rev yapt\u0131\u011f\u0131n\u0131 belirtti. Toprak, polislerin esnaflarla g\u00f6r\u00fc\u015ft\u00fc\u011f\u00fc s\u0131rada sald\u0131r\u0131n\u0131n ger\u00e7ekle\u015fti\u011fini ifade ederek, &#8220;\u015eimdilik 2 ki\u015fi oldu\u011fu belirlenen ki\u015filerce uzun namlulu silahlarla taranmak suretiyle olay ger\u00e7ekle\u015fmi\u015ftir. 1985 do\u011fumlu bekar bir polisimiz \u015fehit oldu. Bir polisimiz a\u011f\u0131r yaral\u0131 hastanede ameliyata al\u0131nd\u0131. \u0130ki esnaf arkada\u015f\u0131m\u0131z ayaklar\u0131ndan yaral\u0131, hayati tehlikeleri yok. \u015eu anda \u00f6zel harekat timleri ba\u015fta olmak \u00fczere polisimiz t\u00fcm Diyarbak\u0131r\u2019da operasyonlar\u0131n\u0131 s\u00fcrd\u00fcr\u00fcyor, helikopterlerimizde havaland\u0131. \u0130n\u015fallah en k\u0131sa zamanda ele ge\u00e7irece\u011fiz&#8221; dedi.<\/p>\n<p style=\"text-align: justify;\"><strong>KA\u00c7ARKEN BIRAKTIKLARI \u00c7ANTADA EL BOMBASI BULUNDU\u00a0<\/strong><\/p>\n<p style=\"text-align: justify;\">Sald\u0131r\u0131y\u0131 ger\u00e7ekle\u015ftiren ter\u00f6ristlerin ka\u00e7arken olay yeri yak\u0131nlar\u0131nda bir s\u0131rt \u00e7antas\u0131n\u0131 b\u0131rakt\u0131klar\u0131 belirlendi. Polis, \u00e7antan\u0131n i\u00e7inde bomba olabilece\u011fi \u015f\u00fcphesiyle b\u00f6lgeyi g\u00fcvenlik \u015feridiyle \u00e7evirip incelemeye ald\u0131. \u0130ncelemede \u00e7antan\u0131n i\u00e7inde 2 el bombas\u0131 ile uzun namlulu silahlara ait \u015farj\u00f6r ve kur\u015funlar bulundu.<\/p>\n<p style=\"text-align: justify;\"><strong>VAN&#8217;DA \u00c7ATI\u015eMA: 3 \u015eEH\u0130T\u00a0<\/strong><\/p>\n<p style=\"text-align: justify;\">\u00c7at\u0131\u015fma, d\u00fcn ak\u015fam saat 20.00 s\u0131ralar\u0131nda \u00c7atak \u0130l\u00e7e merkezine 20 kilometre uzakl\u0131kta bulunan Melku\u015fan Yaylas\u0131 K\u00f6r\u00fckl\u00fc Vadisi b\u00f6lgesinde ya\u015fand\u0131. B\u00f6lgedeki operasyonlar\u0131n\u0131 s\u00fcrd\u00fcren asker ve korucular, bir grup PKK&#8217;l\u0131 ter\u00f6ristle kar\u015f\u0131la\u015fmalar\u0131 \u00fczerine \u00e7at\u0131\u015fma \u00e7\u0131kt\u0131. \u00c7\u0131kan \u00e7at\u0131\u015fmada ilk belirlemelere g\u00f6re 1 asker ve 1 k\u00f6y korucusu \u015fehit olurken, 1&#8217;i a\u011f\u0131r 3 korucu da yaraland\u0131. Yaral\u0131 koruculardan biri kald\u0131r\u0131ld\u0131\u011f\u0131 hastanede kurtar\u0131lamayarak \u015fehit oldu. Yaral\u0131lar, b\u00f6lgeye sevk edilen helikopterlerle Van Asker Hastanesi&#8217;ne kald\u0131r\u0131l\u0131rken, kobra tipi helikopterlerin deste\u011fiyle de geni\u015f kapsaml\u0131 operasyon ba\u015flat\u0131ld\u0131. \u00c7at\u0131\u015fmalar\u0131n yer yer s\u00fcrd\u00fc\u011f\u00fc belirtildi. \u0130stanbul \u00dcmraniye do\u011fumlu \u015fehit er Do\u011fan G\u00f6\u00e7er&#8217;in Van&#8217;da yap\u0131lacak olan ilk t\u00f6renin ard\u0131ndan memleketi Yozgat&#8217;\u0131n Sar\u0131kaya il\u00e7esi Tepedo\u011fan k\u00f6y\u00fcne u\u011furlanaca\u011f\u0131 belirtilirken, \u015fehit k\u00f6y korucular\u0131 Bedri Esin ile Sabri I\u015f\u0131kal&#8217;\u0131n cenazeleri de \u00c7atak il\u00e7esinde d\u00fczenlenecek olan t\u00f6renin ard\u0131ndan topra\u011fa verilecek.<\/p>\n<p style=\"text-align: justify;\"><strong>\u015eEH\u0130T ER DO\u011eAN G\u00d6\u00c7ER\u2019\u0130N BABA EV\u0130NE ATE\u015e D\u00dc\u015eT\u00dc\u00a0<\/strong><\/p>\n<p style=\"text-align: justify;\"><a href=\"http:\/\/www.korhanyilmaz.com\/wp-content\/uploads\/2011\/09\/5128.jpg\"  class=\"lightview\"><img loading=\"lazy\" decoding=\"async\" class=\"alignright size-full wp-image-40095\" style=\"margin-left: 10px; margin-right: 10px;\" src=\"http:\/\/www.korhanyilmaz.com\/wp-content\/uploads\/2011\/09\/5128.jpg\" alt=\"\" width=\"250\" height=\"150\" \/><\/a>\u00c7at\u0131\u015fmada \u015fehit olan er Do\u011fan G\u00f6\u00e7er\u2019in \u0130stanbul \u00dcmraniye\u2019deki baba evine ac\u0131 haber ula\u015ft\u0131. G\u00f6revli askerler, saat 00.30 s\u0131ralar\u0131nda \u015fehit er G\u00f6\u00e7er\u2019in \u00dcmraniye\u2019deki baba evine gelerek ac\u0131 haberi verdi. O\u011fullar\u0131n\u0131n \u00e7\u0131kan \u00e7at\u0131\u015fmada \u015fehit oldu\u011funu \u00f6\u011frenen G\u00f6\u00e7er ailesi sinir krizi ge\u00e7irdi. Askeri g\u00f6revliler ac\u0131l\u0131 aileyi sakinle\u015ftiremeyince sa\u011fl\u0131k ekiplerinden yard\u0131m istedi. \u015eehit askerin annesi Fatma G\u00f6\u00e7er, babas\u0131 Osman G\u00f6\u00e7er ve k\u0131z karde\u015fleri \u00dcmraniye Devlet Hastanesi\u2019ne kald\u0131rd\u0131. Haberi alarak hastaneye gelen \u015fehidin amcas\u0131 Ali R\u0131za G\u00f6\u00e7er, \u00e7at\u0131\u015fmadan yakla\u015f\u0131k bir saat \u00f6nce ye\u011feniyle g\u00f6r\u00fc\u015ft\u00fc\u011f\u00fcn\u00fc belirterek, &#8220;Ye\u011fenimle ak\u015fam saat 19.00 s\u0131ralar\u0131nda g\u00f6r\u00fc\u015fm\u00fc\u015ft\u00fck. Kendisi 15- 20 g\u00fcn i\u00e7inde izne gelecekti&#8221; dedi. \u015eehit er G\u00f6\u00e7er\u2019in ailesinin hastanedeki tedavisi s\u00fcr\u00fcyor.<\/p>\n<p style=\"text-align: justify;\"><strong>\u015eIRNAK&#8217;TA \u00c7ATI\u015eMA\u00a0<\/strong><\/p>\n<p style=\"text-align: justify;\">\u015e\u0131rnak\u2019\u0131n Cizre \u0130l\u00e7esi yak\u0131nlar\u0131nda K\u00fcpeli Da\u011f\u0131nda bu sabah saatlerinde ba\u015flat\u0131lan operasyonlar devam ederken, hareket halinde tespit edilen ter\u00f6ristlerle s\u0131cak temas sa\u011fland\u0131. K\u0131rka\u011fa\u00e7 ve Ya\u011f\u0131zkaymak b\u00f6lgelerinde halen devam eden \u00e7at\u0131\u015fmalarda 1 ter\u00f6ristin \u00f6ld\u00fcr\u00fcld\u00fc\u011f\u00fc \u00f6\u011frenildi. B\u00f6lgeye, skorsky helikopterleri ile s\u00fcrekli jandarma komandolar sevk ediliyor.<\/p>\n<p style=\"text-align: justify;\"><a href=\"http:\/\/www.hurriyet.com.tr\/gundem\/18795789.asp\" target=\"_blank\">Kaynak : H\u00fcrriyet.com.tr<\/a><\/p>\n","protected":false},"excerpt":{"rendered":"<p style=\"text-align: center;\">\n<p style=\"text-align: justify;\">\u0130lk ac\u0131 haber Van&#8217;dan geldi. \u00c7atak \u0130l\u00e7esi&#8217;nde ak\u015fam saatlerinde g\u00fcvenlik g\u00fc\u00e7leri ile PKK&#8217;l\u0131lar aras\u0131nda \u00e7at\u0131\u015fma \u00e7\u0131kt\u0131. \u00c7\u0131kan \u00e7at\u0131\u015fmalarda 1 asker, 2 k\u00f6y korucusu \u015fehit olurken, 2 korucu da yaraland\u0131. Diyarbak\u0131r&#8217;da bug\u00fcn Yunus polis ekibine d\u00fczenlenen sald\u0131r\u0131da ise 1 polis \u015fehit oldu. \u015eehit polisin 26 Temmuz&#8217;da ter\u00f6ristlerin ses bombal\u0131 sald\u0131r\u0131s\u0131ndan yaral\u0131 <\/p>\n","protected":false},"author":1,"featured_media":0,"comment_status":"open","ping_status":"open","sticky":false,"template":"","format":"standard","meta":{"footnotes":""},"categories":[105],"tags":[],"class_list":["post-40093","post","type-post","status-publish","format-standard","hentry","category-gundem","odd"],"_links":{"self":[{"href":"http:\/\/www.korhanyilmaz.com\/index.php?rest_route=\/wp\/v2\/posts\/40093","targetHints":{"allow":["GET"]}}],"collection":[{"href":"http:\/\/www.korhanyilmaz.com\/index.php?rest_route=\/wp\/v2\/posts"}],"about":[{"href":"http:\/\/www.korhanyilmaz.com\/index.php?rest_route=\/wp\/v2\/types\/post"}],"author":[{"embeddable":true,"href":"http:\/\/www.korhanyilmaz.com\/index.php?rest_route=\/wp\/v2\/users\/1"}],"replies":[{"embeddable":true,"href":"http:\/\/www.korhanyilmaz.com\/index.php?rest_route=%2Fwp%2Fv2%2Fcomments&post=40093"}],"version-history":[{"count":0,"href":"http:\/\/www.korhanyilmaz.com\/index.php?rest_route=\/wp\/v2\/posts\/40093\/revisions"}],"wp:attachment":[{"href":"http:\/\/www.korhanyilmaz.com\/index.php?rest_route=%2Fwp%2Fv2%2Fmedia&parent=40093"}],"wp:term":[{"taxonomy":"category","embeddable":true,"href":"http:\/\/www.korhanyilmaz.com\/index.php?rest_route=%2Fwp%2Fv2%2Fcategories&post=40093"},{"taxonomy":"post_tag","embeddable":true,"href":"http:\/\/www.korhanyilmaz.com\/index.php?rest_route=%2Fwp%2Fv2%2Ftags&post=40093"}],"curies":[{"name":"wp","href":"https:\/\/api.w.org\/{rel}","templated":true}]}}