{"id":40082,"date":"2011-09-21T16:52:59","date_gmt":"2011-09-21T13:52:59","guid":{"rendered":"http:\/\/www.korhanyilmaz.com\/?p=40082"},"modified":"2011-09-21T22:58:02","modified_gmt":"2011-09-21T19:58:02","slug":"chpden-khk-tepkisi","status":"publish","type":"post","link":"http:\/\/www.korhanyilmaz.com\/?p=40082","title":{"rendered":"CHP&#8217;den KHK tepkisi"},"content":{"rendered":"<p style=\"text-align: center;\"><a href=\"http:\/\/www.korhanyilmaz.com\/wp-content\/uploads\/2011\/09\/5125.jpg\"  class=\"lightview\"><img loading=\"lazy\" decoding=\"async\" class=\"aligncenter  wp-image-40083\" src=\"http:\/\/www.korhanyilmaz.com\/wp-content\/uploads\/2011\/09\/5125.jpg\" alt=\"\" width=\"322\" height=\"241\" \/><\/a><\/p>\n<p style=\"text-align: justify;\">CHP S\u00f6zc\u00fcs\u00fc Birg\u00fcl Ayman G\u00fcler, H\u00fck\u00fcmet&#8217;in Kanun H\u00fckm\u00fcnde Kararnamelerle Meclisi devred\u0131\u015f\u0131 b\u0131rakt\u0131\u011f\u0131n\u0131 ifade etti.<\/p>\n<p style=\"text-align: justify;\">Ankara- CHP Merkez Y\u00f6netim Kurulu, (MYK) Genel Ba\u015fkan Kemal K\u0131l\u0131\u00e7daro\u011flu ba\u015fkanl\u0131\u011f\u0131nda parti genel merkezinde topland\u0131. Yakla\u015f\u0131k 3 saat s\u00fcren toplant\u0131n\u0131n ard\u0131ndan CHP S\u00f6zc\u00fcs\u00fc ve Genel Ba\u015fkan Yard\u0131mc\u0131s\u0131 Birg\u00fcl Ayman G\u00fcler, yaz\u0131l\u0131 bir a\u00e7\u0131klama yaparak toplant\u0131ya ili\u015fkin bilgi verdi. G\u00fcler, Ankara&#8217;da ya\u015fanan patlamada ya\u015fam\u0131n\u0131 yitiren ve yaralanan vatanda\u015flar i\u00e7in \u00fcz\u00fcnt\u00fclerini belirtirken &#8220;Toplant\u0131da bu veya benzeri sald\u0131rganl\u0131klar\u0131n t\u00fcm sonu\u00e7lar\u0131yla birlikte yak\u0131ndan izlenmesine karar verildi&#8221; dedi.\u00a0<!--more--><\/p>\n<p style=\"text-align: justify;\">\u00d6zellikle gen\u00e7 i\u015fsizli\u011finde ya\u015fanan y\u00fcksek oranlara dikkat \u00e7eken G\u00fcler, H\u00fck\u00fcmet&#8217;in yat\u0131r\u0131m ve istihdam politikalar\u0131ndaki b\u00fcy\u00fck bo\u015fluklar \u00fczerinde daha etkili \u00e7al\u0131\u015fmalar yap\u0131lmas\u0131n\u0131n kararla\u015ft\u0131r\u0131ld\u0131\u011f\u0131n\u0131 bildirdi. G\u00fcler, belediyelerin CHP&#8217;nin ama\u00e7lar\u0131 do\u011frultusunda y\u00fcr\u00fctt\u00fckleri \u00e7al\u0131\u015fmalar\u0131n desteklenmesi ve bu faaliyetlerin g\u00fc\u00e7lendirilmesi i\u00e7in yap\u0131lmnas\u0131 gereken \u00e7al\u0131\u015fmalar\u0131n da toplant\u0131da g\u00f6r\u00fc\u015f\u00fcld\u00fc\u011f\u00fcn\u00fc bildirdi.<\/p>\n<p style=\"text-align: justify;\">&#8220;Suriye, \u0130ran, Irak, Arap \u00fclkelerine d\u00f6n\u00fck politikalar ve \u00f6zellikle &#8216;\u0130srail Kalkan\u0131&#8217; uygulamas\u0131yla, T\u00fcrkiye&#8217;nin ba\u011f\u0131ms\u0131z d\u0131\u015f politikas\u0131n\u0131n yak\u0131ndan izlenmesi kararla\u015ft\u0131r\u0131ld\u0131&#8221;<\/p>\n<p style=\"text-align: justify;\">G\u00fcler, CHP MYK&#8217;n\u0131n &#8220;PKK ve Ba\u015fbakanl\u0131k aras\u0131nda yap\u0131lan g\u00f6r\u00fc\u015fmelerin yetki sorunu ve m\u00fczakere konular\u0131na ili\u015fkin sorular\u0131n s\u0131k s\u0131k g\u00fcndeme getirilmesine, ayr\u0131ca, kamuoyunun yan\u0131t\u0131n\u0131 merak etti\u011fi sorular\u0131n sorulmas\u0131nda b\u00fcy\u00fck yarar oldu\u011fu&#8221; sonucuna vard\u0131\u011f\u0131n\u0131 belirtirken toplant\u0131da H\u00fck\u00fcmet&#8217;in d\u0131\u015f politikada T\u00fcrkiye ad\u0131na ba\u011f\u0131ms\u0131z ve tutarl\u0131 bir yol izlemedi\u011fi, bunun \u00fclkemizin bug\u00fcn\u00fc ve gelece\u011fi bak\u0131m\u0131ndan kabul edilemez oldu\u011funun vurguland\u0131\u011f\u0131n\u0131 kaydetti. G\u00fcler, &#8220;Bu \u00e7er\u00e7evede, kom\u015fularla ili\u015fkiler, kom\u015fular\u0131m\u0131zla ili\u015fkilerimiz, Suriye, \u0130ran, Irak, Arap \u00fclkelerine d\u00f6n\u00fck politikalar ve \u00f6zellikle &#8216;\u0130srail Kalkan\u0131&#8217; uygulamas\u0131yla, T\u00fcrkiye&#8217;nin ba\u011f\u0131ms\u0131z d\u0131\u015f politikas\u0131n\u0131n yak\u0131ndan izlenmesi kararla\u015ft\u0131r\u0131ld\u0131&#8221; dedi.<\/p>\n<p style=\"text-align: justify;\"><strong>&#8220;TBMM&#8217;nin yetkileri h\u00fck\u00fcmet taraf\u0131ndan gasp edildi&#8221;\u00a0<\/strong><\/p>\n<p style=\"text-align: justify;\">G\u00fcler, H\u00fck\u00fcmet&#8217;in Kanun H\u00fckm\u00fcnde Kararnamelerle Meclisi devred\u0131\u015f\u0131 b\u0131rakt\u0131\u011f\u0131na dikkat \u00e7ekerek \u015funlar\u0131 kaydetti:<\/p>\n<p style=\"text-align: justify;\">&#8220;H\u00fck\u00fcmet, \u00f6nceki TBMM \u00fcyelerinden ald\u0131\u011f\u0131 Yetki Kanunu ile, \u015fimdiki TBMM \u00fcyelerinin iradelerini hi\u00e7e sayarak, y\u00f6netim sistemini Kanun H\u00fckm\u00fcnde Kararnameler ile bi\u00e7imlendirmektedir. TBMM, \u00fclkenin en temel kurumu olan yasama organ\u0131, h\u00fck\u00fcmet taraf\u0131ndan yetkileri gasp edilerek hareketsiz b\u0131rak\u0131lm\u0131\u015ft\u0131r. Bu durum, Ba\u015fbakan&#8217;\u0131n yarg\u0131dan sonra \u015fimdi de yasama g\u00fcc\u00fcn\u00fc i\u015flemez k\u0131lmas\u0131ndan ba\u015fka bir \u015fey de\u011fildir. CHP, Anamuhalefet Partisi olarak, ulusun iradesine konulan bu ipote\u011fi kald\u0131rmay\u0131 en temel g\u00f6revlerinden saymaktad\u0131r. CHP 1 Ekim&#8217;de, bug\u00fcne kadar T\u00fcrkiye&#8217;nin \u00e7\u0131karlar\u0131 ve halk\u0131m\u0131z\u0131n refah\u0131 i\u00e7in y\u00fcr\u00fctt\u00fc\u011f\u00fc m\u00fccadeleye, yasama organ\u0131n\u0131n onurunu kurtarmak m\u00fccadelesini de ekleyecektir. Bu \u00e7er\u00e7evede yetki temeli sorunlu olan kanun h\u00fckm\u00fcnde kararnameleri, Anayasa Mahkemesi denetimine sunmay\u0131 s\u00fcrd\u00fcrecektir.&#8221;<\/p>\n<p style=\"text-align: justify;\">G\u00fcler, MYK toplant\u0131s\u0131nda, TBMM ile TRT Genel M\u00fcd\u00fcrl\u00fc\u011f\u00fc aras\u0131nda, Meclis TV &#8216;ye getirilen k\u0131s\u0131tlamalar\u0131n H\u00fck\u00fcmet&#8217;in bas\u0131n-yay\u0131n organlar\u0131 \u00fczerinde kurdu\u011fu &#8220;sans\u00fcrc\u00fc bask\u0131n\u0131n ba\u015fka bir uygulamas\u0131&#8221; oldu\u011funun ifade edildi\u011fini de belirtirken &#8220;Bu bask\u0131, ulusal karar verme s\u00fcrecinin halktan ka\u00e7\u0131r\u0131lmas\u0131 kayg\u0131s\u0131n\u0131n \u00fcr\u00fcn\u00fc ve AKP iktidar\u0131n\u0131n kapal\u0131 kap\u0131lar ard\u0131nda \u00e7al\u0131\u015fmak al\u0131\u015fkanl\u0131\u011f\u0131n\u0131n sonucu olarak de\u011ferlendirildi&#8221; dedi.<\/p>\n<p style=\"text-align: justify;\"><a href=\"http:\/\/www.cumhuriyet.com.tr\/?hn=278956\" target=\"_blank\">Kaynak : Cumhuriyet Haber Portal\u0131<\/a><\/p>\n","protected":false},"excerpt":{"rendered":"<p style=\"text-align: center;\">\n<p style=\"text-align: justify;\">CHP S\u00f6zc\u00fcs\u00fc Birg\u00fcl Ayman G\u00fcler, H\u00fck\u00fcmet&#8217;in Kanun H\u00fckm\u00fcnde Kararnamelerle Meclisi devred\u0131\u015f\u0131 b\u0131rakt\u0131\u011f\u0131n\u0131 ifade etti.<\/p>\n<p style=\"text-align: justify;\">Ankara- CHP Merkez Y\u00f6netim Kurulu, (MYK) Genel Ba\u015fkan Kemal K\u0131l\u0131\u00e7daro\u011flu ba\u015fkanl\u0131\u011f\u0131nda parti genel merkezinde topland\u0131. Yakla\u015f\u0131k 3 saat s\u00fcren toplant\u0131n\u0131n ard\u0131ndan CHP S\u00f6zc\u00fcs\u00fc ve Genel Ba\u015fkan Yard\u0131mc\u0131s\u0131 Birg\u00fcl Ayman G\u00fcler, yaz\u0131l\u0131 bir a\u00e7\u0131klama yaparak <\/p>\n","protected":false},"author":1,"featured_media":0,"comment_status":"open","ping_status":"open","sticky":false,"template":"","format":"standard","meta":{"footnotes":""},"categories":[105],"tags":[],"class_list":["post-40082","post","type-post","status-publish","format-standard","hentry","category-gundem","odd"],"_links":{"self":[{"href":"http:\/\/www.korhanyilmaz.com\/index.php?rest_route=\/wp\/v2\/posts\/40082","targetHints":{"allow":["GET"]}}],"collection":[{"href":"http:\/\/www.korhanyilmaz.com\/index.php?rest_route=\/wp\/v2\/posts"}],"about":[{"href":"http:\/\/www.korhanyilmaz.com\/index.php?rest_route=\/wp\/v2\/types\/post"}],"author":[{"embeddable":true,"href":"http:\/\/www.korhanyilmaz.com\/index.php?rest_route=\/wp\/v2\/users\/1"}],"replies":[{"embeddable":true,"href":"http:\/\/www.korhanyilmaz.com\/index.php?rest_route=%2Fwp%2Fv2%2Fcomments&post=40082"}],"version-history":[{"count":0,"href":"http:\/\/www.korhanyilmaz.com\/index.php?rest_route=\/wp\/v2\/posts\/40082\/revisions"}],"wp:attachment":[{"href":"http:\/\/www.korhanyilmaz.com\/index.php?rest_route=%2Fwp%2Fv2%2Fmedia&parent=40082"}],"wp:term":[{"taxonomy":"category","embeddable":true,"href":"http:\/\/www.korhanyilmaz.com\/index.php?rest_route=%2Fwp%2Fv2%2Fcategories&post=40082"},{"taxonomy":"post_tag","embeddable":true,"href":"http:\/\/www.korhanyilmaz.com\/index.php?rest_route=%2Fwp%2Fv2%2Ftags&post=40082"}],"curies":[{"name":"wp","href":"https:\/\/api.w.org\/{rel}","templated":true}]}}