{"id":40076,"date":"2011-09-19T09:32:12","date_gmt":"2011-09-19T06:32:12","guid":{"rendered":"http:\/\/www.korhanyilmaz.com\/?p=40076"},"modified":"2011-09-21T21:05:47","modified_gmt":"2011-09-21T18:05:47","slug":"harcatmayacaksin-cunku","status":"publish","type":"post","link":"http:\/\/www.korhanyilmaz.com\/?p=40076","title":{"rendered":"&#8216;Harcatmayacaks\u0131n \u00e7\u00fcnk\u00fc&#8230;&#8217;"},"content":{"rendered":"<p style=\"text-align: justify;\"><a href=\"http:\/\/www.korhanyilmaz.com\/wp-content\/uploads\/2011\/09\/5124.jpg\"  class=\"lightview\"><img loading=\"lazy\" decoding=\"async\" class=\"aligncenter size-full wp-image-40077\" title=\"\" src=\"http:\/\/www.korhanyilmaz.com\/wp-content\/uploads\/2011\/09\/5124.jpg\" alt=\"\" width=\"312\" height=\"165\" \/><\/a><\/p>\n<p style=\"text-align: justify;\">Erdo\u011fan\u2019\u0131n, M\u0130T M\u00fcste\u015far\u0131 Hakan Fidan i\u00e7in \u201cHarcatmam\u201d demesini ele\u015ftirdi<\/p>\n<p style=\"text-align: justify;\">CHP Genel Ba\u015fkan\u0131 Kemal K\u0131l\u0131\u00e7daro\u011flu, Oslo\u2019da yap\u0131lan g\u00f6r\u00fc\u015fmelerin PKK ile M\u0130T aras\u0131nda de\u011fil, Ba\u015fbakanl\u0131k ile PKK aras\u0131nda oldu\u011funu belirterek, Ba\u015fbakan Tayyip Erdo\u011fan\u2019\u0131n, M\u0130T M\u00fcste\u015far\u0131 Hakan Fidan i\u00e7in \u201cHarcatmam\u201d demesini, \u201cHarcatmayacaks\u0131n \u00e7\u00fcnk\u00fc Fidan oraya senin \u00f6zel iste\u011fin \u00fczerine gitmi\u015f\u201d s\u00f6zleriyle ele\u015ftirdi. K\u0131l\u0131\u00e7daro\u011flu, H\u00fcrriyet\u2019e \u015fu a\u00e7\u0131klamalarda bulundu:\u00a0<!--more--><\/p>\n<p style=\"text-align: justify;\"><strong>\u0130mral\u0131\u2019ya de\u011fil Oslo\u2019ya\u00a0<\/strong><\/p>\n<p style=\"text-align: justify;\">&#8211; Kimse kar\u0131\u015ft\u0131rmas\u0131n, Oslo\u2019da olan g\u00f6r\u00fc\u015fmeler M\u0130T ile PKK aras\u0131nda de\u011fil, Ba\u015fbakan\u2019\u0131n \u00f6zel temsilcisi ile PKK aras\u0131nda bir g\u00f6r\u00fc\u015fme. Yani Ba\u015fbakanl\u0131k ile PKK aras\u0131nda. G\u00f6r\u00fc\u015fmeyi yapan Hakan Fidan o tarihte Ba\u015fbakanl\u0131k M\u00fcste\u015far Yard\u0131mc\u0131s\u0131. Giderken yan\u0131na M\u0130T\u2019ten de birini alm\u0131\u015f. Zaten Fidan\u2019\u0131n kendisi de, \u2018Say\u0131n Erdo\u011fan\u2019\u0131n temsilcisiyim\u2019 diyor. Nedense gazeteciler bu soruyu Erdo\u011fan\u2019a hi\u00e7 sormad\u0131? Ba\u015fbakan \u0130mral\u0131\u2019ya gider g\u00f6r\u00fc\u015f\u00fcl\u00fcr diye yan\u0131t veriyor. Oysa gidilen yer \u0130mral\u0131 de\u011fil, Oslo.<\/p>\n<p style=\"text-align: justify;\">&#8211; \u2018Efendim, adam\u0131 harcatmay\u0131z&#8230;\u2019. Hangi adam bu? Hakan Fidan. Ya o adam zaten senin iste\u011fin \u00fczerine oraya gitmi\u015f. Bir b\u00fcrokrat olarak orada g\u00f6r\u00fc\u015fmeleri yapm\u0131\u015f. Bunun harcan\u0131lacak bir taraf\u0131 yok ki. O nedenle senin de \u00e7\u0131k\u0131p \u00f6z\u00fcr dilemek d\u0131\u015f\u0131nda yapacak bir \u015feyin yok.<\/p>\n<p style=\"text-align: justify;\"><strong>M\u0131s\u0131r\u2019da s\u00f6zle\u015fme ne oldu?\u00a0<\/strong><\/p>\n<p style=\"text-align: justify;\">&#8211; Ba\u015fbakan, M\u0131s\u0131r\u2019a gitti. M\u0131s\u0131r ile Rum y\u00f6netimi aras\u0131nda m\u00fcnhas\u0131r ekonomik alan diye bir anla\u015fma imzaland\u0131. Londra- Z\u00fcrih s\u00f6zle\u015fmelerine g\u00f6re biz garant\u00f6r \u00fclkeyiz. \u015eimdi acaba o g\u00f6r\u00fc\u015fmelerde M\u0131s\u0131r yetkililerine d\u00f6n\u00fcp, \u2018Bu s\u00f6zle\u015fmeyi feshedin veya ask\u0131ya al\u0131n\u2019 dediniz mi? Bunu ortaya koyduysan\u0131z bir yan\u0131t ald\u0131n\u0131z m\u0131? M\u0131s\u0131r\u2019a destek veriyorsun, eyvallah. Demokrasi laiklik, diyorsun ona da te\u015fekk\u00fcrler. Ancak uluslararas\u0131 ili\u015fkiler \u00e7\u0131kar \u00fczerine in\u015fa edilir. Peki, bizim \u00e7\u0131kar\u0131m\u0131z ne?<\/p>\n<p style=\"text-align: justify;\"><strong>Sarkozy ile ortak d\u00fc\u015fman\u0131n\u00a0<\/strong><\/p>\n<p style=\"text-align: justify;\">&#8211; AKP\u2019nin ba\u011f\u0131ms\u0131z d\u0131\u015f politikas\u0131 yok. Bat\u0131l\u0131 g\u00fc\u00e7lerini politikas\u0131na g\u00f6re y\u00f6nlendiriliyor. Bir ay \u00f6nce Suriye y\u00f6netimi ile en yak\u0131nd\u0131n, \u015fimdi yine ayn\u0131 y\u00f6netim var, ne de\u011fi\u015fti? Libya i\u00e7in, \u2018NATO\u2019nun orada i\u015fi ne\u2019 dedin, gidip pa\u015fa pa\u015fa imza att\u0131n. Gittin, Kaddafi\u2019den insan haklar\u0131 \u00f6d\u00fcl\u00fc ald\u0131n. 1 y\u0131l sonra d\u00fc\u015fman\u0131n oldu? \u00dcstelik Sarkozy ile birlikte ortak d\u00fc\u015fman\u0131n oldu.<\/p>\n<p style=\"text-align: justify;\"><strong>\u0130srail\u2019in g\u00fcvencesi kim?\u00a0<\/strong><\/p>\n<p style=\"text-align: justify;\">&#8211; Bu arada ne yapt\u0131n? Milletin g\u00f6z\u00fcnden ka\u00e7\u0131rarak \u0130srail kalkan\u0131n\u0131 Malatya\u2019ya konu\u015fland\u0131rd\u0131n. Hani kar\u015f\u0131yd\u0131n? Efendim bu kalkan T\u00fcrkiye\u2019yi koruyacak falan diyordun. ABD h\u00fck\u00fcmet s\u00f6zc\u00fcs\u00fc gayet a\u00e7\u0131k net, \u2018\u0130srail\u2019i korumak i\u00e7in bunu yapt\u0131k\u2019 diyor. Konu\u015fland\u0131rma nedeni de o. \u0130ran\u2019a kar\u015f\u0131 \u0130srail\u2019i korumak. O zaman \u0130srail\u2019in avukat\u0131 kim, \u0130srail\u2019in g\u00fcvencesi kim?<\/p>\n<p style=\"text-align: justify;\"><strong>Ben yalan\u0131n pe\u015findeyim\u00a0<\/strong><\/p>\n<p style=\"text-align: justify;\">&#8211; Ba\u015fbakan bir soruma h\u00e2l\u00e2 yan\u0131t vermedi. Gazze\u2019ye sava\u015f gemilerini g\u00f6nderecekti. G\u00f6nderirsen aln\u0131ndan \u00f6pece\u011fim, dedim. G\u00f6ndersin, niye g\u00f6ndermiyor? Uluslararas\u0131 sularda gerekli g\u00fcvenlik \u00f6nlemi ald\u0131k, diyor. Madem ald\u0131n, buyur gemileri g\u00f6nder Gazze\u2019ye. Millete niye yalan s\u00f6yl\u00fcyorsun? Ben yalan\u0131 ortaya \u00e7\u0131karmak pe\u015findeyim. Mavi Marmara bozuktu diye g\u00f6nderemediklerini s\u00f6ylediler. Eee bildi\u011fim kadar\u0131yla tamir edildi. O olmad\u0131ysa o\u011flunun gemisi var. Yard\u0131mlar\u0131 onunla g\u00f6nder, yan\u0131nda da iki \u00fc\u00e7 sava\u015f gemisiyle. Bakay\u0131m Gazze\u2019ye girebiliyor musun, giremiyor musun?\u201d<\/p>\n<p style=\"text-align: justify;\"><a href=\"http:\/\/haber.gazetevatan.com\/harcatmayacaksin-cunku\/400576\/9\/Siyaset\" target=\"_blank\">Kaynak : VATAN Gazetesi<\/a><\/p>\n","protected":false},"excerpt":{"rendered":"<p style=\"text-align: justify;\">\n<p style=\"text-align: justify;\">Erdo\u011fan\u2019\u0131n, M\u0130T M\u00fcste\u015far\u0131 Hakan Fidan i\u00e7in \u201cHarcatmam\u201d demesini ele\u015ftirdi<\/p>\n<p style=\"text-align: justify;\">CHP Genel Ba\u015fkan\u0131 Kemal K\u0131l\u0131\u00e7daro\u011flu, Oslo\u2019da yap\u0131lan g\u00f6r\u00fc\u015fmelerin PKK ile M\u0130T aras\u0131nda de\u011fil, Ba\u015fbakanl\u0131k ile PKK aras\u0131nda oldu\u011funu belirterek, Ba\u015fbakan Tayyip Erdo\u011fan\u2019\u0131n, M\u0130T M\u00fcste\u015far\u0131 Hakan Fidan i\u00e7in \u201cHarcatmam\u201d demesini, \u201cHarcatmayacaks\u0131n \u00e7\u00fcnk\u00fc Fidan oraya senin \u00f6zel iste\u011fin \u00fczerine gitmi\u015f\u201d s\u00f6zleriyle <\/p>\n","protected":false},"author":1,"featured_media":0,"comment_status":"open","ping_status":"open","sticky":false,"template":"","format":"standard","meta":{"footnotes":""},"categories":[105],"tags":[],"class_list":["post-40076","post","type-post","status-publish","format-standard","hentry","category-gundem","odd"],"_links":{"self":[{"href":"http:\/\/www.korhanyilmaz.com\/index.php?rest_route=\/wp\/v2\/posts\/40076","targetHints":{"allow":["GET"]}}],"collection":[{"href":"http:\/\/www.korhanyilmaz.com\/index.php?rest_route=\/wp\/v2\/posts"}],"about":[{"href":"http:\/\/www.korhanyilmaz.com\/index.php?rest_route=\/wp\/v2\/types\/post"}],"author":[{"embeddable":true,"href":"http:\/\/www.korhanyilmaz.com\/index.php?rest_route=\/wp\/v2\/users\/1"}],"replies":[{"embeddable":true,"href":"http:\/\/www.korhanyilmaz.com\/index.php?rest_route=%2Fwp%2Fv2%2Fcomments&post=40076"}],"version-history":[{"count":0,"href":"http:\/\/www.korhanyilmaz.com\/index.php?rest_route=\/wp\/v2\/posts\/40076\/revisions"}],"wp:attachment":[{"href":"http:\/\/www.korhanyilmaz.com\/index.php?rest_route=%2Fwp%2Fv2%2Fmedia&parent=40076"}],"wp:term":[{"taxonomy":"category","embeddable":true,"href":"http:\/\/www.korhanyilmaz.com\/index.php?rest_route=%2Fwp%2Fv2%2Fcategories&post=40076"},{"taxonomy":"post_tag","embeddable":true,"href":"http:\/\/www.korhanyilmaz.com\/index.php?rest_route=%2Fwp%2Fv2%2Ftags&post=40076"}],"curies":[{"name":"wp","href":"https:\/\/api.w.org\/{rel}","templated":true}]}}