{"id":40070,"date":"2011-09-21T12:30:54","date_gmt":"2011-09-21T09:30:54","guid":{"rendered":"http:\/\/www.korhanyilmaz.com\/?p=40070"},"modified":"2011-09-21T19:43:21","modified_gmt":"2011-09-21T16:43:21","slug":"bdp-saldiriyi-siddetle-kinadi","status":"publish","type":"post","link":"http:\/\/www.korhanyilmaz.com\/?p=40070","title":{"rendered":"BDP sald\u0131r\u0131y\u0131 \u015fiddetle k\u0131nad\u0131"},"content":{"rendered":"<p style=\"text-align: center;\"><a href=\"http:\/\/www.korhanyilmaz.com\/wp-content\/uploads\/2011\/09\/5123.jpg\"  class=\"lightview\"><img loading=\"lazy\" decoding=\"async\" class=\"aligncenter  wp-image-40071\" src=\"http:\/\/www.korhanyilmaz.com\/wp-content\/uploads\/2011\/09\/5123.jpg\" alt=\"\" width=\"320\" height=\"214\" \/><\/a><\/p>\n<p style=\"text-align: justify;\">Ankara ve Siirt&#8217;te sivillerin hayat\u0131n\u0131 kaybetmesine neden olan bombal\u0131 ve silahl\u0131 sald\u0131r\u0131lara BDP&#8217;den k\u0131nama geldi.<\/p>\n<p style=\"text-align: justify;\">BDP Genel Ba\u015fkan\u0131 Selahattin Demirta\u015f ve E\u015fba\u015fkan G\u00fcltan K\u0131\u015fanak\u2019\u0131n yapt\u0131\u011f\u0131 ortak a\u00e7\u0131klamada, \u201cYa\u015fam hakk\u0131na y\u00f6nelik bu sald\u0131r\u0131lar\u0131 \u015fiddetle k\u0131n\u0131yoruz. Her iki olay\u0131 yapan ve yapt\u0131ranlar bir an \u00f6nce a\u00e7\u0131\u011fa \u00e7\u0131kar\u0131lmal\u0131d\u0131r. Hi\u00e7 bir soru i\u015faretine yer b\u0131rakmayacak \u015fekilde sa\u011fl\u0131kl\u0131 bir soru\u015ftuma y\u00fcr\u00fct\u00fclmeli ve t\u00fcm bilgiler kamuoyu ile payla\u015f\u0131lmal\u0131d\u0131r\u201d denildi.\u00a0<!--more--><\/p>\n<p style=\"text-align: justify;\">Demirta\u015f ve K\u0131\u015fanak, Ankara\u2019da \u00fc\u00e7 ki\u015finin hayat\u0131n\u0131 kaybetmesine neden olan bombal\u0131 sald\u0131r\u0131 ile Siirt\u2019te 4 sivil kad\u0131n\u0131n \u00f6l\u00fcm\u00fcne neden olan roketatarl\u0131 sald\u0131r\u0131yla ilgili yaz\u0131l\u0131 a\u00e7\u0131klama yapt\u0131. A\u00e7\u0131klamada \u015f\u00f6yle denildi:<\/p>\n<p style=\"text-align: justify;\">\u201cAnkara Kumrular Caddesinde ya\u015fanan patlamada 3 yurtta\u015f\u0131m\u0131z ya\u015fam\u0131n\u0131 kaybetmi\u015f, 34 vatanda\u015f\u0131m\u0131zda yaralanm\u0131\u015ft\u0131r. Yine Siirt\u2019te yap\u0131lan sald\u0131r\u0131 sonucu 4 kad\u0131n yurtta\u015f\u0131m\u0131z ya\u015fam\u0131n\u0131 yitirmi\u015f, 2\u2019si de a\u011f\u0131r yaralanm\u0131\u015ft\u0131r. \u00d6ncelikle her iki olayda ya\u015fam\u0131n\u0131 yitiren yurtta\u015flar\u0131m\u0131za Allahtan rahmet, kederli ailelerine ba\u015fsa\u011fl\u0131\u011f\u0131 ve yaral\u0131 yurtta\u015flar\u0131m\u0131za da acil \u015fifalar diliyoruz. Ya\u015fam\u0131n\u0131 yitiren yurta\u015flar\u0131m\u0131z\u0131n ailelerinin ve sevenlerinin ac\u0131s\u0131n\u0131 payla\u015f\u0131yoruz.\u201d<\/p>\n<p style=\"text-align: justify;\"><strong>\u201c\u015e\u0130DDETLE KINIYORUZ\u201d<\/strong><\/p>\n<p style=\"text-align: justify;\">Olay\u0131 \u015fiddetle k\u0131nayan Demirta\u015f ve K\u0131\u015fanak\u2019\u0131n a\u00e7\u0131klamas\u0131nda sorumlular\u0131n bir an \u00f6nce ortaya \u00e7\u0131kart\u0131lmas\u0131 istenerek \u015f\u00f6yle devam edildi:<\/p>\n<p style=\"text-align: justify;\">&#8220;Ya\u015fam hakk\u0131na y\u00f6nelik bu sald\u0131r\u0131lar\u0131 \u015fiddetle k\u0131n\u0131yoruz. Her iki olay\u0131 yapan ve yapt\u0131ranlar bir an \u00f6nce a\u00e7\u0131\u011fa \u00e7\u0131kar\u0131lmal\u0131d\u0131r. Hi\u00e7 bir soru i\u015faretine yer b\u0131rakmayacak \u015fekilde sa\u011fl\u0131kl\u0131 bir soru\u015ftuma y\u00fcr\u00fct\u00fclmeli ve t\u00fcm bilgiler kamuoyu ile payla\u015f\u0131lmal\u0131d\u0131r.\u201d<\/p>\n<p style=\"text-align: justify;\"><strong>\u201cGAYR\u0130 C\u0130DD\u0130 A\u00c7IKLAMALAR\u201d<\/strong><\/p>\n<p style=\"text-align: justify;\">A\u00e7\u0131klamada Ankara\u2019da ya\u015fanan sald\u0131r\u0131 sonras\u0131 h\u00fck\u00fcmet ve devlet g\u00f6revlilerinin yapt\u0131\u011f\u0131 a\u00e7\u0131klamalar da ele\u015ftirilerek \u015f\u00f6yle denildi:<\/p>\n<p style=\"text-align: justify;\">\u201cNe yaz\u0131k ki d\u00fcn Ankara\u2019da meydana gelen patlamadan sonra h\u00fck\u00fcmet ve devlet kurumlar\u0131n\u0131n sergiledi\u011fi tutum, yapt\u0131klar\u0131 \u00e7eli\u015fkili, gayri ciddi a\u00e7\u0131klamalar, h\u00fck\u00fcmetin b\u00f6yle bir kapasitesinin veya niyetinin olmad\u0131\u011f\u0131n\u0131 da g\u00f6stermi\u015ftir. \u0130\u00e7i\u015fleri bakan\u0131 \u0130dris Naim \u015eahinin tutars\u0131z a\u00e7\u0131klamalar\u0131 ve olayda ya\u015fam\u0131n\u0131 yitirten yurtta\u015flar\u0131m\u0131z i\u00e7in kulland\u0131\u011f\u0131 dil, kamuoyunu hayrete d\u00fc\u015f\u00fcrm\u00fc\u015ft\u00fcr. Bar\u0131\u015f ve Demokrasi Partisi olarak t\u00fcm kamu\u0131yu ile \u00fcz\u00fcnt\u00fclerimizi payla\u015f\u0131yor, bu t\u00fcr olaylar\u0131n ya\u015fanmamas\u0131 ve \u00fclkemizde bar\u0131\u015f\u0131n ve demokrasinin egemen olmas\u0131 i\u00e7in, y\u0131lmadan m\u00fccadele edece\u011fimizi belirtiyoruz.\u201d<\/p>\n<p style=\"text-align: justify;\"><a href=\"http:\/\/www.radikal.com.tr\/Radikal.aspx?aType=RadikalDetayV3&amp;ArticleID=1064007&amp;Date=21.09.2011&amp;CategoryID=78\" target=\"_blank\">Kaynak : Radikal.com.tr<\/a><\/p>\n","protected":false},"excerpt":{"rendered":"<p style=\"text-align: center;\">\n<p style=\"text-align: justify;\">Ankara ve Siirt&#8217;te sivillerin hayat\u0131n\u0131 kaybetmesine neden olan bombal\u0131 ve silahl\u0131 sald\u0131r\u0131lara BDP&#8217;den k\u0131nama geldi.<\/p>\n<p style=\"text-align: justify;\">BDP Genel Ba\u015fkan\u0131 Selahattin Demirta\u015f ve E\u015fba\u015fkan G\u00fcltan K\u0131\u015fanak\u2019\u0131n yapt\u0131\u011f\u0131 ortak a\u00e7\u0131klamada, \u201cYa\u015fam hakk\u0131na y\u00f6nelik bu sald\u0131r\u0131lar\u0131 \u015fiddetle k\u0131n\u0131yoruz. Her iki olay\u0131 yapan ve yapt\u0131ranlar bir an \u00f6nce a\u00e7\u0131\u011fa \u00e7\u0131kar\u0131lmal\u0131d\u0131r. Hi\u00e7 bir soru <\/p>\n","protected":false},"author":1,"featured_media":0,"comment_status":"open","ping_status":"open","sticky":false,"template":"","format":"standard","meta":{"footnotes":""},"categories":[105],"tags":[],"class_list":["post-40070","post","type-post","status-publish","format-standard","hentry","category-gundem","odd"],"_links":{"self":[{"href":"http:\/\/www.korhanyilmaz.com\/index.php?rest_route=\/wp\/v2\/posts\/40070","targetHints":{"allow":["GET"]}}],"collection":[{"href":"http:\/\/www.korhanyilmaz.com\/index.php?rest_route=\/wp\/v2\/posts"}],"about":[{"href":"http:\/\/www.korhanyilmaz.com\/index.php?rest_route=\/wp\/v2\/types\/post"}],"author":[{"embeddable":true,"href":"http:\/\/www.korhanyilmaz.com\/index.php?rest_route=\/wp\/v2\/users\/1"}],"replies":[{"embeddable":true,"href":"http:\/\/www.korhanyilmaz.com\/index.php?rest_route=%2Fwp%2Fv2%2Fcomments&post=40070"}],"version-history":[{"count":0,"href":"http:\/\/www.korhanyilmaz.com\/index.php?rest_route=\/wp\/v2\/posts\/40070\/revisions"}],"wp:attachment":[{"href":"http:\/\/www.korhanyilmaz.com\/index.php?rest_route=%2Fwp%2Fv2%2Fmedia&parent=40070"}],"wp:term":[{"taxonomy":"category","embeddable":true,"href":"http:\/\/www.korhanyilmaz.com\/index.php?rest_route=%2Fwp%2Fv2%2Fcategories&post=40070"},{"taxonomy":"post_tag","embeddable":true,"href":"http:\/\/www.korhanyilmaz.com\/index.php?rest_route=%2Fwp%2Fv2%2Ftags&post=40070"}],"curies":[{"name":"wp","href":"https:\/\/api.w.org\/{rel}","templated":true}]}}