{"id":40062,"date":"2011-09-21T11:05:30","date_gmt":"2011-09-21T08:05:30","guid":{"rendered":"http:\/\/www.korhanyilmaz.com\/?p=40062"},"modified":"2011-09-21T19:18:28","modified_gmt":"2011-09-21T16:18:28","slug":"yargida-yeni-donem","status":"publish","type":"post","link":"http:\/\/www.korhanyilmaz.com\/?p=40062","title":{"rendered":"Yarg\u0131da yeni d\u00f6nem"},"content":{"rendered":"<p style=\"text-align: justify;\"><a href=\"http:\/\/www.korhanyilmaz.com\/wp-content\/uploads\/2011\/09\/5121.jpg\"  class=\"lightview\"><img loading=\"lazy\" decoding=\"async\" class=\"aligncenter size-full wp-image-40063\" title=\"\" src=\"http:\/\/www.korhanyilmaz.com\/wp-content\/uploads\/2011\/09\/5121.jpg\" alt=\"\" width=\"292\" height=\"224\" \/><\/a><\/p>\n<p style=\"text-align: justify;\">Tutuklu ve h\u00fck\u00fcml\u00fcler, soru\u015fturma ve kovu\u015fturma safhas\u0131nda bir yerden ba\u015fka bir yere gitmelerine gerek kalmadan video konferans sistemi ile bulunduklar\u0131 yerden ifade verebilecek.<\/p>\n<p style=\"text-align: justify;\">Adalet Bakanl\u0131\u011f\u0131 Bilgi \u0130\u015flem Dairesi Ba\u015fkan\u0131 Mesut Orta, Resmi Gazete&#8217;de d\u00fcn yay\u0131mlanarak y\u00fcr\u00fcrl\u00fc\u011fe giren duru\u015fma nedeniyle sevk ve nakillerin en aza indirilmesini ama\u00e7layan Ceza Muhakemesinde Ses ve G\u00f6r\u00fcnt\u00fc Bili\u015fim Sisteminin Kullan\u0131lmas\u0131 Hakk\u0131nda Y\u00f6netmelik hakk\u0131nda AA muhabirine bilgi verdi.\u00a0<!--more--><\/p>\n<p style=\"text-align: justify;\">Y\u00f6netmeli\u011fin, soru\u015fturma ve kovu\u015fturma a\u015famas\u0131nda Cumhuriyet savc\u0131s\u0131, hakim veya mahkemece dinlenilmesine gerek g\u00f6r\u00fclen ki\u015filerin ses ve g\u00f6r\u00fcnt\u00fc, bili\u015fim sistemi kullan\u0131larak dinlenilmesi, kayda al\u0131nmas\u0131, saklanmas\u0131 ile bunun i\u00e7in gerekli teknik altyap\u0131n\u0131n kurulmas\u0131na ili\u015fkin esas ve usulleri d\u00fczenledi\u011fini belirten Orta, 2005 y\u0131l\u0131nda y\u00fcr\u00fcrl\u00fc\u011fe giren 5271 say\u0131l\u0131 Ceza Muhakemesi Kanunu&#8217;nun 52, 58, 180, 196 ve 219. maddelerinde sesli g\u00f6r\u00fcnt\u00fcl\u00fc ileti\u015fim\u00a0tekni\u011fiyle ifade alma, duru\u015fman\u0131n kayda al\u0131nmas\u0131 gibi baz\u0131 d\u00fczenlemeler yap\u0131ld\u0131\u011f\u0131, bu d\u00fczenlemelerin ayr\u0131nt\u0131lar\u0131n\u0131n y\u00f6netmeli\u011fe b\u0131rak\u0131ld\u0131\u011f\u0131n\u0131 hat\u0131rlatt\u0131.<\/p>\n<p style=\"text-align: justify;\">Bu yasada \u00f6ng\u00f6r\u00fclen y\u00f6netmelik \u00e7al\u0131\u015fmalar\u0131n\u0131 tamamlam\u0131\u015f olduklar\u0131n\u0131 ifade eden Orta, y\u00f6netmelikle ilgili \u00e7al\u0131\u015fmalara 2 y\u0131l \u00f6nce ba\u015flad\u0131klar\u0131n\u0131 anlatt\u0131. Mesut Orta, \u015funlar\u0131 s\u00f6yledi:<\/p>\n<p style=\"text-align: justify;\">&#8220;Y\u00f6netmelik olmadan s\u0131k\u0131nt\u0131lar \u00e7\u0131kaca\u011f\u0131n\u0131 g\u00f6rd\u00fck ve 2009 y\u0131l\u0131 i\u00e7erisinde onaylar\u0131m\u0131z\u0131 ald\u0131k. Y\u00f6netmelik komisyonu olu\u015fturduk. Y\u00f6netmelikler yap\u0131l\u0131rken komisyonlarda tart\u0131\u015fmalar oluyor, arkas\u0131ndan genel m\u00fcd\u00fcrl\u00fcklere, di\u011fer kurumlara\u00a0g\u00f6r\u00fc\u015fe g\u00f6nderildi, daha sonra da 43 ki\u015finin kat\u0131ld\u0131\u011f\u0131 bir toplant\u0131da y\u00f6netmelik tart\u0131\u015f\u0131ld\u0131. Ne getirir, ne g\u00f6t\u00fcr\u00fcr, daha iyi ne yap\u0131labilir, oradaki de\u011ferlendirmeleri de ald\u0131k, bu y\u00f6netmeli\u011fi 5 Eyl\u00fcl&#8217;de Ba\u015fbakanl\u0131\u011fa g\u00f6nderdik ve d\u00fcn yay\u0131mland\u0131. 2 y\u0131la varan bir s\u00fcre\u00e7ti bu. Cezaevi arac\u0131n\u0131n yanmas\u0131 olay\u0131ndan sonraki bir \u00e7al\u0131\u015fma gibi aksettiriliyor, ama hi\u00e7bir y\u00f6netmelik 1 ayda yap\u0131lamaz.&#8221;<\/p>\n<p style=\"text-align: justify;\"><strong>T\u00fcm a\u011f\u0131r ceza merkezlerinde sistem kuruldu\u00a0<\/strong><\/p>\n<p style=\"text-align: justify;\">Mesut Orta, T\u00fcrkiye genelindeki 134 A\u011f\u0131r Ceza Merkezi b\u00fcnyesinde 225 a\u011f\u0131r ceza ve \u00e7ocuk a\u011f\u0131r ceza mahkemesi duru\u015fma salonlar\u0131na, duru\u015fmalar\u0131 kay\u0131t alt\u0131na almak ve farkl\u0131 yerlerdeki ilgili duru\u015fma salonlar\u0131 aras\u0131nda e\u015f zamanl\u0131 ileti\u015fim ve canl\u0131 g\u00f6r\u00fc\u015fme imkan\u0131 sa\u011flamak amac\u0131yla sistemin kurulumunun tamamland\u0131\u011f\u0131n\u0131 bildirdi.<\/p>\n<p style=\"text-align: justify;\">B\u00f6ylelikle duru\u015fmalar\u0131n kay\u0131t alt\u0131na al\u0131nmas\u0131n\u0131n sa\u011flanaca\u011f\u0131n\u0131, bunlar\u0131n kay\u0131t alt\u0131na al\u0131nd\u0131ktan sonra elektronik imzayla imzalanaca\u011f\u0131n\u0131 anlatan Orta, ayn\u0131 mahkeme zab\u0131tlar\u0131 gibi bunlar\u0131n da delil olarak kullan\u0131laca\u011f\u0131n\u0131 kaydetti. Y\u00f6netmelikle bunu geni\u015fletmeye \u00e7al\u0131\u015ft\u0131klar\u0131n\u0131 da dile getiren Orta, \u015f\u00f6yle devam etti:<\/p>\n<p style=\"text-align: justify;\">&#8220;2005 y\u0131l\u0131ndan sonra &#8216;yol tutuklamalar\u0131&#8217; diye bir m\u00fcessese ortaya \u00e7\u0131kt\u0131. \u00d6zellikle 5 y\u0131ldan fazla olan bir ceza maddesiyle kar\u015f\u0131ysan\u0131z yakalamay\u0131 \u00e7\u0131karan mahkemenin \u00f6n\u00fcne g\u00f6t\u00fcr\u00fclmeniz gerekir. \u00d6rne\u011fin yakalama Diyarbak\u0131r&#8217;dan \u00e7\u0131km\u0131\u015fsa Afyon&#8217;da yakalanan bir ki\u015finin Afyon&#8217;daki mahkeme \u00f6n\u00fcnden talimatla ifadesini alamazsan\u0131z, Diyarbak\u0131r&#8217;a g\u00f6t\u00fcrmeniz gerekir. Devletin imkanlar\u0131, birtak\u0131m zorluklar bu s\u00fcreyi uzat\u0131yor, hak kay\u0131plar\u0131, mahrumiyetleri g\u00fcndeme gelebiliyor. Bu y\u00f6netmeli\u011fin uygulanmas\u0131yla birlikte bunlar azalacak belki ortadan kalkacak. Bir di\u011fer konu da talimatl\u0131 ifade. \u0130stanbul&#8217;daki bir ki\u015fiyi Ankara&#8217;ya \u00e7a\u011f\u0131rmak yerine talimatla ifadesini al\u0131r\u0131z. Talimat da istenilen d\u00fczeyde olmuyor.<\/p>\n<p style=\"text-align: justify;\">Bazen istenen sonuca ula\u015fmada da birtak\u0131m s\u0131k\u0131nt\u0131lara yol a\u00e7abiliyor. \u00d6rne\u011fin esas mahkemesi, tan\u0131\u011fa baz\u0131 sorular\u0131n sorulmas\u0131n\u0131 istiyor. O sorular soruluyor, ama o cevaplara g\u00f6re belki y\u00f6nlendirilmesi, ba\u015fka sorular\u0131n sorulmas\u0131 gerekiyor.<\/p>\n<p style=\"text-align: justify;\">Ceza yarg\u0131lamas\u0131nda ger\u00e7e\u011fin ortaya \u00e7\u0131kar\u0131lmas\u0131 i\u00e7in y\u00fcz y\u00fcze gibi bu sistemle de art\u0131k talimatlar al\u0131nabilecek. Video konferans yoluyla canl\u0131 ba\u011flant\u0131 gibi&#8230;<\/p>\n<p style=\"text-align: justify;\">\u0130stanbul \u00c7a\u011flayan Adliyesi&#8217;ndeki bir san\u0131k Ankara&#8217;daki esas mahkemede dinleniyor gibi g\u00f6r\u00fc\u015fme yapacak, sorular\u0131 cevaplayacak.&#8221;<\/p>\n<p style=\"text-align: justify;\"><strong>Cezaevlerine de kurulacak\u00a0<\/strong><\/p>\n<p style=\"text-align: justify;\">Sistemin yaln\u0131zca mahkemelerde de\u011fil, ceza infaz kurumlar\u0131ndan da duru\u015fmalara kat\u0131l\u0131m\u0131n sa\u011flanmas\u0131 y\u00f6n\u00fcnde geli\u015ftirilece\u011fini s\u00f6yleyen Orta, \u015f\u00f6yle dedi:<\/p>\n<p style=\"text-align: justify;\">&#8220;San\u0131\u011f\u0131n duru\u015fmalara getirilmesi, g\u00f6t\u00fcr\u00fclmesi birtak\u0131m s\u0131k\u0131nt\u0131lara sebep oluyor. Bu nedenle cezaevlerinde de sistem kurulacak. Tamam\u0131nda kurmak hem zaman hem maliyet demek. Ama biz sonuca ula\u015fmak i\u00e7in, \u00f6rne\u011fin Diyarbak\u0131r ki\u015fiyi<\/p>\n<p style=\"text-align: justify;\">dinlemek istiyor, \u015fah\u0131s Afyon&#8217;da yakaland\u0131. Afyon cezaevinden Afyon Adliyesi&#8217;ne g\u00f6t\u00fcrerek ifadesini alabiliriz. Afyon&#8217;dan Diyarbak\u0131r&#8217;a gitmek yerine Afyon i\u00e7inde adliyeye g\u00f6t\u00fcr\u00fcrs\u00fcn\u00fcz.&#8221;<\/p>\n<p style=\"text-align: justify;\">Mesut Orta, sistemin UYAP&#8217;la birlikte \u00e7al\u0131\u015ft\u0131\u011f\u0131n\u0131, b\u00fct\u00fcn sistemin zaten UYAP altyap\u0131s\u0131yla elektronik ortama ge\u00e7ti\u011fini, g\u00f6r\u00fcnt\u00fc, ses, ileti\u015fim tekni\u011fi\u00a0kullan\u0131larak sistemi daha verimli hale getirmeyi ama\u00e7lad\u0131klar\u0131n\u0131 anlatt\u0131. UYAP&#8217;ta ya\u015fanan ar\u0131zalar\u0131n b\u00fcy\u00fck oranda \u00e7\u00f6z\u00fcld\u00fc\u011f\u00fcn\u00fc, 1.5-2 y\u0131ld\u0131r sistemin g\u00fc\u00e7lendirilmesi i\u00e7in \u00e7al\u0131\u015ft\u0131klar\u0131n\u0131 bildiren Orta, &#8220;UYAP&#8217;ta \u015fu anda herhangi bir kesinti, s\u0131k\u0131nt\u0131 olursa zaten yarg\u0131n\u0131n i\u015fleyi\u015fi duruyor. Ama bunlar elektronik sistemler evimizde elektri\u011fin kesilebildi\u011fi, arabam\u0131z\u0131n yolda bozulabildi\u011fi gibi bunda da s\u0131k\u0131nt\u0131lar olabilir. Bizim alternatiflerimiz var&#8221;\u00a0dedi.<\/p>\n<p style=\"text-align: justify;\">Orta, video konferans sisteminin \u00f6zelikle Kuzey Avrupa \u00fclkelerine \u00e7ok yayg\u0131n oldu\u011funu, o \u00fclkelerde incelemelerde bulunduklar\u0131n\u0131 ifade etti.<\/p>\n<p style=\"text-align: justify;\"><strong>Tan\u0131k ifadesi hasta yata\u011f\u0131nda al\u0131nabilecek\u00a0<\/strong><\/p>\n<p style=\"text-align: justify;\">Hastanede yatan bir ki\u015finin de istenmesi halinde tedavi oldu\u011fu kurumda ifadesinin al\u0131nmas\u0131n\u0131n sa\u011flanaca\u011f\u0131n\u0131 dile getiren Orta, \u015fu bilgiyi verdi:<\/p>\n<p style=\"text-align: justify;\">&#8220;Tan\u0131k ifadesi de hasta yata\u011f\u0131nda al\u0131nabilecek. Teknoloji bize neyi sunuyorsa onu sa\u011flayaca\u011f\u0131z. \u015eu an yasal olarak sistemin iki durumda kullan\u0131lmas\u0131 zorunlu, di\u011ferleri tamamen yarg\u0131 makamlar\u0131n\u0131n takdirinde. \u00d6rne\u011fin \u0130stanbul&#8217;daki bir mahkeme yurt d\u0131\u015f\u0131ndaki bir tan\u0131\u011f\u0131 dinledi, yaslar\u0131m\u0131z bunu engellemiyor, ama \u015fu anda her durumda video konferans sistemine ba\u015fvurulmal\u0131 diye zorlay\u0131c\u0131 bir h\u00fck\u00fcm de yok. Bu biraz daha hakimin takdirinde. Y\u00f6netmelik de bunun usul ve esaslar\u0131n\u0131 d\u00fczenliyor. Hakim karar verdi\u011finde bir hastanedeki, bir cezaevindeki ki\u015fi nas\u0131l dinlenir bunu d\u00fczenliyor.&#8221;<\/p>\n<p style=\"text-align: justify;\">B\u00f6lge adliye mahkemelerinin kurulmas\u0131n\u0131n ard\u0131ndan veya Yarg\u0131taydaki yarg\u0131lamalarda da kay\u0131t alt\u0131na al\u0131nan ifadelerin kullan\u0131labilece\u011fini belirten Orta, \u015f\u00f6yle dedi:<\/p>\n<p style=\"text-align: justify;\">&#8220;\u0130lk derece mahkemesi san\u0131\u011f\u0131, tan\u0131\u011f\u0131 dinledikten sonra b\u00f6lge adliye mahkemelerine ya da Yarg\u0131taya gitti\u011finde, tan\u0131k ve san\u0131klar\u0131n yeniden dinlenmemesi i\u00e7in elektronik imza ile kay\u0131t alt\u0131na al\u0131nan, g\u00fcvenli \u015fekilde saklanan bu kay\u0131tlar\u0131n izlenmesi yeterli olacak. \u0130nceledi\u011fimiz \u00fclke \u00f6rneklerinde bunu kullan\u0131yorlar. Ayn\u0131 \u015feyi tekrar tekrar dinlemeye gerek yok. \u015eu an i\u00e7in dosya i\u00e7inde CD&#8217;lerle g\u00f6nderece\u011fiz ve UYAP \u00fczerinde sistemde bunu muhafaza edece\u011fiz.&#8221;<\/p>\n<p style=\"text-align: justify;\">Mahkemelerde kurulan kamera ve ses sistemleri sayesinde mahkeme ba\u015fkan\u0131n\u0131n talimatlar\u0131 do\u011frultusunda s\u00f6z verilen ki\u015finin kay\u0131t alt\u0131na al\u0131naca\u011f\u0131n\u0131 anlatan Orta, mevzuata g\u00f6re kay\u0131t alt\u0131na al\u0131nan g\u00f6r\u00fcnt\u00fclerin metne ge\u00e7irilmesi gerekti\u011fini, bu konuyu da T\u00dcB\u0130TAK ile \u00e7al\u0131\u015ft\u0131klar\u0131n\u0131 ifade etti. Mesut Orta, &#8220;\u015eu anda bir hakim isterse yar\u0131n hemen bu sistemi kullanabilir, \u00e7\u00fcnk\u00fc 3 y\u0131ld\u0131r zaten sistem var, \u00e7al\u0131\u015f\u0131yor. Bunlar\u0131 iyile\u015ftirme \u00e7al\u0131\u015fmalar\u0131 yap\u0131yoruz. Y\u00f6netmelikte yapt\u0131\u011f\u0131m\u0131z bir yol g\u00f6sterme&#8221; diye konu\u015ftu.<\/p>\n<p style=\"text-align: justify;\">Y\u00f6netmeli\u011fin yaln\u0131zca ceza alan\u0131nda d\u00fczenleme yapt\u0131\u011f\u0131n\u0131, hukuk alan\u0131nda da bu sistemin kullan\u0131labilece\u011fini ifade eden Orta, 1 Ekim&#8217;de yeni Hukuk Usul\u00fc Muhakemeleri Kanunun y\u00fcr\u00fcrl\u00fc\u011fe girece\u011fini, b\u00f6ylelikle 1 Ekim&#8217;den sonra da hukuk mahkemelerinin bu yap\u0131y\u0131 kullanabilece\u011fini kaydetti.<\/p>\n<p style=\"text-align: justify;\">Mesut Orta, s\u00f6zlerini \u015f\u00f6yle tamamlad\u0131: &#8220;Y\u00f6netmeli\u011fin \u00e7\u0131kmas\u0131yla cezaevi nakil arac\u0131n\u0131n yanmas\u0131 olay\u0131 aras\u0131nda irtibat kurmak \u00e7ok makul g\u00f6r\u00fcnm\u00fcyor. \u00c7\u00fcnk\u00fc biz \u00e7al\u0131\u015fmalara ba\u015flayal\u0131 2 y\u0131l oldu. 5 Eyl\u00fcl&#8217;de de \u00e7al\u0131\u015fmalar\u0131 tamamlayarak yay\u0131mlanmak \u00fczere Ba\u015fbakanl\u0131\u011fa g\u00f6nderdik ve d\u00fcn yay\u0131mland\u0131.&#8221;<\/p>\n<p style=\"text-align: justify;\"><a href=\"http:\/\/www.cnnturk.com\/2011\/turkiye\/09\/21\/yargida.yeni.donem\/630002.0\/index.html\" target=\"_blank\">Kaynak : CNN T\u00dcRK<\/a><\/p>\n","protected":false},"excerpt":{"rendered":"<p style=\"text-align: justify;\">\n<p style=\"text-align: justify;\">Tutuklu ve h\u00fck\u00fcml\u00fcler, soru\u015fturma ve kovu\u015fturma safhas\u0131nda bir yerden ba\u015fka bir yere gitmelerine gerek kalmadan video konferans sistemi ile bulunduklar\u0131 yerden ifade verebilecek.<\/p>\n<p style=\"text-align: justify;\">Adalet Bakanl\u0131\u011f\u0131 Bilgi \u0130\u015flem Dairesi Ba\u015fkan\u0131 Mesut Orta, Resmi Gazete&#8217;de d\u00fcn yay\u0131mlanarak y\u00fcr\u00fcrl\u00fc\u011fe giren duru\u015fma nedeniyle sevk ve nakillerin en aza indirilmesini ama\u00e7layan Ceza Muhakemesinde <\/p>\n","protected":false},"author":1,"featured_media":0,"comment_status":"open","ping_status":"open","sticky":false,"template":"","format":"standard","meta":{"footnotes":""},"categories":[105],"tags":[],"class_list":["post-40062","post","type-post","status-publish","format-standard","hentry","category-gundem","odd"],"_links":{"self":[{"href":"http:\/\/www.korhanyilmaz.com\/index.php?rest_route=\/wp\/v2\/posts\/40062","targetHints":{"allow":["GET"]}}],"collection":[{"href":"http:\/\/www.korhanyilmaz.com\/index.php?rest_route=\/wp\/v2\/posts"}],"about":[{"href":"http:\/\/www.korhanyilmaz.com\/index.php?rest_route=\/wp\/v2\/types\/post"}],"author":[{"embeddable":true,"href":"http:\/\/www.korhanyilmaz.com\/index.php?rest_route=\/wp\/v2\/users\/1"}],"replies":[{"embeddable":true,"href":"http:\/\/www.korhanyilmaz.com\/index.php?rest_route=%2Fwp%2Fv2%2Fcomments&post=40062"}],"version-history":[{"count":0,"href":"http:\/\/www.korhanyilmaz.com\/index.php?rest_route=\/wp\/v2\/posts\/40062\/revisions"}],"wp:attachment":[{"href":"http:\/\/www.korhanyilmaz.com\/index.php?rest_route=%2Fwp%2Fv2%2Fmedia&parent=40062"}],"wp:term":[{"taxonomy":"category","embeddable":true,"href":"http:\/\/www.korhanyilmaz.com\/index.php?rest_route=%2Fwp%2Fv2%2Fcategories&post=40062"},{"taxonomy":"post_tag","embeddable":true,"href":"http:\/\/www.korhanyilmaz.com\/index.php?rest_route=%2Fwp%2Fv2%2Ftags&post=40062"}],"curies":[{"name":"wp","href":"https:\/\/api.w.org\/{rel}","templated":true}]}}