{"id":40059,"date":"2011-09-19T22:43:50","date_gmt":"2011-09-19T19:43:50","guid":{"rendered":"http:\/\/www.korhanyilmaz.com\/?p=40059"},"modified":"2011-09-21T21:07:20","modified_gmt":"2011-09-21T18:07:20","slug":"beni-basbakan-gorevlendirdi","status":"publish","type":"post","link":"http:\/\/www.korhanyilmaz.com\/?p=40059","title":{"rendered":"Beni Ba\u015fbakan g\u00f6revlendirdi"},"content":{"rendered":"<p style=\"text-align: center;\"><a href=\"http:\/\/www.korhanyilmaz.com\/wp-content\/uploads\/2011\/09\/5120.jpg\"  class=\"lightview\"><img loading=\"lazy\" decoding=\"async\" class=\"aligncenter  wp-image-40060\" src=\"http:\/\/www.korhanyilmaz.com\/wp-content\/uploads\/2011\/09\/5120.jpg\" alt=\"\" width=\"360\" height=\"320\" \/><\/a><\/p>\n<p style=\"text-align: justify;\">M\u0130T M\u00fcste\u015far\u0131 Hakan Fidan\u2019\u0131n bu s\u00f6zleri AKP i\u00e7inde b\u00fcy\u00fck bir rahats\u0131zl\u0131k yaratt\u0131.<\/p>\n<p style=\"text-align: justify;\">Ba\u015fbakan Yard\u0131mc\u0131s\u0131 B\u00fclent Ar\u0131n\u00e7, \u201cM\u00fcste\u015far yard\u0131mc\u0131s\u0131 s\u0131fat\u0131yla toplant\u0131ya kat\u0131l\u0131yor olmas\u0131, onun Ba\u015fbakanl\u0131kla ilgili oldu\u011funu g\u00f6stermez\u201d derken, \u00d6mer \u00c7elik ise \u201c\u0130lk bak\u0131\u015fta anla\u015f\u0131l\u0131r gelmeyen ifadeler olabilir\u201d diye konu\u015ftu.<!--more--><\/p>\n<p style=\"text-align: justify;\"><strong>Fidan: Beni Ba\u015fbakan g\u00f6revlendirdi<\/strong><\/p>\n<p style=\"text-align: justify;\">M\u0130T M\u00fcste\u015far\u0131 Hakan Fidan\u2019\u0131n, m\u00fcste\u015far olmadan \u00f6nce \u00d6calan ve ter\u00f6r \u00f6rg\u00fct\u00fcyle yapt\u0131\u011f\u0131 pazarl\u0131k g\u00f6r\u00fc\u015fmelerinin ses kay\u0131tlar\u0131 internet sitelerine d\u00fc\u015fm\u00fc\u015ft\u00fc. Fidan, ter\u00f6r \u00f6rg\u00fct\u00fcn\u00fcn temsilcileriyle yapt\u0131\u011f\u0131 bu g\u00f6r\u00fc\u015fmelerde bebek katilinden s\u0131k s\u0131k \u201cSay\u0131n \u00d6calan\u201d diye bahsederken, kendisinin Ba\u015fbakan Recep Tayyip Erdo\u011fan taraf\u0131ndan g\u00f6revlendirildi\u011fini de bir ka\u00e7 kez vurguluyor. Fidan\u2019\u0131n konu\u015fmas\u0131 \u00f6zetle \u015f\u00f6yle: \u201cBu ekibin yeni \u00fcyesiyim. Yakla\u015f\u0131k bir ay \u00f6nce \u0130mral\u0131\u2019da Say\u0131n \u00d6calan\u2019la bir araya geldik. \u0130smim Hakan Fidan. M\u00fcste\u015far yard\u0131mc\u0131s\u0131y\u0131m ama Say\u0131n Ba\u015fbakan\u0131m\u0131z\u0131n \u00f6zel temsilcisiyim. Bu konuda arkada\u015flar\u0131m\u0131z\u0131n uzun zamand\u0131r sizinle beraber devam ettirdikleri \u00e7al\u0131\u015fmalar ger\u00e7ekten her t\u00fcrl\u00fc takdirin \u00f6tesindedir. Ama bir noktadan sonra verilen raporlar \u00e7er\u00e7evesinde olay\u0131n teknik g\u00f6r\u00fcnen bir \u00e7al\u0131\u015fmadan \u00f6te daha siyasi i\u00e7erikli, daha farkl\u0131 bir boyuta ta\u015f\u0131nmas\u0131 ihtiyac\u0131 has\u0131l olunca Say\u0131n Ba\u015fbakan\u0131m\u0131z bu konuda beni g\u00f6revlendirdi. Takdir edersiniz ki olduk\u00e7a hassas bir durum siyasi riski kabul edilemeyecek derecede y\u00fcksek bir durum. \u00d6zellikle muhalefetin bulundu\u011fu \u015fartlar\u0131 biliyorsunuz.\u201d<\/p>\n<p style=\"text-align: justify;\"><a href=\"http:\/\/www.yg.yenicaggazetesi.com.tr\/habergoster.php?haber=56406\" target=\"_blank\">Kaynak : Yeni\u00e7a\u011f Gazetesi<\/a><\/p>\n","protected":false},"excerpt":{"rendered":"<p style=\"text-align: center;\">\n<p style=\"text-align: justify;\">M\u0130T M\u00fcste\u015far\u0131 Hakan Fidan\u2019\u0131n bu s\u00f6zleri AKP i\u00e7inde b\u00fcy\u00fck bir rahats\u0131zl\u0131k yaratt\u0131.<\/p>\n<p style=\"text-align: justify;\">Ba\u015fbakan Yard\u0131mc\u0131s\u0131 B\u00fclent Ar\u0131n\u00e7, \u201cM\u00fcste\u015far yard\u0131mc\u0131s\u0131 s\u0131fat\u0131yla toplant\u0131ya kat\u0131l\u0131yor olmas\u0131, onun Ba\u015fbakanl\u0131kla ilgili oldu\u011funu g\u00f6stermez\u201d derken, \u00d6mer \u00c7elik ise \u201c\u0130lk bak\u0131\u015fta anla\u015f\u0131l\u0131r gelmeyen ifadeler olabilir\u201d diye konu\u015ftu.<\/p>\n","protected":false},"author":1,"featured_media":0,"comment_status":"open","ping_status":"open","sticky":false,"template":"","format":"standard","meta":{"footnotes":""},"categories":[105],"tags":[],"class_list":["post-40059","post","type-post","status-publish","format-standard","hentry","category-gundem","odd"],"_links":{"self":[{"href":"http:\/\/www.korhanyilmaz.com\/index.php?rest_route=\/wp\/v2\/posts\/40059","targetHints":{"allow":["GET"]}}],"collection":[{"href":"http:\/\/www.korhanyilmaz.com\/index.php?rest_route=\/wp\/v2\/posts"}],"about":[{"href":"http:\/\/www.korhanyilmaz.com\/index.php?rest_route=\/wp\/v2\/types\/post"}],"author":[{"embeddable":true,"href":"http:\/\/www.korhanyilmaz.com\/index.php?rest_route=\/wp\/v2\/users\/1"}],"replies":[{"embeddable":true,"href":"http:\/\/www.korhanyilmaz.com\/index.php?rest_route=%2Fwp%2Fv2%2Fcomments&post=40059"}],"version-history":[{"count":0,"href":"http:\/\/www.korhanyilmaz.com\/index.php?rest_route=\/wp\/v2\/posts\/40059\/revisions"}],"wp:attachment":[{"href":"http:\/\/www.korhanyilmaz.com\/index.php?rest_route=%2Fwp%2Fv2%2Fmedia&parent=40059"}],"wp:term":[{"taxonomy":"category","embeddable":true,"href":"http:\/\/www.korhanyilmaz.com\/index.php?rest_route=%2Fwp%2Fv2%2Fcategories&post=40059"},{"taxonomy":"post_tag","embeddable":true,"href":"http:\/\/www.korhanyilmaz.com\/index.php?rest_route=%2Fwp%2Fv2%2Ftags&post=40059"}],"curies":[{"name":"wp","href":"https:\/\/api.w.org\/{rel}","templated":true}]}}