{"id":40051,"date":"2011-09-20T22:38:03","date_gmt":"2011-09-20T19:38:03","guid":{"rendered":"http:\/\/www.korhanyilmaz.com\/?p=40051"},"modified":"2011-09-21T11:55:45","modified_gmt":"2011-09-21T08:55:45","slug":"serefsizlik","status":"publish","type":"post","link":"http:\/\/www.korhanyilmaz.com\/?p=40051","title":{"rendered":"\u015eEREFS\u0130ZL\u0130K!"},"content":{"rendered":"<p style=\"text-align: center;\"><a href=\"http:\/\/www.korhanyilmaz.com\/wp-content\/uploads\/2011\/09\/5119.jpg\"  class=\"lightview\"><img loading=\"lazy\" decoding=\"async\" class=\"aligncenter  wp-image-40052\" src=\"http:\/\/www.korhanyilmaz.com\/wp-content\/uploads\/2011\/09\/5119.jpg\" alt=\"\" width=\"400\" height=\"356\" \/><\/a><\/p>\n<p style=\"text-align: justify;\"><strong>AKP\u2019nin m\u00fczakere masas\u0131na oturttu\u011fu ter\u00f6ristler Ankara\u2019n\u0131n g\u00f6be\u011finde bomba patlatt\u0131.<\/strong><\/p>\n<p style=\"text-align: justify;\"><strong>3 \u00f6l\u00fc 34 yaral\u0131<\/strong><\/p>\n<p style=\"text-align: justify;\"><strong>Kana doymuyorlar<\/strong><\/p>\n<p style=\"text-align: justify;\">AKP ile m\u00fczakere masas\u0131ndaki PKK, \u015fehit etti\u011fi Mehmet\u00e7iklerin ard\u0131ndan bu kez Ankara\u2019n\u0131n merkezi K\u0131z\u0131lay\u2019da sivillere sald\u0131rd\u0131. B\u00f6l\u00fcc\u00fc hainler, Kumrular Sokak\u2019ta bomba y\u00fckl\u00fc arac\u0131 patlatarak kan d\u00f6kt\u00fc.<!--more--><\/p>\n<p style=\"text-align: justify;\"><strong>Savc\u0131l\u0131k \u2018ter\u00f6r\u2019 dedi<\/strong><\/p>\n<p style=\"text-align: justify;\">PatlamanIn ard\u0131ndan Ankara Cumhuriyet Ba\u015fsavc\u0131l\u0131\u011f\u0131, bir a\u00e7\u0131klama yay\u0131mlad\u0131: Ara\u00e7 ve yaya trafi\u011finin yo\u011fun oldu\u011fu b\u00f6lgede can ve mal kayb\u0131na neden olacak eylemin yap\u0131lmas\u0131, ter\u00f6r eylemi olarak de\u011ferlendirilmi\u015ftir.<\/p>\n<p style=\"text-align: justify;\"><strong>3 adet vatanda\u015f!..<\/strong><\/p>\n<p style=\"text-align: justify;\">KORKUN\u00c7 patlama sonras\u0131 \u0130\u00e7i\u015fleri Bakan\u0131 \u0130dris Naim \u015eahin\u2019in yeni gaf\u0131 b\u00fcy\u00fck tepki \u00e7ekti. K\u0131sa s\u00fcre \u00f6nce Ba\u015fbakan\u2019dan \u2018uyar\u0131\u2019 alan \u015eahin, d\u00fcn de aynen \u015f\u00f6yle dedi: <span style=\"text-decoration: underline;\"><strong>3 adet vatanda\u015f\u0131m\u0131z can kayb\u0131na maruz kald\u0131.<\/strong><\/span><\/p>\n<p style=\"text-align: justify;\"><strong>Deh\u015feti ya\u015fad\u0131lar<\/strong><\/p>\n<p style=\"text-align: justify;\">Ankara sabah saatlerinde ter\u00f6r\u00fcn kanl\u0131 y\u00fcz\u00fcyle kar\u015f\u0131 kar\u015f\u0131ya kald\u0131. M\u00fcthi\u015f patlaman\u0131n ard\u0131ndan ortal\u0131k sava\u015f alan\u0131na d\u00f6nd\u00fc.Can pazar\u0131n\u0131n ya\u015fand\u0131\u011f\u0131 olay yerinde feryatlar ve yard\u0131m \u00e7\u0131\u011fl\u0131klar\u0131 birbirine kar\u0131\u015ft\u0131.<\/p>\n<p style=\"text-align: justify;\"><strong>Ter\u00f6ristler ba\u015fkenti cehenneme \u00e7evirdi!<\/strong><\/p>\n<p style=\"text-align: justify;\">B\u00f6l\u00fcc\u00fclerin, Ba\u015fbakanl\u0131\u011fa 200 metre mesafede bir otomobile yerle\u015ftirdi\u011fi par\u00e7a tesirli bomba patlad\u0131. Olayda 3 ki\u015fi hayat\u0131n\u0131 kaybetti, 5\u2019i a\u011f\u0131r 34 ki\u015fi yaraland\u0131.<\/p>\n<p style=\"text-align: justify;\">Ankara\u2019n\u0131n en yo\u011fun merkezlerinden K\u0131z\u0131lay\u2019da meydana gelen korkun\u00e7 patlamada 3 ki\u015fi hayat\u0131n\u0131 kaybetti, 34 ki\u015fi de yaraland\u0131.Yaral\u0131lardan 5\u2019inin durumunun a\u011f\u0131r oldu\u011fu bildirildi. D\u00fcn saat 11.00 s\u0131ralar\u0131nda ba\u015fkentin en i\u015flek caddelerinden biri olan ve hemen yan\u0131nda \u00c7ankaya Kaymakaml\u0131\u011f\u0131 bulunan Kumrular Sokak\u2019ta b\u00fcy\u00fck bir patlama meydana geldi. \u0130\u00e7i\u015fleri Bakan\u0131 \u0130dris Naim \u015eahin\u2019in verdi\u011fi bilgiye g\u00f6re Laguna marka bir otomobilde meydana gelen patlaman\u0131n ard\u0131ndan yang\u0131n \u00e7\u0131kt\u0131. Otomobil par\u00e7alanarak alev al\u0131rken 6 ara\u00e7 da k\u00fcl oldu. Kilometrelerce uzaktan bile duyulup b\u00fcy\u00fck pani\u011fe yol a\u00e7an patlama nedeniyle \u00e7evredeki \u00e7ok say\u0131da binan\u0131n camlar\u0131 da k\u0131r\u0131ld\u0131. Ba\u015fbakanl\u0131\u011fa 200 metre mesafede meydana gelen patlama s\u0131ras\u0131nda hen\u00fcz kimlikleri tespit edilemeyen biri kad\u0131n 3 ki\u015fi par\u00e7alanarak can verirken, 34 ki\u015fi de yaraland\u0131. Olay yerine gelen ambulanslarla Numune, Ankara, Gazi \u00dcniversitesi, \u0130bni Sina, Hacettepe, Atat\u00fcrk E\u011fitim ve Ara\u015ft\u0131rma, D\u0131\u015fkap\u0131 ve Y\u00fcksek \u0130htisas hastanelerine kald\u0131r\u0131larak tedavi alt\u0131na al\u0131nan yaral\u0131lardan 5\u2019inin durumunun a\u011f\u0131r oldu\u011fu bildirildi.<\/p>\n<p style=\"text-align: justify;\"><strong>Polis alarma ge\u00e7ti<\/strong><\/p>\n<p style=\"text-align: justify;\">Olay\u0131n ard\u0131ndan polis, ikinci bir patlama olas\u0131l\u0131\u011f\u0131na kar\u015f\u0131 \u00e7evrede geni\u015f g\u00fcvenlik \u00f6nlemi al\u0131rken, Kumrular Caddesi giri\u015f ve \u00e7\u0131k\u0131\u015f\u0131nda g\u00fcvenlik \u015feridi olu\u015fturup, b\u00f6lgeyi trafi\u011fe kapatt\u0131. Patlaman\u0131n meydana geldi\u011fi alan\u0131n 50 metre ilerisinde \u015f\u00fcpheli bir \u00e7anta g\u00f6r\u00fclmesi \u00fczerine polis alarma ge\u00e7ti. Alan bo\u015falt\u0131l\u0131rken, olay yerine gelen bomba imha uzmanlar\u0131, incelemelerini s\u00fcrd\u00fcrd\u00fc. Bomba ihtimaline kar\u015f\u0131 b\u00f6lgeye frekans kar\u0131\u015ft\u0131r\u0131c\u0131 jammerler g\u00f6nderildi, telefon \u015febekeleri devre d\u0131\u015f\u0131 b\u0131rak\u0131ld\u0131. Bu arada ortal\u0131\u011f\u0131 cehenneme \u00e7eviren patlaman\u0131n meydana geldi\u011fi yerin yak\u0131n\u0131ndaki bir okul ile ve dershaneye giden \u00f6\u011frencilerin yak\u0131nlar\u0131, panik i\u00e7inde olay yerine ak\u0131n ederek ilgililerden bilgi almaya \u00e7al\u0131\u015ft\u0131. Patlaman\u0131n meydana geldi\u011fi olay yerine Devlet Bakan\u0131 Ba\u015fbakan Yard\u0131mc\u0131s\u0131 Be\u015fir Atalay, Ankara Valisi Alaaddin Y\u00fcksel ile birlikte \u00c7ankaya Belediye Ba\u015fkan\u0131 B\u00fclent Tan\u0131k giderek yetkililerden bilgi ald\u0131. Bu arada, hain sald\u0131r\u0131ya ili\u015fkin a\u00e7\u0131klamarda bulunan \u0130\u00e7i\u015fleri Bakan\u0131 \u0130dris Naim \u015eahin, \u201c3 adet maalesef vatanda\u015f\u0131m\u0131z\u0131n patlamadan dolay\u0131 can kayb\u0131na maruz kald\u0131\u011f\u0131 bilgisi var. Yaral\u0131 say\u0131s\u0131 konusunda \u015fu an itibariyle 15 \u00f6nemli yaral\u0131 oldu\u011fu, bunlar\u0131n 5 tanesinin ciddiyet arz etti\u011fi bilgimiz var. Hedefi tabi eylemi yapan en iyi bilir. Hedef g\u00f6zetmeden yap\u0131lan bir hedeftir\u201d s\u00f6zleriyle bir gafa imza att\u0131. Polis kaynaklar\u0131, K\u0131z\u0131lay Kumrular Sokak\u2019ta meydana gelen patlaman\u0131n, otomobilde bulunan par\u00e7a tesirli bombadan kaynakland\u0131\u011f\u0131n\u0131 belirtti. Ankara Cumhuriyet Ba\u015fsavc\u0131l\u0131\u011f\u0131 da yapt\u0131\u011f\u0131 incelemenin ard\u0131ndan olay\u0131n ter\u00f6r sald\u0131r\u0131s\u0131 oldu\u011funu a\u00e7\u0131klad\u0131.<\/p>\n<p style=\"text-align: justify;\"><strong>Soru\u015fturma ba\u015flat\u0131ld\u0131<\/strong><\/p>\n<p style=\"text-align: justify;\">Ba\u015fsavc\u0131l\u0131ktan yap\u0131lan a\u00e7\u0131klamada, \u201cAra\u00e7 ve yaya trafi\u011finin yo\u011fun olarak ya\u015fand\u0131\u011f\u0131 bir b\u00f6lgede par\u00e7a tesirli bir bomban\u0131n patlat\u0131lmas\u0131 suretiyle b\u00fcy\u00fck can ve mal kayb\u0131na neden olacak bir eylemin yap\u0131lmas\u0131, ter\u00f6r eylemi olarak de\u011ferlendirilmi\u015ftir denildi. Ayn\u0131 a\u00e7\u0131klamada, Cumhuriyet Ba\u015fsavc\u0131l\u0131\u011f\u0131\u2019nca soru\u015fturmaya ba\u015fland\u0131\u011f\u0131, soru\u015fturman\u0131n CMK\u2019n\u0131n 250. maddesi kapsam\u0131nda g\u00f6revli Cumhuriyet Ba\u015fsavc\u0131vekilli\u011fi\u2019nce y\u00fcr\u00fct\u00fcld\u00fc\u011f\u00fc belirtildi. Bu arada polis ekipleri, patlaman\u0131n meydana geldi\u011fi b\u00f6lgede, \u015f\u00fcpheli bir kad\u0131n\u0131 g\u00f6zalt\u0131na ald\u0131. \u015e\u00fcpheli kad\u0131n\u0131n slogan att\u0131\u011f\u0131 bildirildi.<\/p>\n<p style=\"text-align: justify;\"><strong>\u0130stihbarat uyarm\u0131\u015ft\u0131<\/strong><\/p>\n<p style=\"text-align: justify;\">Emniyet Genel M\u00fcd\u00fcrl\u00fc\u011f\u00fc, son d\u00f6nemde ter\u00f6r \u00f6rg\u00fct\u00fcne y\u00f6nelik operasyonlar\u0131n artmas\u0131 \u00fczerine, ge\u00e7ti\u011fimiz hafta gizli bir genelgeyle il emniyet m\u00fcd\u00fcrl\u00fcklerini olas\u0131 sald\u0131r\u0131lara kar\u015f\u0131 uyarm\u0131\u015ft\u0131. B\u00f6l\u00fcc\u00fc ter\u00f6r \u00f6rg\u00fct\u00fc PKK\u2019n\u0131n b\u00fcy\u00fck kentlerde \u201cses getirecek\u201d eylem haz\u0131rl\u0131\u011f\u0131nda oldu\u011fu ifade edilen gizli yaz\u0131da, \u00f6zellikle halk\u0131n yo\u011fun olarak bulundu\u011fu kent merkezlerinde \u015f\u00fcpheli ara\u00e7 ve ki\u015filer \u00fczerinde aramalar\u0131n yo\u011funla\u015ft\u0131r\u0131lmas\u0131 istenmi\u015fti.<\/p>\n<p style=\"text-align: justify;\"><strong>Devlet zirvesi farkl\u0131 konu\u015ftu<\/strong><\/p>\n<p style=\"text-align: justify;\">Ankara\u2019daki kanl\u0131 sald\u0131r\u0131 devletin zirvesinde farkl\u0131 tepkilere yol a\u00e7t\u0131. Cumhurba\u015fkan\u0131 Abdullah G\u00fcl ile \u0130\u00e7i\u015fleri Bakan\u0131 \u0130dris Naim \u015eahin ter\u00f6r\u00fc lanetleyen a\u00e7\u0131klamalar yaparken, Ba\u015fbakan Recep Tayyip Erdo\u011fan patlama sonras\u0131 yapt\u0131\u011f\u0131 ilk a\u00e7\u0131klamada, \u201cOlay\u0131n bir ter\u00f6r sald\u0131r\u0131s\u0131 oldu\u011fu y\u00f6n\u00fcnde bir bilgi yok. Olayla ilgili kesin bilgiler geldikten sonra bunu sizinle payla\u015faca\u011f\u0131z\u201d dedi. Erdo\u011fan, BM\u2019nin 66. Genel Kurul toplant\u0131lar\u0131na kat\u0131lmak \u00fczere bulundu New York\u2019ta konaklad\u0131\u011f\u0131 Peninsula Oteli\u2019nden ayr\u0131l\u0131rken bas\u0131n mensuplar\u0131n\u0131n sorular\u0131n\u0131 yan\u0131tlad\u0131.Ba\u015fbakan bir soru \u00fczerine Ankara\u2019daki patlaman\u0131n ter\u00f6r sald\u0131r\u0131s\u0131 oldu\u011funa dair bilgileri bulunmad\u0131\u011f\u0131n\u0131 ifade etti.<\/p>\n<p style=\"text-align: justify;\"><a href=\"http:\/\/www.yg.yenicaggazetesi.com.tr\/habergoster.php?haber=56453\" target=\"_blank\">Kaynak : Yeni\u00e7a\u011f Gazetesi<\/a><\/p>\n","protected":false},"excerpt":{"rendered":"<p style=\"text-align: center;\">\n<p style=\"text-align: justify;\">AKP\u2019nin m\u00fczakere masas\u0131na oturttu\u011fu ter\u00f6ristler Ankara\u2019n\u0131n g\u00f6be\u011finde bomba patlatt\u0131.<\/p>\n<p style=\"text-align: justify;\">3 \u00f6l\u00fc 34 yaral\u0131<\/p>\n<p style=\"text-align: justify;\">Kana doymuyorlar<\/p>\n<p style=\"text-align: justify;\">AKP ile m\u00fczakere masas\u0131ndaki PKK, \u015fehit etti\u011fi Mehmet\u00e7iklerin ard\u0131ndan bu kez Ankara\u2019n\u0131n merkezi K\u0131z\u0131lay\u2019da sivillere sald\u0131rd\u0131. B\u00f6l\u00fcc\u00fc hainler, Kumrular Sokak\u2019ta bomba y\u00fckl\u00fc arac\u0131 patlatarak kan d\u00f6kt\u00fc.<\/p>\n","protected":false},"author":1,"featured_media":0,"comment_status":"open","ping_status":"open","sticky":false,"template":"","format":"standard","meta":{"footnotes":""},"categories":[105],"tags":[],"class_list":["post-40051","post","type-post","status-publish","format-standard","hentry","category-gundem","odd"],"_links":{"self":[{"href":"http:\/\/www.korhanyilmaz.com\/index.php?rest_route=\/wp\/v2\/posts\/40051","targetHints":{"allow":["GET"]}}],"collection":[{"href":"http:\/\/www.korhanyilmaz.com\/index.php?rest_route=\/wp\/v2\/posts"}],"about":[{"href":"http:\/\/www.korhanyilmaz.com\/index.php?rest_route=\/wp\/v2\/types\/post"}],"author":[{"embeddable":true,"href":"http:\/\/www.korhanyilmaz.com\/index.php?rest_route=\/wp\/v2\/users\/1"}],"replies":[{"embeddable":true,"href":"http:\/\/www.korhanyilmaz.com\/index.php?rest_route=%2Fwp%2Fv2%2Fcomments&post=40051"}],"version-history":[{"count":0,"href":"http:\/\/www.korhanyilmaz.com\/index.php?rest_route=\/wp\/v2\/posts\/40051\/revisions"}],"wp:attachment":[{"href":"http:\/\/www.korhanyilmaz.com\/index.php?rest_route=%2Fwp%2Fv2%2Fmedia&parent=40051"}],"wp:term":[{"taxonomy":"category","embeddable":true,"href":"http:\/\/www.korhanyilmaz.com\/index.php?rest_route=%2Fwp%2Fv2%2Fcategories&post=40051"},{"taxonomy":"post_tag","embeddable":true,"href":"http:\/\/www.korhanyilmaz.com\/index.php?rest_route=%2Fwp%2Fv2%2Ftags&post=40051"}],"curies":[{"name":"wp","href":"https:\/\/api.w.org\/{rel}","templated":true}]}}