{"id":40034,"date":"2011-09-21T08:06:10","date_gmt":"2011-09-21T05:06:10","guid":{"rendered":"http:\/\/www.korhanyilmaz.com\/?p=40034"},"modified":"2011-09-21T11:02:10","modified_gmt":"2011-09-21T08:02:10","slug":"vidalari-keciler-sokmedi-ya","status":"publish","type":"post","link":"http:\/\/www.korhanyilmaz.com\/?p=40034","title":{"rendered":"&#8220;Vidalar\u0131 ke\u00e7iler s\u00f6kmedi ya&#8221;"},"content":{"rendered":"<p style=\"text-align: center;\"><a href=\"http:\/\/www.korhanyilmaz.com\/wp-content\/uploads\/2011\/09\/5115.jpg\"  class=\"lightview\"><img loading=\"lazy\" decoding=\"async\" class=\"aligncenter  wp-image-40035\" src=\"http:\/\/www.korhanyilmaz.com\/wp-content\/uploads\/2011\/09\/5115.jpg\" alt=\"\" width=\"462\" height=\"210\" \/><\/a><\/p>\n<p style=\"text-align: justify;\">Cumhurba\u015fkan\u0131 Almanya&#8217;da Yaz\u0131c\u0131o\u011flu&#8217;nun \u00f6l\u00fcm\u00fcyle ilgili \u00e7arp\u0131c\u0131 a\u00e7\u0131klamalar yapt\u0131.<\/p>\n<p style=\"text-align: justify;\">G\u00fcl, helikopter kazas\u0131nda ya\u015fam\u0131n\u0131 yitiren Muhsin Yaz\u0131c\u0131o\u011flu\u2019nun \u00f6l\u00fcm\u00fcyle ilgili g\u00f6nderilen bir videoyu izledi\u011fini s\u00f6yleyerek, \u201c\u0130nsan\u0131n akl\u0131n\u0131n almayaca\u011f\u0131 \u015feyler var. \u00c7ok fazla s\u00f6ylemeyeyim. Bakt\u0131m ki bir taraftan cesetleri zorla buz falan \u00e7\u0131kar\u0131yorlar, bir taraftan birisi de orada viday\u0131 s\u00f6k\u00fcyor. Hepsi \u00e7\u0131kt\u0131 ortaya\u201d dedi.\u00a0<!--more--><\/p>\n<p style=\"text-align: justify;\"><strong>HEL\u0130KOPTERE M\u00dcDEHALE KAMERADA<\/strong><\/p>\n<p style=\"text-align: justify;\">BBP Ba\u015fkan\u0131 Muhsin Yaz\u0131c\u0131o\u011flu ile birlikte 5 ki\u015finin can verdi\u011fi helikopter kazas\u0131, \u00fczerindeki soru i\u015faretleri ile dikkat \u00e7ekti.<\/p>\n<p style=\"text-align: justify;\">Vatan&#8217;\u0131n haberine g\u00f6re, Cumhurba\u015fkan\u0131 Abdullah G\u00fcl de \u015eubat 2010\u2019da Devlet Denetleme Kurulu\u2019na \u201cAra\u015ft\u0131r\u0131n\u201d talimat\u0131 verdi. DDK, C\u0130HAN Haber Ajans\u0131\u2019n\u0131n \u00e7ekti\u011fi g\u00f6r\u00fcnt\u00fclerden, helikopterin u\u00e7u\u015f bilgilerinin muhafaza edildi\u011fi ARGUS 5000CE ile Skymap IIIC cihazlar\u0131n\u0131n yerinde olmad\u0131\u011f\u0131n\u0131 saptad\u0131. G\u00f6r\u00fcnt\u00fcleri inceleyen DDK, Kara Kuvvetleri\u2019ne ait Skorsky helikopterdeki baz\u0131 personelin, d\u00fc\u015fen helikopterden bu par\u00e7alar\u0131 ald\u0131\u011f\u0131n\u0131 tespit etti. 24 Ocak 2011\u2019de a\u00e7\u0131klanan raporda, Sikorsky Helikopterdeki personel hakk\u0131nda savc\u0131l\u0131\u011fa soru\u015fturma yap\u0131lmas\u0131 i\u00e7in su\u00e7 duyurusu yap\u0131ld\u0131. 3 Mart 2011\u2019de ise soru\u015fturmay\u0131 y\u00fcr\u00fcten Savc\u0131 U\u011fur Ko\u00e7, 7 \u015f\u00fcphelinin yer ald\u0131\u011f\u0131 fezlekesini haz\u0131rlad\u0131 ve dosyay\u0131 Malatya \u00d6zel Yetkili Cumhuriyet Ba\u015fsavc\u0131l\u0131\u011f\u0131\u2019na g\u00f6nderdi. Cumhurba\u015fkan\u0131 G\u00fcl de DDK\u2019dan ek rapor haz\u0131rlamas\u0131 i\u00e7in yeni talimat verdi.<\/p>\n<p style=\"text-align: justify;\"><strong>Dink ve Yaz\u0131c\u0131o\u011flu davalar\u0131n\u0131 yak\u0131ndan takip ediyordunuz. Gelinen nokta nedir?\u00a0<\/strong><\/p>\n<p style=\"text-align: justify;\">Hrant Dink ve Muhsin Yaz\u0131c\u0131o\u011flu\u2019nda Devlet Denetleme Kurulu\u2019nu g\u00f6revlendirdim. \u00c7ok g\u00f6r\u00fc\u015fmeler yapt\u0131lar, do\u011frusu bitirmediler tam. Bitmedi. Ancak Muhsin Yaz\u0131c\u0131o\u011flu\u2019nkinde \u00e7ok b\u00fcy\u00fck \u015feyler ortaya \u00e7\u0131kt\u0131 a\u00e7\u0131k\u00e7as\u0131. Yani inanmak m\u00fcmk\u00fcn de\u011fil. B\u00fcy\u00fck a\u00e7\u0131klar ortaya \u00e7\u0131kt\u0131. Yani d\u00fc\u015f\u00fcnebiliyor musunuz, Meclis\u2019te bu kapanm\u0131\u015ft\u0131, tepki olmu\u015ftu. Ama ortaya \u00e7\u0131kt\u0131 ki d\u00fc\u015fen helikopkerin b\u00fct\u00fcn beyni, o helikopterin her \u015feyini kayda ge\u00e7en haf\u0131zas\u0131 yok ortada \u015fimdi. D\u00fc\u015f\u00fcnebiliyor musunuz, ke\u00e7iler gelip s\u00f6k\u00fcp g\u00f6t\u00fcrmedi. Yani b\u00f6yle bir \u015fey de\u011fil, \u00f6zel vidalarla s\u00f6k\u00fclm\u00fc\u015f, yok ortada. \u0130\u015fte bunun yok oldu\u011funu tespit etti bu denetleme raporu. Daha bunun gibi insan\u0131n akl\u0131n\u0131n almayaca\u011f\u0131 \u015feyler var. \u00c7ok fazla s\u00f6ylemeyeyim.<\/p>\n<p style=\"text-align: justify;\"><strong>\u00c7enesinin k\u0131r\u0131ld\u0131\u011f\u0131 s\u00f6yleniyor&#8230;\u00a0<\/strong><\/p>\n<p style=\"text-align: justify;\">Bu olabilir, tabii don var orada. Bu tespit edildikten sonra da ihbarlar ya\u011fd\u0131. Yazm\u0131\u015f \u2018Cumhurba\u015fkan\u0131m\u2019 diye g\u00f6nderdi adam. \u2018Biz g\u00f6rev yap\u0131yoruz zannediyorduk ama \u015funlar \u015funlar da var, al \u015fu videoya bak\u2019 diye g\u00f6nderdiler bana. Bakt\u0131m ki bir taraftan cesetleri zorla buz falan \u00e7\u0131kar\u0131yorlar, bir taraftan birisi de orada viday\u0131 s\u00f6k\u00fcyor. Hepsi \u00e7\u0131kt\u0131 ortaya.<\/p>\n<p style=\"text-align: justify;\"><strong>Kim s\u00f6km\u00fc\u015f?\u00a0<\/strong><\/p>\n<p style=\"text-align: justify;\">Neyse&#8230;<\/p>\n<p style=\"text-align: justify;\">\u00a0<strong>O zaman kazadan \u00e7ok cinayet diyebilir miyiz?\u00a0<\/strong><\/p>\n<p style=\"text-align: justify;\">\u015eimdi cinayet de diyemeyiz, onu savc\u0131l\u0131k diyecek. Olan bir \u015feyi \u015fey etmek de olabilir, yanl\u0131\u015flardan, hatalardan dolay\u0131 da olabilir. Sorumluluktan ka\u00e7ma gibi de olabilir. Savc\u0131l\u0131kta tabii, savc\u0131l\u0131k her \u015feyi ortaya \u00e7\u0131kartacak. Hrant Dink\u2019te de \u00e7ok detayl\u0131 \u00e7al\u0131\u015f\u0131yorlar, onu s\u00f6ylemek isterim.<\/p>\n<p style=\"text-align: justify;\">\u00dcniversitedeki rezalet tepemin tas\u0131n\u0131 att\u0131rd\u0131 ama derslerini ald\u0131lar<\/p>\n<p style=\"text-align: justify;\">G\u00fcl, Humboldt \u00dcniversitesi\u2019ndeki konu\u015fma \u00f6ncesi PKK\u2019n\u0131n yapt\u0131\u011f\u0131 \u2018bomba ihbar\u0131\u2019 nedeniyle toplant\u0131y\u0131 iptal etmek isteyen Alman g\u00fcvenlik g\u00fc\u00e7leriyle ya\u015fanan gerginli\u011fi anlatt\u0131: Ne demek bomba? Tedbirini almad\u0131n m\u0131 sen, buraya bir devlet ba\u015fkan\u0131 geliyor&#8230;<\/p>\n<p style=\"text-align: justify;\"><strong>\u00c7ok can\u0131m s\u0131k\u0131ld\u0131, derslerini ald\u0131lar.\u00a0<\/strong><\/p>\n<p style=\"text-align: justify;\">Berlin Ritz Carlton Oteli\u2019nin Cumhurba\u015fkan\u0131 Abdullah G\u00fcl\u2019\u00fcn g\u00f6r\u00fc\u015fmeleri i\u00e7in d\u00fczenlenmi\u015f odalar\u0131ndan birindeyiz. Saat gece yar\u0131s\u0131n\u0131 ge\u00e7iyor. G\u00fcl, Alman mevkida\u015f\u0131n\u0131n, onuruna Cumhurba\u015fkanl\u0131\u011f\u0131 Saray\u0131\u2019nda verdi\u011fi resmi ak\u015fam yeme\u011finden d\u00f6n\u00fcyor.<\/p>\n<p style=\"text-align: justify;\">Humboldt \u00dcniversitesi\u2019ndeki konu\u015fma \u00f6ncesi PKK\u2019n\u0131n yapt\u0131\u011f\u0131 \u2018bomba ihbar\u0131\u2019 ve Alman g\u00fcvenlik g\u00fc\u00e7lerinin \u2018l\u00fctfen program\u0131n\u0131z\u0131 iptal edip otelinize d\u00f6n\u00fcn\u2019 tavr\u0131, kendi deyimiyle \u2018tepesini att\u0131rm\u0131\u015f.\u2019 Ama onun d\u0131\u015f\u0131nda ziyaretten son derece memnun:<\/p>\n<p style=\"text-align: justify;\">* \u0130yi bir gezi oluyor. Bu gezinin en \u00f6nemli yan\u0131 \u015fu; aram\u0131zda olu\u015fan iklim, atmosfer, konu\u015fulanlar, do\u011frusu \u00e7ok iyi bir \u015fekilde ge\u00e7iyor ve eminim ki bundan iyi bir sinerji olur. Yoksa kuru kuru ziyaret yap\u0131l\u0131r, gidilir, gelinir. Ama \u00f6yle de\u011fil. Ben de burada konu\u015fmalar\u0131mda do\u011frusu farkl\u0131 bir perspektif ortaya koyuyorum. Onlar\u0131n baz\u0131 \u015feyleri fark etmesine yard\u0131mc\u0131 oluyorum. T\u00fcrk-Alman ili\u015fkileri ne kadar sa\u011flam olursa, ne kadar \u00e7ok i\u015fbirli\u011fi olursa, bu i\u015fbirli\u011fi e\u011fitim, bilim, ara\u015ft\u0131rma, m\u00fchendislik, yeni alanlara ne kadar \u00e7ok ta\u015f\u0131n\u0131rsa iki taraf\u0131n o kadar faydas\u0131na olur. Siyasi konularda zaten bir problem s\u00f6z konusu de\u011fil. AB konusunda da d\u00fcr\u00fcst davran\u0131yorlar Frans\u0131zlar\u2019a falan kar\u015f\u0131&#8230; En \u00e7ok fas\u0131l yine burada a\u00e7\u0131lm\u0131\u015f vaziyette.<\/p>\n<p style=\"text-align: justify;\">* T\u00fcrkler\u2019in durumuna gelince, burada tabii 3 milyon T\u00fcrk ya\u015f\u0131yor. Buradaki T\u00fcrkler de kendi muhasebelerini \u00e7ok yapt\u0131lar. Herkes, camilerden, vak\u0131flardan kul\u00fcplere kadar kendi de\u011ferlendirmesini, otokriti\u011fini yapm\u0131\u015f vaziyette. \u015eimdi herkes daha sa\u011fl\u0131kl\u0131 bak\u0131yor. Tabii ki problemler var. \u0130\u015fte vize ba\u015fta olmak \u00fczere. Onlar\u0131 da konu\u015ftuk. Vizelerde epey bir d\u00fczeltme yapacaklar art\u0131k. Siz de takip ettiniz, T\u00fcrk-Alman \u0130\u015f Konseyi\u2019nde T\u00fcrkler\u2019den \u00e7ok Almanlar konu\u015ftu. Alman i\u015fadamlar\u0131, i\u015f d\u00fcnyas\u0131n\u0131n temsilcileri, vizenin ne kadar haks\u0131z oldu\u011funu anlatt\u0131lar. Geni\u015f kapsaml\u0131 bir gezi oluyor. Hi\u00e7 bu kadar s\u0131cak, a\u00e7\u0131k, yak\u0131n, dostane olmam\u0131\u015ft\u0131.<\/p>\n<p style=\"text-align: justify;\">* \u00dcniversitede ya\u015fanan rezalet do\u011frusu. Ben gitmeden \u00f6nce bizim istihbarat te\u015fkilat\u0131 s\u00f6ylemi\u015fti orada 30-40 ki\u015fi olacak diye, herkes biliyordu, onun da tedbirlerini herkes alm\u0131\u015ft\u0131. Konu\u015fmu\u015ftu bizimkiler de. B\u00fct\u00fcn gayretlerine ra\u011fmen, sabahtan beri yay\u0131n yapm\u0131\u015f Roj TV falan. Ona ra\u011fmen 30-40 ki\u015fi toplan\u0131nca fiyaskolar\u0131n\u0131 bu \u015fekilde kapatmak istediler. A\u00e7\u0131k\u00e7as\u0131 n\u00fcmayi\u015f yap\u0131lmas\u0131na falan ben bir \u015fey demem veya toplant\u0131da en ayk\u0131r\u0131 sorular sorarlar ederler, bunlara da hi\u00e7bir \u015fey demem, a\u00e7\u0131\u011f\u0131md\u0131r. Ama bomba falan deyince tabiri caizse kafam\u0131n tas\u0131 o zaman att\u0131&#8230; Ne demek Berlin\u2019de sen, bomba falan. Salona tam girerken \u2018bir dakika\u2019 diye durdurdular, i\u015fte bomba var. Ne demek bomba? Zaten tedbirini almad\u0131n m\u0131 sen, buraya herhangi bir profes\u00f6r gelip konu\u015fma yapm\u0131yor ki devlet ba\u015fkan\u0131 geliyor. \u015eaka de\u011fil ki. Tedbirini almad\u0131n m\u0131, ha buna ra\u011fmen yine de risk almamak i\u00e7inse tamam \u00e7ekiliriz, bakars\u0131n, girilir&#8230; Oooo, iptal edin, olmas\u0131n, etmesin, otele gidin falan&#8230; \u00c7ok can\u0131m s\u0131k\u0131ld\u0131, derslerini ald\u0131lar.<\/p>\n<p style=\"text-align: justify;\"><strong>Kayna\u011f\u0131na dair bir \u015fey var m\u0131 efendim?\u00a0<\/strong><\/p>\n<p style=\"text-align: justify;\">PKK&#8230; Vay efendim i\u015fte bomba ihbar\u0131ym\u0131\u015f. U\u00e7a\u011fa bomba ihbar\u0131 yap\u0131yorlar, u\u00e7ak iniyor, ara\u015ft\u0131r\u0131l\u0131yor, bak\u0131l\u0131yor, bir \u015fey yok, kalk\u0131yor gidiyor. Olacak i\u015f de\u011fil do\u011frusu&#8230; Bizim Ahmet (Sever) \u2018Her \u015fey d\u00fczg\u00fcn i\u015flerse saat gibi i\u015fliyor b\u00fct\u00fcn sistemleri. Ama bir b\u00f6yle stres testine tutarsan \u00e7\u00f6k\u00fcyor dedi.\u2019 Bug\u00fcn oradaki buydu. Herhalde hayatlar\u0131nda unutmazlar s\u00f6yledi\u011fim laflar\u0131. Bir bak\u0131ma iyi oldu, g\u00f6rs\u00fcnler&#8230; Muhakkak ki \u00e7ok mahcup olmalar\u0131 laz\u0131m. Cumhurba\u015fkan\u0131 \u00fczg\u00fcn tabii ki. \u00c7ok iyi yapt\u0131n\u0131z, ayr\u0131lmad\u0131n\u0131z dedi. O \u015fantaja boyun e\u011fsek beni orada konu\u015fturmam\u0131\u015f olacak. Program\u0131m\u0131 iptal ettirmi\u015f olacak. Danimarka\u2019da Roj TV davas\u0131 devam ediyor, asl\u0131nda anonslar, adam toplamak i\u00e7in g\u00fcn boyu yay\u0131n yapt\u0131lar dediler bana, do\u011fruysa onlar\u0131 kaydedip b\u00fct\u00fcn bu davada g\u00f6ndermek laz\u0131m.<\/p>\n<p style=\"text-align: justify;\"><strong>Y\u00fcr\u00fcy\u00fc\u015f yapar, g\u00f6steri yapar, pankart a\u00e7ar ayr\u0131. Ne demek bomba ihbar\u0131?\u00a0<\/strong><\/p>\n<p style=\"text-align: justify;\"><strong>Alman Cumhurba\u015fkan\u0131 Ba\u011fdat demiryolunu canland\u0131rmaktan s\u00f6z etti. Hindistan\u2019a, Pakiskan\u2019a uzatmak. O co\u011frafyada T\u00fcrkiye\u2019nin \u00e7\u0131karlar\u0131, d\u0131\u015f politikas\u0131 ile Almanlar\u2019\u0131n \u00f6rt\u00fc\u015fen taraf\u0131 var m\u0131?\u00a0<\/strong><\/p>\n<p style=\"text-align: justify;\">Almanya daima Ortado\u011fu\u2019ya, Orta Asya\u2019ya ilgi g\u00f6stermi\u015f olan bir \u00fclke. Biz de \u00f6yleyiz. Ba\u011fdat demiryolu, Hicaz demiryolu neden yap\u0131ld\u0131, \u0130ngilizler\u2019i ku\u015fatmak i\u00e7in yap\u0131ld\u0131. \u0130ngilizler S\u00fcvey\u015f Kanal\u0131\u2019n\u0131 yaparken onlar\u0131 ku\u015fatmak i\u00e7in yap\u0131ld\u0131. Ve \u00e7ok k\u0131sa bir s\u00fcre i\u00e7erisinde yap\u0131ld\u0131. Berlin, \u0130stanbul, Ba\u011fdat. Asl\u0131nda yap\u0131lan yol budur. Gelecekle ilgili potansiyeli g\u00f6steriyorum. Kar\u0131n doyurmayan \u015feylerle b\u00fcy\u00fck \u00e7\u0131karlar\u0131 mahvetmeyin demek istiyorum. Ben anlat\u0131rken baksayd\u0131n\u0131z y\u00fczlerine, ta K\u00f6rfez\u2019de b\u00fct\u00fcn buralar\u0131n nas\u0131l birle\u015fece\u011fini, Pakiskan ile T\u00fcrkiye aras\u0131nda demiryolunun \u00e7al\u0131\u015fmaya ba\u015flad\u0131\u011f\u0131n\u0131, \u00c7in\u2019le Kazakistan\u2019la yollar\u0131n ba\u011fland\u0131\u011f\u0131n\u0131&#8230; B\u00fct\u00fcn bunlar\u0131 s\u00f6ylerken, tarihi Alman a\u00e7\u0131l\u0131m\u0131d\u0131r bu. Almanlar\u2019\u0131n hayalidir b\u00fct\u00fcn bunlar. Niye b\u00fct\u00fcn Avrupa bu s\u0131k\u0131nt\u0131y\u0131 ya\u015f\u0131yor, b\u00fcy\u00fcyemedi\u011fi i\u00e7in. B\u00fcy\u00fcmek i\u00e7in baz\u0131 \u00fclkeler doymu\u015f, ne yapacaklar? Onlar\u0131 b\u00fcy\u00fctecek dinamo laz\u0131m, i\u015fte b\u00fct\u00fcn buralar olacakt\u0131r. \u015eunu da biliyorlar tabii ki, d\u00fcnyan\u0131n merkezi nereye kay\u0131yor, bunu da g\u00f6r\u00fcyor hepsi. Onun i\u00e7in T\u00fcrkiye\u2019nin k\u0131ymetini muhakkak bilecekler. Yeter ki biz T\u00fcrkiye\u2019nin k\u0131ymetini g\u00f6sterelim. Biz T\u00fcrkiye\u2019yi k\u0131ymetsizle\u015ftiriyoruz do\u011frusu. Uzun y\u0131llar hep yapt\u0131\u011f\u0131m\u0131z \u015fey oydu. Bir de tabii kendi evi d\u00fczenli olmayan insan\u0131n k\u0131ymeti de olmaz. Bu a\u00e7\u0131dan ta ba\u015f\u0131ndan beri \u0131srarla konu\u015ftu\u011fum \u015feydir; kendi evimizi d\u00fczene koyma meselesi. Her bak\u0131mdan. \u0130ktisadi kurallar a\u00e7\u0131s\u0131nan da, ekonomik kurallar, hukuk kurallar\u0131, insan haklar\u0131 standartlar\u0131, b\u00fct\u00fcn di\u011fer meselelerimiz, K\u00fcrt meselemiz, Alevi, b\u00fct\u00fcn bunlar\u0131 daha y\u00fcksek bir \u00f6zg\u00fcven i\u00e7erisinde, standarda kavu\u015fturmak. Bunu sen yapmazsan i\u015fte karga\u015fa oluyor. O a\u00e7\u0131dan biz bu yolda ilerledik\u00e7ekendi i\u00e7imizde, T\u00fcrkiye\u2019nin \u00e7ekimi, T\u00fcrkiye\u2019nin cazibesi o kadar \u00e7ok artacak ki. T\u00fcrkiye\u2019den g\u00f6\u00e7 yok \u015fimdi, buradan T\u00fcrkiye\u2019ye g\u00f6\u00e7 var rakamlara bakt\u0131\u011f\u0131m\u0131zda. Sanayiciler, de\u011ferli \u00f6nemli insanlar, hepsi \u015funu s\u00f6yl\u00fcyorlar; biz tela\u015flan\u0131yoruz diyorlar. Yeti\u015fmi\u015f adam noksanl\u0131\u011f\u0131 var. Korkular\u0131 burada okuyan T\u00fcrkler i\u00e7in T\u00fcrkiye daha cazip olacak. Hepsi d\u00f6n\u00fcyor, daha da \u00e7ok d\u00f6necekler.<\/p>\n<p style=\"text-align: justify;\"><strong>Akademik d\u00fcnyada bu ba\u015flam\u0131\u015f durumda.\u00a0<\/strong><\/p>\n<p style=\"text-align: justify;\">Evet, onun i\u00e7in bisiklet teorisini verdim. Pedal \u00e7evirmezsen d\u00fc\u015fersin. Ger\u00e7ekten \u00e7ok hayret edici bir durum var ortada. Bak\u0131n \u0130talya\u2019n\u0131n 2 trilyon dolar borcu var. Ya nas\u0131l yapt\u0131n bunu? Niye \u015fimdiyi kadar kimsenin dikkatini \u00e7ekmiyor? \u0130spanya \u00f6yle. Kim var, Almanya var, L\u00fcksemburg var, Hollanda var, \u0130skandinav \u00fclkeleri var sa\u011flam. Bunun \u00f6tesinde bir de T\u00fcrkiye var. Kendi sayd\u0131 Alman Cumhurba\u015fkan\u0131. Bir de benim \u00e7ok ho\u015fuma giden \u015fey \u015fu; biz T\u00fcrkiye\u2019nin hep AB nezdinde imaj\u0131n\u0131 d\u00fczeltmek i\u00e7in \u00e7ok k\u00fclt\u00fcrel faaliyetler, medya faaliyetleri, \u00e7ok gayretler sarf ediliyor, \u00e7ok da para harcan\u0131yordu. Do\u011frusu ancak k\u0131t katk\u0131s\u0131 oluyordu. Ama T\u00fcrkiye\u2019nin ekonomik toparlanmas\u0131, b\u00fcy\u00fcmesi, rakamlar\u0131n iyi olmas\u0131, esas Avrupa halklar\u0131n\u0131n T\u00fcrkiye\u2019ye bak\u0131\u015f\u0131n\u0131 de\u011fi\u015ftirecek olan \u015fey bu. \u0130n\u015fallah T\u00fcrkiye\u2019nin bu trendi b\u00f6yle devam eder, 2-3 y\u0131l i\u00e7inde T\u00fcrkiye\u2019nin Avrupa\u2019daki alg\u0131s\u0131 \u00e7ok farkl\u0131 olacak.<\/p>\n<p style=\"text-align: justify;\"><strong>PERDE ARKASI\u00a0<\/strong><\/p>\n<p style=\"text-align: justify;\">Merkel gerilimden endi\u015fe ediyor<\/p>\n<p style=\"text-align: justify;\">G\u00fcl\u2019\u00fcn Almanya\u2019ya yap\u0131t\u011f\u0131 4 g\u00fcnl\u00fck ziyaretin ilk g\u00fcn\u00fcnde bomba ihbar\u0131 y\u00fcz\u00fcnden gecikmeye u\u011frayan program\u0131 d\u00fcn aksama ya\u015fanmadan devam etti. Cumhurba\u015fkan\u0131 d\u00fcn Berlin\u2019de Ba\u015fbakan Angela Merkel ile g\u00f6r\u00fc\u015ft\u00fc. Ancak bu g\u00f6r\u00fc\u015fme G\u00fcl ile Merkel aras\u0131nda T\u00fcrkiye\u2019nin AB \u00fcyeli\u011fi konusundaki g\u00f6r\u00fc\u015f ayr\u0131l\u0131klar\u0131 a\u00e7\u0131klamalar\u0131yla ba\u015flad\u0131. G\u00fcl, Almanya gezisinin ba\u015flang\u0131c\u0131nda T\u00fcrkiye\u2019nin AB\u2019ye tam \u00fcyeli\u011fini konusundaki iste\u011fini bir kez daha dile getirdi. Ancak T\u00fcrkiye ile \u201cimtiyazl\u0131 ortakl\u0131k\u201dtan yana olan Merkel \u00f6nceki gece yapt\u0131\u011f\u0131 a\u00e7\u0131klamayla g\u00f6r\u00fc\u015flerinin de\u011fi\u015fmedi\u011fini ortaya koydu. T\u00fcrkiye\u2019nin kendileri i\u00e7in \u00e7ok \u00f6nemli bir \u00fclke oldu\u011funu dile getiren Merkel, \u201cT\u00fcrkiye gibi \u00f6nemli bir \u00fclkeyi kaybetmek istemiyoruz. AB T\u00fcrkiye ile yak\u0131n siyasi i\u015fbirli\u011finin bir yolunu bulmal\u0131d\u0131r\u201d dedi. G\u00f6r\u00fc\u015fmede Merkel, T\u00fcrkiye ve \u0130srail aras\u0131ndaki gerginlikten duydu\u011fu endi\u015feyi dile getirdi. Alman h\u00fck\u00fcmet yetkilileri T\u00fcrkiye-Almanya ili\u015fkilerinin geni\u015f bir \u015fekilde ele al\u0131nd\u0131\u011f\u0131 g\u00f6r\u00fc\u015fmede Kuzey Afrika \u00fclkelerindeki ve Arap d\u00fcnyas\u0131ndaki geli\u015fmelerin de g\u00fcndeme geldi\u011fini ifade etti. Almanya\u2019da ya\u015fayan T\u00fcrk k\u00f6kenli insanlar\u0131n durumu ve sorunlar\u0131n\u0131n da ele al\u0131nd\u0131\u011f\u0131n\u0131 belirten yetkililer, G\u00fcl ve Merkel\u2019in, T\u00fcrklerin Alman toplumuna uyumu i\u00e7in Almanca \u00f6\u011frenilmesi gerekti\u011fi konusunda g\u00f6r\u00fc\u015f birli\u011fi i\u00e7inde oldu\u011funu ifade etti.<\/p>\n<p style=\"text-align: justify;\"><strong>\u2018\u0130srail\u2019in ne y\u00fck oldu\u011funu g\u00f6recekler\u2019\u00a0<\/strong><\/p>\n<p style=\"text-align: justify;\"><strong>Filistin BM\u2019ye \u00fcyelik ba\u015fvurusu yap\u0131yor, bizim bak\u0131\u015f\u0131m\u0131z nedir?\u00a0<\/strong><\/p>\n<p style=\"text-align: justify;\">Filistin\u2019in BM Genel Kurulu\u2019da devlet olma te\u015febb\u00fcs\u00fcn\u00fc g\u00fc\u00e7l\u00fc \u015fekilde destekleyece\u011fiz. Yaln\u0131z da de\u011filiz, 126 \u00fclke destekleyecek. Desteklemeyenler zor duruma d\u00fc\u015fecek. ABD ne yapacak \u015fimdi? Ge\u00e7en y\u0131l Genel Kurul\u2019da Obama demedi mi \u2018gelecek y\u0131l burada Filistin devletinin de olmas\u0131n\u0131 istiyorum\u2019 diye, hepimiz oradayd\u0131k, ne diyecek \u015fimdi? Filistinlilir yanl\u0131\u015f m\u0131 yapt\u0131 diyecek? \u015eunu diyecekler, i\u015fte bar\u0131\u015f g\u00f6r\u00fc\u015fmeleri devam etmedi, biz bar\u0131\u015f g\u00f6r\u00fc\u015fmeleri devam etsin, bar\u0131\u015f olsun istiyoruz. Bar\u0131\u015f g\u00f6r\u00fc\u015fmesi nas\u0131l devam ederdi ya, adam bir taraftan (Filistin topra\u011f\u0131n\u0131) \u00e7almaya devam ediyor, ondan sonra bar\u0131\u015f pazarl\u0131\u011f\u0131 yapal\u0131m diyor. Aran\u0131zda Gazze\u2019ye giden var m\u0131? Ben Gazze\u2019ye gittim, Avrupa Konseyi Ortado\u011fu alt komisyonunda bir Alman, bir \u0130ngiliz, bir Frans\u0131z, bir de ben, 4 milletvekili gittik. Ad\u0131m ad\u0131m dola\u015ft\u0131k. Orada olan, orada b\u00fcy\u00fcyen herkes \u00e7\u0131ld\u0131r\u0131r. Orada nas\u0131l ya\u015farlar? Filistin\u2019in ba\u015fka yerlerini de dola\u015ft\u0131k. \u00d6yle ki El Halil\u2019e gittik, d\u00f6n\u00fc\u015fte yolda kalabal\u0131k var, yakla\u015ft\u0131k ki yola dozerle kum y\u0131\u011fm\u0131\u015flar, yolu bloke etmi\u015fler. Dozer orada, \u0130srail askerleri ba\u015f\u0131nda, yolu kapatt\u0131k diyorlar. Gelmi\u015f kad\u0131nlar, topra\u011f\u0131 elleriyle at\u0131yorlar, ama \u0130srail askerleri itiyor. Yar\u0131m saatlik yolu ge\u00e7emedik. Diplomatik pasaportunu g\u00f6steriyorsun, hi\u00e7. \u0130llallah. O yerle\u015fim yerleri, 1998\u2019deki yerle\u015fim yerlerini g\u00f6rd\u00fc\u011f\u00fcmde inanamad\u0131m. \u00d6yle bir blok, \u00f6yle bir beton y\u0131\u011f\u0131n\u0131 ki oralar. O g\u00fcnden bug\u00fcne&#8230; B\u00f6yle bir \u015fey olur mu? Ne olacak, g\u00f6rece\u011fiz.<\/p>\n<p style=\"text-align: justify;\"><strong>Herhalde Filistin \u00f6zel bir stat\u00fc alacak de\u011fil mi?\u00a0<\/strong><\/p>\n<p style=\"text-align: justify;\">S\u00f6z\u00fcm ona yine ara yollar bulmaya \u00e7al\u0131\u015facaklar ama bula\u015f\u0131k bir \u015fey. Bu \u015fu asl\u0131nda; \u0130srail\u2019in ne kadar m\u00fcttefiklerine bir y\u00fck oldu\u011funu, ba\u015fta ABD olmak \u00fczere, y\u00fck oldu\u011funu g\u00f6recekler. Bir g\u00fcn onlar da illahlah diyecekler. Zaten demeye de ba\u015flad\u0131lar.<\/p>\n<p style=\"text-align: justify;\"><strong>\u2018M\u00fczakereleri y\u00fcr\u00fctelim, ucu a\u00e7\u0131k bir s\u00fcre\u00e7, belki biz istemeyiz\u2019 dediniz. Sonu\u00e7ta tam \u00fcyeli\u011fi zamana b\u0131rakma yolunda bir tav\u0131r ald\u0131n\u0131z. Daha \u00f6nce AB\u2019den ucu a\u00e7\u0131k bir s\u00fcre\u00e7 a\u00e7\u0131klamas\u0131 geldi\u011finde T\u00fcrkiye \u00e7ok \u015fiddetli tepki g\u00f6steriyordu. Tavr\u0131m\u0131z de\u011fi\u015fiyor mu?\u00a0<\/strong><\/p>\n<p style=\"text-align: justify;\">T\u00fcrkiye\u2019nin stratejik e\u011filiminin ve kararl\u0131l\u0131\u011f\u0131n\u0131n tam \u00fcyelikten ba\u015fka bir tercihinin olmad\u0131\u011f\u0131n\u0131 bug\u00fcn de her ortamda s\u00f6yl\u00fcyoruz. T\u00fcrkiye\u2019nin \u00fcst\u00fcne d\u00fc\u015fenleri yapt\u0131ktan sonra, kriterleri yerine getirdikten sonra tam \u00fcyeli\u011fin esas karar\u0131 o zaman al\u0131nacak. Bug\u00fcn Fransa, bug\u00fcn baz\u0131 \u00fclkeler ne diyor, bug\u00fcn\u00fcn konusunu konu\u015fmuyor. \u0130lerinin konusunu konu\u015fuyor. Niye baz\u0131 fas\u0131llar\u0131 a\u00e7t\u0131rm\u0131yor, bunlar t\u00fcm \u00fcyeli\u011fe gider diye. Ben de diyorum ki sen zaten referandum yapacaks\u0131n. Referandumda hay\u0131r de bana. Sahtekarl\u0131k yap\u0131p m\u00fczakere s\u00fcrecini ba\u015far\u0131yla betirmemi engelleme. A\u00e7\u0131k\u00e7as\u0131 benim i\u00e7in esas \u00f6nemli olan T\u00fcrkiye\u2019nin bir Norve\u00e7 gibi olabilmesidir. Yani m\u00fczakere s\u00fcrecini ba\u015far\u0131yla bitirmesidir. Ben bug\u00fcn ve son d\u00f6nemde \u00e7ok kas\u0131tl\u0131 ve bilin\u00e7li olarak bu tonu tutturuyorum. \u00c7\u00fcnk\u00fc biliyorum ki ne kadar alttan al\u0131rsan o kadar \u00e7ok sana kar\u015f\u0131 b\u00f6yle davran\u0131rlar. Biraz irrite etmek laz\u0131m bunlar\u0131.<\/p>\n<p style=\"text-align: justify;\"><strong>Siz bilirsiniz, almazsan\u0131z almay\u0131n gibi bir tav\u0131r koyma var.\u00a0<\/strong><\/p>\n<p style=\"text-align: justify;\">Var tabii. \u0130sterlerse almas\u0131nlar, yalvarma durumunda de\u011filiz hi\u00e7bir zaman. Ama d\u00fcr\u00fcst \u015fekilde hakk\u0131m\u0131z\u0131 sonuna kadar takip etmek i\u00e7in de her t\u00fcrl\u00fc \u0131srar\u0131, sorumluluklar\u0131n\u0131 sonuna kadar hat\u0131rlatma kararl\u0131l\u0131\u011f\u0131m\u0131z ayr\u0131 bir \u015fey yalvarma ayr\u0131 bir \u015fey. Ahde vefa duygular\u0131n\u0131, Avrupa\u2019n\u0131n temel ilkelerini bunun i\u00e7in devaml\u0131 s\u00f6yl\u00fcyorum. Samimi olmalar\u0131 gerekti\u011fini, b\u00f6yle yak\u0131\u015fmayacak bir \u015fekilde engellemeler \u00e7\u0131kartmalar\u0131n\u0131n, bunlar\u0131n hi\u00e7bir \u015fekilde kabul edilemeyece\u011fini, bunlar\u0131n fark\u0131nda oldu\u011fumuzu s\u00f6yl\u00fcyorum. Bunu s\u00f6ylerken de T\u00fcrkiye\u2019nin b\u00f6yle ayr\u0131cal\u0131kl\u0131 \u00fcyelik falan ne kadar reddetti\u011fimizi s\u00f6yl\u00fcyoruz.<\/p>\n<p style=\"text-align: justify;\"><strong>Peki referandumda reddedilirsek, kar zarar muhasebesi yapt\u0131\u011f\u0131m\u0131zda kim daha \u00e7ok zarar g\u00f6r\u00fcr?\u00a0<\/strong><\/p>\n<p style=\"text-align: justify;\">Muhasebesini o g\u00fcn yapar\u0131z, bu bug\u00fcn\u00fcn konusu de\u011fil. Bu Avrupal\u0131lar\u2019\u0131n oyunu&#8230; Sanki T\u00fcrkiye m\u00fczakereyi bitirdi ba\u015far\u0131yla da tam \u00fcye olsun mu olmas\u0131n m\u0131 tart\u0131\u015fmas\u0131 yap\u0131l\u0131lyor&#8230; Sen o g\u00fcnk\u00fc kampanyada yap bunun tart\u0131\u015fmas\u0131n\u0131. Ama bug\u00fcnk\u00fc sorumlulu\u011funu yerine getir sen. O nedir, m\u00fczakerenin d\u00fczg\u00fcn, kurallar\u0131na uygun \u015fekilde devam\u0131. D\u00fcr\u00fcst olmayan metodlarla m\u00fczakere s\u00fcrecini engellemek de\u011fil. \u015eunun da fark\u0131nday\u0131m ki m\u00fczakere s\u00fcrecinde ne kadar ilerlersek biz o kadar g\u00fc\u00e7leniyoruz. Benim i\u00e7in \u00f6nemli olan m\u00fczakere s\u00fcrecini bitirmek. Ben Norve\u00e7 gibi olduktan sonra hesab\u0131n\u0131 onlar yaps\u0131n. Niye sadece ben yapaca\u011f\u0131m ki. Biz bu s\u00fcre\u00e7te ne kadar \u00e7ok ilerlersek o kadar g\u00fc\u00e7l\u00fc hale geliyoruz. Hukukumuz, siyasetimiz g\u00fc\u00e7l\u00fc oluyor, demokrasimiz, insan haklar\u0131 standard\u0131m\u0131z g\u00fc\u00e7l\u00fc oluyor, problemlerimiz de azal\u0131yor. T\u00fcrkiye\u2019nin 10 sene \u00f6nce mi problemi \u00e7oktu, bug\u00fcn m\u00fc? Bug\u00fcn niye ekonomimizle \u00f6v\u00fcn\u00fcyoruz bu kadar, \u00e7ok uzun s\u00fcre, m\u00fczakere ba\u015flayana kadar T\u00fcrkiye\u2019de i\u015fleyen bir serbest piyasa ekonomisi var demediler. Biliyorduk, mahsus demiyorlard\u0131, IMF ve D\u00fcnya Bankas\u0131\u2019yla da i\u015fbirli\u011fi yap\u0131yorlard\u0131. A\u00e7\u0131k\u00e7as\u0131 bu bizim de i\u015fimize geliyordu. \u00c7\u00fcnk\u00fc biz de serbest piyasa ekonomisinin kurallar\u0131n\u0131 daha iyi bir \u015fekilde yerine getirmek i\u00e7in h\u0131zland\u0131rd\u0131k kendimizi&#8230; Kendi frenlerimiz vard\u0131. K\u00f6t\u00fc m\u00fc oldu? E\u011fer T\u00fcrkiye\u2019nin da\u011f\u0131n\u0131n ta\u015f\u0131n\u0131n, \u0130stanbul\u2019un fiyat\u0131 artt\u0131, k\u0131ymete bindiyse bundan dolay\u0131. \u0130stanbul ayn\u0131 \u0130stanbul. Yine de benim i\u00e7in esas ama\u00e7 T\u00fcrkiye\u2019nin o seviyeye gelmesidir. T\u00fcrkiye o seviyeye geldikten sonra ben inan\u0131yorum ki T\u00fcrkiye\u2019nin pe\u015finde \u00e7ok ko\u015farlar.<\/p>\n<p style=\"text-align: justify;\"><a href=\"http:\/\/www.gazeteport.com.tr\/haber\/53282\/quotvidalari_keciler_sokmedi_yaquot\" target=\"_blank\">Kaynak : GAZETEPORT<\/a><\/p>\n","protected":false},"excerpt":{"rendered":"<p style=\"text-align: center;\">\n<p style=\"text-align: justify;\">Cumhurba\u015fkan\u0131 Almanya&#8217;da Yaz\u0131c\u0131o\u011flu&#8217;nun \u00f6l\u00fcm\u00fcyle ilgili \u00e7arp\u0131c\u0131 a\u00e7\u0131klamalar yapt\u0131.<\/p>\n<p style=\"text-align: justify;\">G\u00fcl, helikopter kazas\u0131nda ya\u015fam\u0131n\u0131 yitiren Muhsin Yaz\u0131c\u0131o\u011flu\u2019nun \u00f6l\u00fcm\u00fcyle ilgili g\u00f6nderilen bir videoyu izledi\u011fini s\u00f6yleyerek, \u201c\u0130nsan\u0131n akl\u0131n\u0131n almayaca\u011f\u0131 \u015feyler var. \u00c7ok fazla s\u00f6ylemeyeyim. Bakt\u0131m ki bir taraftan cesetleri zorla buz falan \u00e7\u0131kar\u0131yorlar, bir taraftan birisi de orada viday\u0131 s\u00f6k\u00fcyor. Hepsi \u00e7\u0131kt\u0131 <\/p>\n","protected":false},"author":1,"featured_media":0,"comment_status":"open","ping_status":"open","sticky":false,"template":"","format":"standard","meta":{"footnotes":""},"categories":[105],"tags":[90,144,103,104],"class_list":["post-40034","post","type-post","status-publish","format-standard","hentry","category-gundem","tag-abdullah-gul","tag-bbp","tag-helikopter-kazasi","tag-muhsin-yazicioglu","odd"],"_links":{"self":[{"href":"http:\/\/www.korhanyilmaz.com\/index.php?rest_route=\/wp\/v2\/posts\/40034","targetHints":{"allow":["GET"]}}],"collection":[{"href":"http:\/\/www.korhanyilmaz.com\/index.php?rest_route=\/wp\/v2\/posts"}],"about":[{"href":"http:\/\/www.korhanyilmaz.com\/index.php?rest_route=\/wp\/v2\/types\/post"}],"author":[{"embeddable":true,"href":"http:\/\/www.korhanyilmaz.com\/index.php?rest_route=\/wp\/v2\/users\/1"}],"replies":[{"embeddable":true,"href":"http:\/\/www.korhanyilmaz.com\/index.php?rest_route=%2Fwp%2Fv2%2Fcomments&post=40034"}],"version-history":[{"count":0,"href":"http:\/\/www.korhanyilmaz.com\/index.php?rest_route=\/wp\/v2\/posts\/40034\/revisions"}],"wp:attachment":[{"href":"http:\/\/www.korhanyilmaz.com\/index.php?rest_route=%2Fwp%2Fv2%2Fmedia&parent=40034"}],"wp:term":[{"taxonomy":"category","embeddable":true,"href":"http:\/\/www.korhanyilmaz.com\/index.php?rest_route=%2Fwp%2Fv2%2Fcategories&post=40034"},{"taxonomy":"post_tag","embeddable":true,"href":"http:\/\/www.korhanyilmaz.com\/index.php?rest_route=%2Fwp%2Fv2%2Ftags&post=40034"}],"curies":[{"name":"wp","href":"https:\/\/api.w.org\/{rel}","templated":true}]}}