{"id":40030,"date":"2011-09-20T17:48:45","date_gmt":"2011-09-20T14:48:45","guid":{"rendered":"http:\/\/www.korhanyilmaz.com\/?p=40030"},"modified":"2011-09-21T10:53:23","modified_gmt":"2011-09-21T07:53:23","slug":"umarim-cumhurbaskani-icin-ders-olmustur","status":"publish","type":"post","link":"http:\/\/www.korhanyilmaz.com\/?p=40030","title":{"rendered":"&#8220;Umar\u0131m Cumhurba\u015fkan\u0131 i\u00e7in ders olmu\u015ftur&#8221;"},"content":{"rendered":"<p style=\"text-align: center;\"><a href=\"http:\/\/www.korhanyilmaz.com\/wp-content\/uploads\/2011\/09\/5114.jpg\"  class=\"lightview\"><img loading=\"lazy\" decoding=\"async\" class=\"aligncenter  wp-image-40031\" src=\"http:\/\/www.korhanyilmaz.com\/wp-content\/uploads\/2011\/09\/5114.jpg\" alt=\"\" width=\"322\" height=\"241\" \/><\/a><\/p>\n<p style=\"text-align: justify;\">MHP Grup Ba\u015fkanvekili Oktay Vural, Ankara&#8217;da \u00fc\u00e7 ki\u015finin hayat\u0131n\u0131 kaybetti\u011fi sald\u0131r\u0131n\u0131n ter\u00f6re verilen tavizin sonucu oldu\u011funu savunarak, Cumhurba\u015fkan\u0131 Abdullah G\u00fcl&#8217;e seslendi.<\/p>\n<p style=\"text-align: justify;\">Ankara- MHP Grup Ba\u015fkanvekili Oktay Vural, TBMM&#8217;de d\u00fczenledi\u011fi bas\u0131n toplant\u0131s\u0131nda s\u00f6zlerine Ankara&#8217;daki sald\u0131r\u0131y\u0131 k\u0131nayarak ba\u015flad\u0131. Vural, &#8220;Ba\u015fbakan\u0131n \u00f6zel temsilcisinin PKK ile siyasi m\u00fczakereler yaparak, ter\u00f6re taviz vermesi ile bug\u00fcn Ba\u015fbakanl\u0131k, \u0130\u00e7i\u015fleri Bakanl\u0131\u011f\u0131n\u0131n bulundu\u011fu alana kadar sirayet etmesi bir sebep sonu\u00e7 ili\u015fkisidir. Ter\u00f6re verilen tavizlerin T\u00fcrkiye&#8217;yi ne noktaya getirdi\u011fini idrak edilmesi gerekiyor, ibret al\u0131nmas\u0131 gerekiyor&#8221; dedi.\u00a0<!--more--><\/p>\n<p style=\"text-align: justify;\"><strong>&#8220;Umar\u0131m bu, Cumhurba\u015fkan\u0131 i\u00e7in ders olmu\u015ftur&#8221;\u00a0<\/strong><\/p>\n<p style=\"text-align: justify;\">Vural, Cumhurba\u015fkan\u0131 Abdullah G\u00fcl&#8217;\u00fcn Almanya&#8217;da konu\u015fma yapaca\u011f\u0131 \u00fcniversitede bomba ihbar\u0131 nedeniyle iki saat bekletilmesini kabul edilemez bularak k\u0131nad\u0131. Cumhurba\u015fkan\u0131 G\u00fcl&#8217;\u00fcn olayla ilgili yapt\u0131\u011f\u0131, &#8220;Ter\u00f6re kim taviz verir, boyun e\u011ferse sonu gelir&#8221; s\u00f6zlerini Ipad&#8217;den dinleten Vural, &#8220;Umar\u0131m bu Cumhurba\u015fkan\u0131 i\u00e7in ders olmu\u015ftur&#8221; diyerek \u015funlar\u0131 s\u00f6yledi:<\/p>\n<p style=\"text-align: justify;\">&#8220;Bundan daha iyi ibret olabilir mi? &#8216;Ter\u00f6re kim taviz verirse, boyun e\u011ferse sonu gelir&#8217; derken asl\u0131nda ter\u00f6re verilen tavizlerin bug\u00fcn Ankara&#8217;da bombal\u0131 eylemi yapacak, teti\u011fi \u00e7ekeceklere cesaret kayna\u011f\u0131 oldu\u011funu ibretle g\u00f6rmesini tavsiye ediyorum.&#8221;<\/p>\n<p style=\"text-align: justify;\"><strong>&#8220;G\u00fcl, m\u00fczakere i\u00e7in de ayn\u0131 tavr\u0131 g\u00f6stermeli&#8221;\u00a0<\/strong><\/p>\n<p style=\"text-align: justify;\">Vural, &#8220;Cumhurba\u015fkan\u0131n ter\u00f6r \u00f6rg\u00fct\u00fcne taviz verilemez tavr\u0131n\u0131 ter\u00f6r \u00f6rg\u00fct\u00fcyle ilgili m\u00fczakere edilirken koymas\u0131n\u0131 istemek bizim tabi hakk\u0131m\u0131z. Ter\u00f6re verilen tavizin ter\u00f6r\u00fc nas\u0131l cesaretlendirdi\u011fini s\u00f6yl\u00fcyorsa bu s\u00f6yledi\u011fini yapmak da onlara d\u00fc\u015fen bir g\u00f6revdir&#8221; dedi.<\/p>\n<p style=\"text-align: justify;\"><strong>&#8220;Faili me\u00e7huller de mi me\u015fru?&#8221;\u00a0<\/strong><\/p>\n<p style=\"text-align: justify;\">Vural, Cumhurba\u015fkan\u0131 G\u00fcl&#8217;\u00fcn &#8220;Ter\u00f6r\u00fc bitirmek i\u00e7in devlet her \u015feyi yapar&#8221; s\u00f6zlerini de ele\u015ftirerek, &#8220;Bu devletin koruyaca\u011f\u0131 de\u011fer, bir hukuk yok mudur? Her\u015fey m\u00fcbah m\u0131d\u0131r? Ter\u00f6r \u00f6rg\u00fct\u00fc istiyor diye bu milletin birlik beraberli\u011finden taviz vermek mi gerekir Say\u0131n Cumhurba\u015fkan\u0131? Ter\u00f6rle m\u00fccadele ad\u0131 alt\u0131nda hukuka ayk\u0131r\u0131 faili me\u00e7hul yapmak da m\u0131 me\u015frudur&#8221; diye sordu.<\/p>\n<p style=\"text-align: justify;\"><strong>&#8220;Hem g\u00f6r\u00fc\u015f, hem de &#8216;neden yakalamad\u0131n&#8217; de&#8221;\u00a0<\/strong><\/p>\n<p style=\"text-align: justify;\">Ba\u015fbakan Erdo\u011fan&#8217;\u0131n ter\u00f6r \u00f6rg\u00fct\u00fc y\u00f6neticilerini yakalamad\u0131klar\u0131 i\u00e7in Avrupa \u00fclkelerini \u015fikayet eden s\u00f6zlerini de ele\u015ftiren Vural, Oslo&#8217;da yap\u0131ld\u0131\u011f\u0131 iddia edilen g\u00f6r\u00fc\u015fmeleri hat\u0131rlatarak, &#8220;Ne yakalamas\u0131? Sen ter\u00f6r \u00f6rg\u00fct\u00fc y\u00f6neticileriyle Oslo&#8217;da g\u00f6r\u00fc\u015f\u00fcyorsun. Hem g\u00f6r\u00fc\u015fme yap\u0131p hem de niye yakalam\u0131yorsunuz diyor. B\u00f6yle bir \u015fey olabilir mi&#8221; dedi. Z\u00fcbeyir Aydar ve Sabri Ok&#8217;un uyu\u015fturucu ticareti nedeniyle mal varl\u0131klar\u0131n\u0131n donduruldu\u011funu hat\u0131rlatan Vural, &#8220;Kan\u0131n\u0131za dokunmuyor mu&#8221; diye sordu.<\/p>\n<p style=\"text-align: justify;\"><strong>&#8220;Ba\u015fbakan ABD&#8217;ye gitmeden \u00f6nce jet-lag oldu&#8221;\u00a0<\/strong><\/p>\n<p style=\"text-align: justify;\">Ba\u015fbakan Erdo\u011fan&#8217;\u0131n ABD gezisi \u00f6ncesi yapt\u0131\u011f\u0131 a\u00e7\u0131klamalara dikkat \u00e7ekerek Ba\u015fbakan\u0131n v\u00fccut dilinin incelenmesini isteyen Vural \u015f\u00f6yle devam etti:<\/p>\n<p style=\"text-align: justify;\">&#8220;K\u0131pk\u0131rm\u0131z\u0131 oldu, do\u011fruyu s\u00f6ylemiyor \u00e7\u00fcnk\u00fc. Sanki ABD&#8217;ye gitmeden \u00f6nce Ba\u015fbakan jet-lag oldu. \u015eerefsizlik ve al\u00e7akl\u0131k gibi ifadeler kartvizite yap\u0131\u015ft\u0131 tabi. Onla beraber dola\u015f\u0131yor. Say\u0131n Genel Ba\u015fkan\u0131m\u0131z\u0131n o konuda kimin \u015ferefli, kimin \u015ferefsiz oldu\u011fuyla ilgili hat\u0131rlatmas\u0131na o kadar bozulmu\u015f ki do\u011frudan genel ba\u015fkan\u0131 hedef alan a\u00e7\u0131klama yap\u0131yor.&#8221;<\/p>\n<p style=\"text-align: justify;\"><strong>&#8220;Bize siyaset dersi veriyor, a\u011fz\u0131n\u0131 bozuyor&#8221;\u00a0<\/strong><\/p>\n<p style=\"text-align: justify;\">MHP&#8217;li Vural M\u0130T-PKK g\u00f6r\u00fc\u015fmesiyle ilgili Ba\u015fbakan Erdo\u011fan&#8217;\u0131n &#8220;H\u00fck\u00fcmet de\u011fil devlet g\u00f6r\u00fc\u015ft\u00fc&#8221; a\u00e7\u0131klamas\u0131n\u0131 da a\u011f\u0131r s\u00f6zlerle ele\u015ftirdi. Vural \u015funlar\u0131 s\u00f6yledi:<\/p>\n<p style=\"text-align: justify;\">&#8220;Senin talimat\u0131nla senin \u00f6zel temsilcin olarak giden kim? Senin siyasi temsilcin de\u011fil mi? Devletin \u00fc\u00e7 tane organ\u0131 var. Y\u00fcr\u00fctme, yasama ve yarg\u0131. Bakanlar Kurulu genel siyasetten sorumlu. Kim bu Bakanlar Kurulu? Recep Tayyip Erdo\u011fan&#8217;\u0131n Ba\u015fbakan oldu\u011fu Bakanlar Kurulu de\u011fil mi? Hem talimat veriyor hem s\u00f6z veriyor, siyasi g\u00f6r\u00fc\u015fmeler yap\u0131yor hem de Nasrettin Hoca gibi ay\u0131b\u0131n\u0131 \u00f6rtmek i\u00e7in sa\u011f\u0131 solu g\u0131c\u0131rdat\u0131yor. Bize siyaset dersi veriyor, a\u011fz\u0131n\u0131 bozuyor. Ama a\u011fz\u0131na yak\u0131\u015f\u0131yor o s\u00f6zler.&#8221;<\/p>\n<p style=\"text-align: justify;\">Vural, &#8220;Su\u00e7\u00fcst\u00fc yakalanman\u0131n verdi\u011fi duru\u015fla pi\u015fkin pi\u015fkin bize siyaset dersi veriyor. Milleti de aptal yerine koyuyor. Devleti y\u00f6neten sanki kendileri de\u011filmi\u015f gibi. \u00dc\u00e7 be\u015f tane koyun g\u00fcdememi\u015f diyerek bize hakaret ediyor, milleti de koyun yerine koyuyor&#8221; diyerek \u015f\u00f6yle devam etti:<\/p>\n<p style=\"text-align: justify;\"><strong>&#8220;M\u00fcnaf\u0131k siyaset&#8221;\u00a0<\/strong><\/p>\n<p style=\"text-align: justify;\">&#8220;9 y\u0131ld\u0131r devleti y\u00f6neten bunlar de\u011fil mi, b\u00fcrokratlar\u0131 atayan onlar de\u011fil mi? \u015eimdi devlet ayr\u0131 h\u00fck\u00fcmet ayr\u0131 diyor. Meclis Ba\u015fkan\u0131, yarg\u0131 m\u0131 sorumlu devleti y\u00f6netmekle. G\u00f6r\u00fc\u015fmeyi devlet yap\u0131yor. H\u00fck\u00fcmet yapm\u0131yor. Bunu s\u00f6ylemek i\u00e7in hepimizi aptal yerine koymas\u0131 gerekiyor. Y\u00fcr\u00fctme kendisi de\u011fil talimat\u0131 veren kendisi de\u011fil, sorumlu kendisi de\u011fil sorumlu devlet. O zaman TOK\u0130 konutlar\u0131n\u0131 sen mi yap\u0131yorsun. Onu da devlet yap\u0131yor. Somali&#8217;ye yard\u0131m\u0131 kendi kesenden mi yap\u0131yorsun. Milletin devletin kesesinden yap\u0131yorsun. Sonra ben yapt\u0131m diye niye b\u00f6b\u00fcrleniyorsun. \u0130\u015fine geldi\u011fi zaman bu, i\u015fine gelmedi\u011fi zaman bu. \u0130\u015fte m\u00fcnaf\u0131k siyaset.&#8221;<\/p>\n<p style=\"text-align: justify;\"><strong>&#8220;B\u00fcy\u00fck siyaset bilimci Erdo\u011fan \u0130mral\u0131&#8217;da filozof olmu\u015f&#8221;\u00a0<\/strong><\/p>\n<p style=\"text-align: justify;\">Vural, Erdo\u011fan&#8217;\u0131n M\u0130T M\u00fcste\u015far\u0131n\u0131n herkesle g\u00f6r\u00fc\u015febilece\u011fi s\u00f6zlerini, &#8220;B\u00fcy\u00fck siyaset bilimci Erdo\u011fan \u0130mral\u0131&#8217;da filozof olmu\u015f&#8221; s\u00f6zleriyle ele\u015ftirerek \u015funlar\u0131 s\u00f6yledi:<\/p>\n<p style=\"text-align: justify;\">&#8220;M\u0130T M\u00fcste\u015far\u0131 herkesle g\u00f6r\u00fc\u015f\u00fcr. Neden? &#8216;\u0130z s\u00fcrecek su\u00e7luyu yakalayacak&#8217; diyor. Daha su\u00e7luyu tespit edememi\u015fler. \u0130mral\u0131&#8217;yla g\u00f6r\u00fc\u015f\u00fcyorlar. Ter\u00f6r \u00f6rg\u00fct\u00fcn\u00fc y\u00f6netenlerle g\u00f6r\u00fc\u015f\u00fcyorlar su\u00e7luyu tespit etmek amac\u0131yla. \u0130mral\u0131 su\u00e7lu de\u011fil, o arananlar su\u00e7lu de\u011fil o zaman.&#8221;<\/p>\n<p style=\"text-align: justify;\"><strong>Bas\u0131na sert tepki\u00a0<\/strong><\/p>\n<p style=\"text-align: justify;\">Vural bas\u0131n\u0131 da ele\u015ftirdi. &#8220;PKK ile yap\u0131lan pazarl\u0131\u011f\u0131 normalmi\u015f gibi millette yutturmaya \u00e7al\u0131\u015fan medya mensuplar\u0131&#8221; diye seslenen Vural, &#8220;\u015eehitlerimizin, askerlerimizin, \u00f6\u011fretmenlerimizin iki eli yakan\u0131zdad\u0131r&#8221; dedi.<\/p>\n<p style=\"text-align: justify;\"><strong>&#8220;Bu gidi\u015fle b\u00f6l\u00fcc\u00fcl\u00fc\u011fe PKK&#8217;ya hizmet noktas\u0131nda cesaret madalyas\u0131 hak ediyor&#8221;\u00a0<\/strong><\/p>\n<p style=\"text-align: justify;\">&#8220;Habur rezaleti&#8221; sonras\u0131 g\u00f6sterilen tepkiler \u00fczerine &#8216;u&#8217; d\u00f6n\u00fc\u015f\u00fc yap\u0131ld\u0131\u011f\u0131n\u0131 savunan Vural, \u015fimdi de AKP&#8217;ye oy veren y\u00fczde 49.8&#8217;un boynunun b\u00fck\u00fck oldu\u011funu iddia ederek, &#8220;Ne yaparsan o insanlar PKK ter\u00f6r \u00f6rg\u00fct\u00fcyle g\u00f6r\u00fc\u015f, T\u00fcrkiye&#8217;nin dilini, \u00fcniter yap\u0131s\u0131 \u00fczerine pazarl\u0131k yap diye oy vermedi. Bu gidi\u015fle b\u00f6l\u00fcc\u00fcl\u00fc\u011fe PKK&#8217;ya hizmet noktas\u0131nda cesaret madalyas\u0131 hak ediyor. Nas\u0131l Yahudili\u011fe hizmetten cesaret madalyas\u0131 ald\u0131ysa. Bu g\u00f6r\u00fc\u015fmeyi bu millete hazmettirmek istiyorlar. Sana oy verenler hazmetmez. Habur&#8217;u nas\u0131l hazmetmedilerse PKK ile g\u00f6r\u00fc\u015fmeyi de hazmetmezler&#8221; \u015feklinde konu\u015ftu.<\/p>\n<p style=\"text-align: justify;\"><strong>&#8220;Kim s\u0131zd\u0131rd\u0131?&#8221;\u00a0<\/strong><\/p>\n<p style=\"text-align: justify;\">Vural, M\u0130T-PKK g\u00f6r\u00fc\u015fmesini kimin s\u0131zd\u0131rd\u0131\u011f\u0131yla ilgili iddialara bir yenisini ekledi. Vural \u015funlar\u0131 s\u00f6yledi:<\/p>\n<p style=\"text-align: justify;\">&#8220;Arap Bahar\u0131. Erdo\u011fan&#8217;\u0131n piar\u0131n\u0131n \u00e7ok y\u00fckseltilece\u011fi bir d\u00f6nem \u00f6ncesi yap\u0131lmas\u0131 acaba b\u00f6yle bir olayla bu ay\u0131b\u0131n \u00fcst\u00fcn\u00fc \u00f6rtmek i\u00e7in bir giri\u015fim mi, psikolojik harekat m\u0131? Hem kabul ettirmek hem de bu toplumun tepkilerini olu\u015fmas\u0131n\u0131 engellemek amac\u0131yla m\u0131 s\u0131zd\u0131r\u0131ld\u0131? \u0130srail f\u00fcze kalkan\u0131 anla\u015fmas\u0131 imzaland\u0131, sonra onu kamufle etmek i\u00e7in yapt\u0131r\u0131mlar konuldu. Geldi\u011fimiz bu noktada T\u00fcrk milleti Ankara g\u00f6be\u011finde tetik \u00e7ekenleri me\u015frula\u015ft\u0131racak bir masay\u0131 hazmedemez, hazmettirmez.&#8221;<\/p>\n<p style=\"text-align: justify;\"><strong>Temsilcilerin bildi\u011fi patlayan bomba\u00a0<\/strong><\/p>\n<p style=\"text-align: justify;\">Vural, M\u0130T-PKK g\u00f6r\u00fc\u015fmesi kay\u0131tlar\u0131nda ge\u00e7en, &#8220;Metropollerde patlay\u0131c\u0131lar\u0131n nerede oldu\u011funu biliyoruz&#8221; y\u00f6n\u00fcndeki M\u0130T M\u00fcste\u015far Yard\u0131mc\u0131s\u0131n\u0131n s\u00f6zlerini de hat\u0131rlatarak, O devletin temsilcilerinin bildikleri bombalar bug\u00fcn Ankara&#8217;da patl\u0131yor. \u0130nsanlar\u0131n t\u00fcyleri diken diken oluyor&#8221; dedi.<\/p>\n<p style=\"text-align: justify;\"><strong>&#8220;Adalet Bakan\u0131 KCK ile g\u00f6r\u00fc\u015ft\u00fc m\u00fc?&#8221;\u00a0<\/strong><\/p>\n<p style=\"text-align: justify;\">&#8220;Ter\u00f6r \u00f6rg\u00fct\u00fc ile pazarl\u0131k yap\u0131l\u0131yor&#8221; y\u00f6n\u00fcnde s\u00f6zleri \u00fczerine Ba\u015fbakan Erdo\u011fan&#8217;\u0131n &#8220;Yalan s\u00f6yl\u00fcyorsunuz. Hi\u00e7bir ter\u00f6r \u00f6rg\u00fct\u00fc y\u00f6neticisi ile masaya oturmad\u0131k&#8221; s\u00f6zlerini hat\u0131rlatan Vural, &#8220;KCK y\u00f6neticileri ile Adalet Bakan\u0131 g\u00f6r\u00fc\u015ft\u00fc m\u00fc g\u00f6r\u00fc\u015fmedi mi&#8221; diye sordu.<\/p>\n<p style=\"text-align: justify;\"><strong>Ba\u015fbakan Erdo\u011fan&#8217;a tavsiyeler\u00a0<\/strong><\/p>\n<p style=\"text-align: justify;\">A\u00e7\u0131klamalar\u0131n\u0131 Cumhurba\u015fkan\u0131 G\u00fcl&#8217;\u00fcn Almanya&#8217;daki olaydan sonra yapt\u0131\u011f\u0131, &#8220;Ter\u00f6re taviz verirseniz ter\u00f6r azar&#8221; s\u00f6zleriyle tamamlayan Vural, Ba\u015fbakan Erdo\u011fan&#8217;a da devletin ne oldu\u011fu, y\u00f6netim ayg\u0131tlar\u0131 ve g\u00f6revleriyle ilgili dan\u0131\u015fmanlar\u0131 arac\u0131l\u0131\u011f\u0131yla bilgi notu iletilmesi tavsiyesinde bulundu.<\/p>\n<p style=\"text-align: justify;\"><strong>&#8220;Ehud Barak, H\u00fcseyin \u00c7elik mi?&#8221;\u00a0<\/strong><\/p>\n<p style=\"text-align: justify;\">Vural&#8217;a AKP Genel Ba\u015fkan Yard\u0131mc\u0131s\u0131 H\u00fcseyin \u00c7elik&#8217;in anayasa ile ilgili partilere g\u00f6nderece\u011fi mektuba ne yan\u0131t verece\u011fi soruldu. \u00c7elik i\u00e7in &#8220;Ehud Barak s\u00f6zc\u00fcs\u00fc m\u00fc&#8221; diye soran Vural, &#8220;Ehud Barak kadar olam\u0131yorsunuz diyordu. Gazzeli bin 400 ki\u015fiyi \u00f6ld\u00fcren Barak&#8217;\u0131 savunmu\u015f bizi su\u00e7lam\u0131\u015ft\u0131. \u015eimdi Barak&#8217;\u0131 savunan yapt\u0131klar\u0131yla \u00f6v\u00fcn\u00fcp bizi onun kadar olmamakla su\u00e7layan birine ne cevap vermemi beklersiniz&#8221; dedi.<\/p>\n<p style=\"text-align: justify;\"><strong>&#8220;SMS atsalar daha iyi olur&#8221;\u00a0<\/strong><\/p>\n<p style=\"text-align: justify;\">AKP&#8217;nin Anayasa g\u00f6r\u00fc\u015fmesi talebiyle ilgili Meclis Ba\u015fkan\u0131ndan rol kapmaya \u00e7al\u0131\u015ft\u0131klar\u0131 ele\u015ftirisi getiren Vural \u015f\u00f6yle devam etti:<\/p>\n<p style=\"text-align: justify;\">&#8220;Bunlar daha \u00f6nce Anayasa makalesi haz\u0131rl\u0131yordu. Haz\u0131rlayamad\u0131lar san\u0131r\u0131m. Ter\u00f6rle m\u00fccadele i\u00e7in de geleceklerini s\u00f6ylediler. \u015eimdi k\u0131l\u0131k de\u011fi\u015ftirdiler. Anayasa konusunda top Meclis ba\u015fkan\u0131ndad\u0131r. Bu konuda cevap ne olur bilmiyorum ama bu kadar \u015fa\u015fk\u0131n parti olur mu? Zaten uzla\u015fma komisyonu kurulmuyor mu? Meclis Ba\u015fkan\u0131 g\u00f6r\u00fc\u015fmedi mi partilerle? Meclis Ba\u015fkanl\u0131\u011f\u0131 \u00f6n\u00fcnde rol kapma gibi anlam\u0131 ne bilemiyorum. Anayasa ile ig3lili g\u00f6r\u00fc\u015f\u00fclecek. Meclis Ba\u015fkan\u0131 ne yap\u0131yor. Havanda su mu d\u00f6v\u00fcyor o. Kendileri \u00f6n plana ge\u00e7mek i\u00e7in \u00e7aba harc\u0131yorlar. Talep geldi\u011finde genel ba\u015fkan gerekli cevab\u0131 verir. Genel ba\u015fkan ter\u00f6rle m\u00fccadele konusunda gelecek bir talebe kapal\u0131 kalmayaca\u011f\u0131n\u0131 ifade etmi\u015fti. Ama \u015fimdi ter\u00f6rle m\u00fccadele de\u011fil m\u00fczakere ediyorlar. \u015eimdi Anayasa konusunda mektup yazacakm\u0131\u015f. SMS atsalar daha iyi olur.&#8221;<\/p>\n<p style=\"text-align: justify;\"><strong>&#8220;Allah&#8217;\u0131n sevdi\u011fi hareketiz&#8221;\u00a0<\/strong><\/p>\n<p style=\"text-align: justify;\">Be\u015fir Atalay&#8217;\u0131n \u0130\u00e7i\u015fleri Bakanl\u0131\u011f\u0131 d\u00f6neminde a\u00e7\u0131l\u0131m kapsam\u0131nda yap\u0131lmak istenen g\u00f6r\u00fc\u015fmeyi kabul etmediklerini hat\u0131rlatan Vural, &#8220;G\u00f6r\u00fclmekte ki, a\u00e7\u0131l\u0131m s\u00fcrecinde g\u00f6r\u00fc\u015fme talebi PKK ile yap\u0131lan m\u00fczakereleri me\u015frula\u015ft\u0131rmak, MHP&#8217;nin tav\u0131r almas\u0131n\u0131 engellemek amac\u0131yla haz\u0131rlanm\u0131\u015f. B\u00fclent Ar\u0131n\u00e7, Dan\u0131\u015ftay-Yarg\u0131tay Ba\u015fkan\u0131 s\u0131n\u0131f\u0131ndan se\u00e7ilince &#8216;Allah&#8217;\u0131n ne kadar sevgili kuluyum&#8217; diye \u015f\u00fckretmi\u015fti. Biz de &#8216;Allah&#8217;\u0131n ne sevdi\u011fi bir hareketmi\u015fiz, o tuzaklara d\u00fc\u015fmemi\u015fiz&#8217; diyoruz&#8221; a\u00e7\u0131klamas\u0131nda bulundu.<\/p>\n<p style=\"text-align: justify;\"><a href=\"http:\/\/www.cumhuriyet.com.tr\/?hn=278692\" target=\"_blank\">Kaynak : Cumhuriyet Haber Portal\u0131<\/a><\/p>\n","protected":false},"excerpt":{"rendered":"<p style=\"text-align: center;\">\n<p style=\"text-align: justify;\">MHP Grup Ba\u015fkanvekili Oktay Vural, Ankara&#8217;da \u00fc\u00e7 ki\u015finin hayat\u0131n\u0131 kaybetti\u011fi sald\u0131r\u0131n\u0131n ter\u00f6re verilen tavizin sonucu oldu\u011funu savunarak, Cumhurba\u015fkan\u0131 Abdullah G\u00fcl&#8217;e seslendi.<\/p>\n<p style=\"text-align: justify;\">Ankara- MHP Grup Ba\u015fkanvekili Oktay Vural, TBMM&#8217;de d\u00fczenledi\u011fi bas\u0131n toplant\u0131s\u0131nda s\u00f6zlerine Ankara&#8217;daki sald\u0131r\u0131y\u0131 k\u0131nayarak ba\u015flad\u0131. Vural, &#8220;Ba\u015fbakan\u0131n \u00f6zel temsilcisinin PKK ile siyasi m\u00fczakereler yaparak, ter\u00f6re taviz vermesi <\/p>\n","protected":false},"author":1,"featured_media":0,"comment_status":"open","ping_status":"open","sticky":false,"template":"","format":"standard","meta":{"footnotes":""},"categories":[105],"tags":[],"class_list":["post-40030","post","type-post","status-publish","format-standard","hentry","category-gundem","odd"],"_links":{"self":[{"href":"http:\/\/www.korhanyilmaz.com\/index.php?rest_route=\/wp\/v2\/posts\/40030","targetHints":{"allow":["GET"]}}],"collection":[{"href":"http:\/\/www.korhanyilmaz.com\/index.php?rest_route=\/wp\/v2\/posts"}],"about":[{"href":"http:\/\/www.korhanyilmaz.com\/index.php?rest_route=\/wp\/v2\/types\/post"}],"author":[{"embeddable":true,"href":"http:\/\/www.korhanyilmaz.com\/index.php?rest_route=\/wp\/v2\/users\/1"}],"replies":[{"embeddable":true,"href":"http:\/\/www.korhanyilmaz.com\/index.php?rest_route=%2Fwp%2Fv2%2Fcomments&post=40030"}],"version-history":[{"count":0,"href":"http:\/\/www.korhanyilmaz.com\/index.php?rest_route=\/wp\/v2\/posts\/40030\/revisions"}],"wp:attachment":[{"href":"http:\/\/www.korhanyilmaz.com\/index.php?rest_route=%2Fwp%2Fv2%2Fmedia&parent=40030"}],"wp:term":[{"taxonomy":"category","embeddable":true,"href":"http:\/\/www.korhanyilmaz.com\/index.php?rest_route=%2Fwp%2Fv2%2Fcategories&post=40030"},{"taxonomy":"post_tag","embeddable":true,"href":"http:\/\/www.korhanyilmaz.com\/index.php?rest_route=%2Fwp%2Fv2%2Ftags&post=40030"}],"curies":[{"name":"wp","href":"https:\/\/api.w.org\/{rel}","templated":true}]}}