{"id":40025,"date":"2011-09-20T16:49:56","date_gmt":"2011-09-20T13:49:56","guid":{"rendered":"http:\/\/www.korhanyilmaz.com\/?p=40025"},"modified":"2011-09-21T03:42:12","modified_gmt":"2011-09-21T00:42:12","slug":"icisleri-bakani-idris-naim-sahin-ankaradaki-patlamaya-iliskin-yaptigi-basin-aciklamasinda-gaf-ustune-gaf-yapti","status":"publish","type":"post","link":"http:\/\/www.korhanyilmaz.com\/?p=40025","title":{"rendered":"\u0130\u00e7i\u015fleri Bakan\u0131 \u0130dris Naim \u015eahin, Ankara&#8217;daki patlamaya ili\u015fkin yapt\u0131\u011f\u0131 bas\u0131n a\u00e7\u0131klamas\u0131nda gaf \u00fcst\u00fcne gaf yapt\u0131"},"content":{"rendered":"<p style=\"text-align: justify;\"><a href=\"http:\/\/www.korhanyilmaz.com\/wp-content\/uploads\/2011\/09\/5113.jpg\"  class=\"lightview\"><img loading=\"lazy\" decoding=\"async\" class=\"aligncenter size-full wp-image-40026\" title=\"\" src=\"http:\/\/www.korhanyilmaz.com\/wp-content\/uploads\/2011\/09\/5113.jpg\" alt=\"\" width=\"313\" height=\"238\" \/><\/a><\/p>\n<p style=\"text-align: justify;\">\u0130\u00e7i\u015fleri Bakan\u0131 \u0130dris Naim \u015eahin, Ankara K\u0131z\u0131lay&#8217;da meydana gelen patlamalara dair yapt\u0131\u011f\u0131 a\u00e7\u0131klamada gaf \u00fcst\u00fcne gaf yapt\u0131.<\/p>\n<p style=\"text-align: justify;\">Patlamada ya\u015fam\u0131n\u0131 yitirenlerin say\u0131s\u0131n\u0131 belirtmek i\u00e7in &#8220;<strong>adet<\/strong>&#8221; kelimesini kullanan Bakan \u015eahin, kurdu\u011fu tuhaf c\u00fcmleler ile sosyal alemin diline d\u00fc\u015fmeye aday&#8230;\u00a0<!--more--><\/p>\n<p style=\"text-align: justify;\">\u0130\u015fte onlardan baz\u0131lar\u0131:<\/p>\n<p style=\"text-align: justify;\">*Hastalar, yani yaral\u0131lar\u0131m\u0131z, acilen Ankara&#8217;daki hastanelerimize intikal ettirildiler.<\/p>\n<p style=\"text-align: justify;\">*Yaral\u0131 say\u0131s\u0131 konusunda \u015fu an itibariyle 15 \u00f6nemli yaral\u0131 oldu\u011fu, bunlar\u0131n 5 tanesinin ciddiyet arz etti\u011fi bilgimiz var.<\/p>\n<p style=\"text-align: justify;\">*Yapt\u0131klar\u0131 bina i\u00e7i incelemede, sokakta ve caddede can kayb\u0131m\u0131z yoktu. Ancak binalar\u0131n i\u00e7inde yapt\u0131klar\u0131 incelemelerde, aramalarda, adli makamlar\u0131n yani Ankara Savc\u0131l\u0131\u011f\u0131n\u0131n, intikal eden \u00f6n bilgilere g\u00f6re, 3 adet maalesef vatanda\u015f\u0131m\u0131z\u0131n patlamadan dolay\u0131 can kayb\u0131na maruz kald\u0131\u011f\u0131 bilgisi var elimizde.<\/p>\n<p style=\"text-align: justify;\">*&#8221;Hedefi tabi eylemi yapan en iyi bilir&#8221;<\/p>\n<p style=\"text-align: justify;\">&#8220;Hedef g\u00f6zetmeden yap\u0131lan bir hedeftir&#8221;<\/p>\n<p style=\"text-align: justify;\"><strong>SOSYAL MEDYA BAKANI YERDEN YERE VURDU<\/strong><\/p>\n<p style=\"text-align: justify;\">Bakan \u015eahin&#8217;in gaf dolu a\u00e7\u0131klamalar\u0131 sosyal medyada da &#8220;dillere d\u00fc\u015ft\u00fc.&#8221;<\/p>\n<p style=\"text-align: justify;\">* Biz 3 adettik, \u0130dris, Naim ve \u015eahin.<\/p>\n<p style=\"text-align: justify;\">* Yemin ederim Vali Muammer G\u00fcler&#8217;i \u00f6zledim \u0130dris Naim \u015eahin&#8217;i izlerken.<\/p>\n<p style=\"text-align: justify;\">* &#8220;G\u0131rla \u00f6l\u00fc var&#8221; dese \u015fa\u015f\u0131rmayaca\u011f\u0131m, \u0130dris Naim \u015eahin \u00f6z\u00fcnde H\u0130\u00c7 \u0130\u015fleri Bakan\u0131ym\u0131\u015f.<\/p>\n<p style=\"text-align: justify;\">* Ba\u015fbakan\u0131n ilk de\u011fi\u015ftirmesi gereken bakan idris naim \u015fahindir. Adam hi\u00e7 bir c\u00fcmleyi gaf yapmadan bitiremez mi.<\/p>\n<p style=\"text-align: justify;\">* \u0130dris Naim \u015eahin \u00fc\u00e7 adet insan \u00f6ld\u00fc demi\u015f ne bu k\u0131rtasiyedeki kalem mi, insan bu.<\/p>\n<p style=\"text-align: justify;\">* Neyi nas\u0131l konu\u015faca\u011f\u0131n\u0131 bilmenin \u00f6tesinde neyi nas\u0131l konusmayacagini bilmesi gerekir siyasi fig\u00fcrlerin &#8230; \u0130dris Naim \u015eahin \u00f6rne\u011findeki gibi&#8230;<\/p>\n<p style=\"text-align: justify;\"><a href=\"http:\/\/www.internethaber.com\/bakan-sahin-gaf-ustune-gaf-yapti-372804h.htm\" target=\"_blank\">Kaynak : internethaber.com<\/a><\/p>\n","protected":false},"excerpt":{"rendered":"<p style=\"text-align: justify;\">\n<p style=\"text-align: justify;\">\u0130\u00e7i\u015fleri Bakan\u0131 \u0130dris Naim \u015eahin, Ankara K\u0131z\u0131lay&#8217;da meydana gelen patlamalara dair yapt\u0131\u011f\u0131 a\u00e7\u0131klamada gaf \u00fcst\u00fcne gaf yapt\u0131.<\/p>\n<p style=\"text-align: justify;\">Patlamada ya\u015fam\u0131n\u0131 yitirenlerin say\u0131s\u0131n\u0131 belirtmek i\u00e7in &#8220;adet&#8221; kelimesini kullanan Bakan \u015eahin, kurdu\u011fu tuhaf c\u00fcmleler ile sosyal alemin diline d\u00fc\u015fmeye aday&#8230; <\/p>\n","protected":false},"author":1,"featured_media":0,"comment_status":"open","ping_status":"open","sticky":false,"template":"","format":"standard","meta":{"footnotes":""},"categories":[105],"tags":[],"class_list":["post-40025","post","type-post","status-publish","format-standard","hentry","category-gundem","odd"],"_links":{"self":[{"href":"http:\/\/www.korhanyilmaz.com\/index.php?rest_route=\/wp\/v2\/posts\/40025","targetHints":{"allow":["GET"]}}],"collection":[{"href":"http:\/\/www.korhanyilmaz.com\/index.php?rest_route=\/wp\/v2\/posts"}],"about":[{"href":"http:\/\/www.korhanyilmaz.com\/index.php?rest_route=\/wp\/v2\/types\/post"}],"author":[{"embeddable":true,"href":"http:\/\/www.korhanyilmaz.com\/index.php?rest_route=\/wp\/v2\/users\/1"}],"replies":[{"embeddable":true,"href":"http:\/\/www.korhanyilmaz.com\/index.php?rest_route=%2Fwp%2Fv2%2Fcomments&post=40025"}],"version-history":[{"count":0,"href":"http:\/\/www.korhanyilmaz.com\/index.php?rest_route=\/wp\/v2\/posts\/40025\/revisions"}],"wp:attachment":[{"href":"http:\/\/www.korhanyilmaz.com\/index.php?rest_route=%2Fwp%2Fv2%2Fmedia&parent=40025"}],"wp:term":[{"taxonomy":"category","embeddable":true,"href":"http:\/\/www.korhanyilmaz.com\/index.php?rest_route=%2Fwp%2Fv2%2Fcategories&post=40025"},{"taxonomy":"post_tag","embeddable":true,"href":"http:\/\/www.korhanyilmaz.com\/index.php?rest_route=%2Fwp%2Fv2%2Ftags&post=40025"}],"curies":[{"name":"wp","href":"https:\/\/api.w.org\/{rel}","templated":true}]}}