{"id":40017,"date":"2011-09-20T18:42:56","date_gmt":"2011-09-20T15:42:56","guid":{"rendered":"http:\/\/www.korhanyilmaz.com\/?p=40017"},"modified":"2011-09-21T03:06:06","modified_gmt":"2011-09-21T00:06:06","slug":"ak-partide-toplu-istifa","status":"publish","type":"post","link":"http:\/\/www.korhanyilmaz.com\/?p=40017","title":{"rendered":"AK Parti&#8217;de toplu istifa"},"content":{"rendered":"<p style=\"text-align: justify;\"><a href=\"http:\/\/www.korhanyilmaz.com\/wp-content\/uploads\/2011\/09\/5111.jpg\"  class=\"lightview\"><img loading=\"lazy\" decoding=\"async\" class=\"aligncenter size-full wp-image-40018\" title=\"\" src=\"http:\/\/www.korhanyilmaz.com\/wp-content\/uploads\/2011\/09\/5111.jpg\" alt=\"\" width=\"290\" height=\"217\" \/><\/a><\/p>\n<p style=\"text-align: justify;\">Karaman&#8217;\u0131n Ermenek il\u00e7esinde AK Parti \u0130l\u00e7e Ba\u015fkan\u0131 \u015eakir Uyar ve 20 y\u00f6netici istifa etti.<\/p>\n<p style=\"text-align: justify;\">AK Parti Ermenek \u0130l\u00e7e Ba\u015fkan\u0131 \u015eakir Uyar yapt\u0131\u011f\u0131 a\u00e7\u0131klamada ilk g\u00fcnden itibaren parti ve te\u015fkilat i\u00e7in gece-g\u00fcnd\u00fcz \u00e7al\u0131\u015ft\u0131klar\u0131n\u0131 anlat\u0131rken, &#8220;\u0130lk defa Belediye ba\u015fkanl\u0131\u011f\u0131n\u0131 ald\u0131k. Referandumda beklenmeyen bir sonu\u00e7 alarak b\u00fcy\u00fck ba\u015far\u0131 elde ettik ve bunlar gibi daha \u00e7ok hizmetlerimiz oldu.<!--more--><\/p>\n<p style=\"text-align: justify;\">Lakin il te\u015fkilat\u0131ndan hak etti\u011fimiz ilgiyi g\u00f6remedik. Onun i\u00e7in il\u00e7e ba\u015fkanl\u0131\u011f\u0131ndan istifa ediyorum. Benim istifam\u0131n ard\u0131ndan beraber yola \u00e7\u0131kt\u0131\u011f\u0131m\u0131z arkada\u015flar\u0131mda istifa etti. \u015eu anda bende dahil 21 ki\u015fi istifa etmi\u015f bulunmaktay\u0131z&#8221; dedi.<\/p>\n<p style=\"text-align: justify;\">AK Parti Karaman \u0130l Ba\u015fkan\u0131 S\u00fcleyman Atik ise Ermenek \u0130l\u00e7e Ba\u015fkan\u0131 \u015eakir Uyar ve y\u00f6neticilerin istifas\u0131 ile ilgili kendilerine yaz\u0131l\u0131 evrak olmad\u0131\u011f\u0131n\u0131 belirterek s\u00fcreci takip ettiklerini s\u00f6yledi.<\/p>\n<p style=\"text-align: justify;\"><a href=\"http:\/\/www.cnnturk.com\/2011\/turkiye\/09\/20\/ak.partide.toplu.istifa\/629962.0\/index.html\" target=\"_blank\">Kaynak : CNN T\u00dcRK<\/a><\/p>\n","protected":false},"excerpt":{"rendered":"<p style=\"text-align: justify;\">\n<p style=\"text-align: justify;\">Karaman&#8217;\u0131n Ermenek il\u00e7esinde AK Parti \u0130l\u00e7e Ba\u015fkan\u0131 \u015eakir Uyar ve 20 y\u00f6netici istifa etti.<\/p>\n<p style=\"text-align: justify;\">AK Parti Ermenek \u0130l\u00e7e Ba\u015fkan\u0131 \u015eakir Uyar yapt\u0131\u011f\u0131 a\u00e7\u0131klamada ilk g\u00fcnden itibaren parti ve te\u015fkilat i\u00e7in gece-g\u00fcnd\u00fcz \u00e7al\u0131\u015ft\u0131klar\u0131n\u0131 anlat\u0131rken, &#8220;\u0130lk defa Belediye ba\u015fkanl\u0131\u011f\u0131n\u0131 ald\u0131k. Referandumda beklenmeyen bir sonu\u00e7 alarak b\u00fcy\u00fck ba\u015far\u0131 elde ettik ve <\/p>\n","protected":false},"author":1,"featured_media":0,"comment_status":"open","ping_status":"open","sticky":false,"template":"","format":"standard","meta":{"footnotes":""},"categories":[105],"tags":[],"class_list":["post-40017","post","type-post","status-publish","format-standard","hentry","category-gundem","odd"],"_links":{"self":[{"href":"http:\/\/www.korhanyilmaz.com\/index.php?rest_route=\/wp\/v2\/posts\/40017","targetHints":{"allow":["GET"]}}],"collection":[{"href":"http:\/\/www.korhanyilmaz.com\/index.php?rest_route=\/wp\/v2\/posts"}],"about":[{"href":"http:\/\/www.korhanyilmaz.com\/index.php?rest_route=\/wp\/v2\/types\/post"}],"author":[{"embeddable":true,"href":"http:\/\/www.korhanyilmaz.com\/index.php?rest_route=\/wp\/v2\/users\/1"}],"replies":[{"embeddable":true,"href":"http:\/\/www.korhanyilmaz.com\/index.php?rest_route=%2Fwp%2Fv2%2Fcomments&post=40017"}],"version-history":[{"count":0,"href":"http:\/\/www.korhanyilmaz.com\/index.php?rest_route=\/wp\/v2\/posts\/40017\/revisions"}],"wp:attachment":[{"href":"http:\/\/www.korhanyilmaz.com\/index.php?rest_route=%2Fwp%2Fv2%2Fmedia&parent=40017"}],"wp:term":[{"taxonomy":"category","embeddable":true,"href":"http:\/\/www.korhanyilmaz.com\/index.php?rest_route=%2Fwp%2Fv2%2Fcategories&post=40017"},{"taxonomy":"post_tag","embeddable":true,"href":"http:\/\/www.korhanyilmaz.com\/index.php?rest_route=%2Fwp%2Fv2%2Ftags&post=40017"}],"curies":[{"name":"wp","href":"https:\/\/api.w.org\/{rel}","templated":true}]}}