{"id":40008,"date":"2011-09-20T16:45:49","date_gmt":"2011-09-20T13:45:49","guid":{"rendered":"http:\/\/www.korhanyilmaz.com\/?p=40008"},"modified":"2011-09-20T22:32:29","modified_gmt":"2011-09-20T19:32:29","slug":"40008","status":"publish","type":"post","link":"http:\/\/www.korhanyilmaz.com\/?p=40008","title":{"rendered":"K\u0131l\u0131\u00e7daro\u011flu&#8217;ndan Ba\u015fbakan&#8217;a \u00d6calan sorusu"},"content":{"rendered":"<p style=\"text-align: center;\"><a href=\"http:\/\/www.korhanyilmaz.com\/wp-content\/uploads\/2011\/09\/5109.jpg\"  class=\"lightview\"><img loading=\"lazy\" decoding=\"async\" class=\"aligncenter  wp-image-40009\" src=\"http:\/\/www.korhanyilmaz.com\/wp-content\/uploads\/2011\/09\/5109.jpg\" alt=\"\" width=\"384\" height=\"254\" \/><\/a><\/p>\n<p style=\"text-align: justify;\">CHP Genel Ba\u015fkan\u0131 Kemal K\u0131l\u0131\u00e7daro\u011flu, M\u0130T M\u00fcste\u015far\u0131 Hakan Fidan&#8217;\u0131n Ba\u015fbakanl\u0131k M\u00fcste\u015far Yard\u0131mc\u0131s\u0131 oldu\u011fu d\u00f6nemde, d\u00f6nemin M\u0130T M\u00fcste\u015far Yard\u0131mc\u0131s\u0131 Afet G\u00fcne\u015f ile PKK y\u00f6neticileri aras\u0131nda yap\u0131lan g\u00f6r\u00fc\u015fmeyi &#8220;M\u0130T-PKK g\u00f6r\u00fc\u015fmesi&#8221; de\u011fil, &#8220;Ba\u015fbakan&#8217;la PKK g\u00f6r\u00fc\u015fmesi&#8221; olarak nitelendirdi.<!--more--><\/p>\n<p style=\"text-align: justify;\">ANKARA &#8211; CHP Genel Ba\u015fkan\u0131 Kemal K\u0131l\u0131\u00e7daro\u011flu, M\u0130T M\u00fcste\u015far\u0131 Hakan Fidan\u2019\u0131n Ba\u015fbakanl\u0131k M\u00fcste\u015far Yard\u0131mc\u0131s\u0131 oldu\u011fu d\u00f6nemde, d\u00f6nemin M\u0130T M\u00fcste\u015far Yard\u0131mc\u0131s\u0131 Afet G\u00fcne\u015f ile PKK y\u00f6neticileri aras\u0131nda yap\u0131lan g\u00f6r\u00fc\u015fmeyi \u201cM\u0130T-PKK g\u00f6r\u00fc\u015fmesi\u201d de\u011fil, \u201cBa\u015fbakan\u2019la PKK g\u00f6r\u00fc\u015fmesi\u201d olarak nitelendirirken, \u201cBaz\u0131lar\u0131 \u2018Ne fark eder\u2019 diyebilirler. Bu yap\u0131lan, ter\u00f6r \u00f6rg\u00fct\u00fcyle siyasi m\u00fczakereye oturmakt\u0131r. Say\u0131n Ba\u015fbakan\u2019\u0131n su\u00e7\u00fcst\u00fc yakaland\u0131\u011f\u0131 yer i\u015fte buras\u0131d\u0131r\u201d dedi.<\/p>\n<p style=\"text-align: justify;\">K\u0131l\u0131\u00e7daro\u011flu, Ba\u015fbakan\u2019a \u201c\u00d6zel temsilcinizin ifade etti\u011fi gibi, Abdullah \u00d6calan\u2019la hala y\u00fczde 95 mutab\u0131k m\u0131s\u0131n\u0131z? Bu mutabakat konular\u0131n\u0131 kamuoyuyla payla\u015fmay\u0131 d\u00fc\u015f\u00fcn\u00fcyor musunuz\u201d diye sordu.<\/p>\n<p style=\"text-align: justify;\"><strong>&#8220;TER\u00d6R\u00dcN HER YERDE KO\u015eULSUZ ELE\u015eT\u0130R\u0130LMES\u0130 LAZIM&#8221;<\/strong><\/p>\n<p style=\"text-align: justify;\">K\u0131l\u0131\u00e7daro\u011flu, CHP Genel Merkezi\u2019nde bir bas\u0131n toplant\u0131s\u0131 d\u00fczenledi. Konu\u015fmas\u0131na bug\u00fcn Ankara\u2019da meydana gelen patlamaya de\u011finerek ba\u015flayan K\u0131l\u0131\u00e7daro\u011flu, \u0130\u00e7i\u015fleri Bakan\u0131 \u0130dris Naim \u015eahin\u2019in yapt\u0131\u011f\u0131 a\u00e7\u0131klamaya g\u00f6re 3 \u00f6l\u00fc, 15 yaral\u0131n\u0131n bulundu\u011funu belirterek, \u201cTer\u00f6r sald\u0131r\u0131s\u0131 olma ihtimalinin \u00e7ok g\u00fc\u00e7l\u00fc oldu\u011funu Say\u0131n Bakan ifade etti. Ter\u00f6r\u00fc her yerde, her zaman, her siyasal inan\u00e7tan ki\u015finin ko\u015fulsuz ele\u015ftirmesi laz\u0131m. Sonu\u00e7ta ya\u015fam\u0131n\u0131 yitiren insanlar masum insanlar, g\u00fcnl\u00fck me\u015fgaleleriyle u\u011fra\u015fan insanlar, ter\u00f6r\u00fcn kurban\u0131 oldular. \u00d6lenlere Allah\u2019tan rahmet, tedavi olanlara acil \u015fifa diliyoruz\u201d dedi.<\/p>\n<p style=\"text-align: justify;\"><strong>\u201cSIFIR SORUN POL\u0130T\u0130KASI SIFIR S\u0130YASET, SIFIR TERB\u0130YE POL\u0130T\u0130KASINA D\u00d6N\u00dc\u015eT\u00dc\u201d<\/strong><\/p>\n<p style=\"text-align: justify;\">Bir s\u00fcreden beri H\u00fck\u00fcmet\u2019in d\u0131\u015f politikas\u0131ndaki \u00e7eli\u015fkileri ortaya koyduklar\u0131n\u0131, kamuoyunu ayd\u0131nlatmak i\u00e7in de baz\u0131 sorular sorduklar\u0131n\u0131 belirten K\u0131l\u0131\u00e7daro\u011flu, \u201cHalka sayg\u0131s\u0131 olan bir H\u00fck\u00fcmet, oturur adam gibi bu ele\u015ftirilere, bu sorulara yan\u0131t verir. Pekiyi onlar ne yap\u0131yorlar, hakaret ediyorlar. Sadece bana hakaret etmi\u015f olmuyorlar, ayn\u0131 zamanda bizim gibi d\u00fc\u015f\u00fcnen milyonlarca insana da hakaret etmi\u015f oluyorlar. \u00dcz\u00fclerek ifade edeyim ki s\u0131f\u0131r sorun politikas\u0131 s\u0131f\u0131r siyaset politikas\u0131na, o da nihayet s\u0131f\u0131r terbiye politikas\u0131na d\u00f6n\u00fc\u015fm\u00fc\u015ft\u00fcr\u201d diye konu\u015ftu.<\/p>\n<p style=\"text-align: justify;\">Ba\u015fbakan\u2019\u0131n kulland\u0131\u011f\u0131 \u00fcslubun T\u00fcrkiye Cumhuriyeti Ba\u015fbakan\u0131\u2019na yak\u0131\u015fmad\u0131\u011f\u0131n\u0131 s\u00f6yleyen K\u0131l\u0131\u00e7daro\u011flu, \u201cSay\u0131n Ba\u015fbakan\u2019a hat\u0131rlatmak isterim ki d\u00fcnyan\u0131n hi\u00e7bir yerinde art\u0131k halk koyun s\u00fcr\u00fcs\u00fc, siyaset\u00e7i de \u00e7oban say\u0131lm\u0131yor\u201d dedi. K\u0131l\u0131\u00e7daro\u011flu, ter\u00f6r \u00f6rg\u00fct\u00fc PKK lideriyle g\u00f6r\u00fc\u015fmeler yap\u0131ld\u0131\u011f\u0131 iddia edildi\u011finde Ba\u015fbakan ve yard\u0131mc\u0131lar\u0131n\u0131n \u201cnormal bir insan\u0131n kullanmayaca\u011f\u0131 \u00fcslupla iddia sahiplerine sald\u0131rd\u0131klar\u0131n\u0131\u201d dile getirerek \u201cO ifadeler umar\u0131m ki bir daha hi\u00e7 kullan\u0131lmaz\u201d dedi. O zaman yapt\u0131klar\u0131 \u201cDevletin g\u00fcvenlik birimleri bu t\u00fcr g\u00f6r\u00fc\u015fmeleri yapabilir\u201d a\u00e7\u0131klamas\u0131n\u0131n bug\u00fcn de arkas\u0131nda olduklar\u0131n\u0131 vurgulayan K\u0131l\u0131\u00e7daro\u011flu, ama\u00e7lar\u0131n\u0131n ter\u00f6r\u00fcn sonland\u0131r\u0131lmas\u0131 oldu\u011funu, ter\u00f6r bitecekse devletin g\u00fcvenlik birimlerinin bu g\u00f6r\u00fc\u015fmeleri yapabilece\u011fini belirtti.<\/p>\n<p style=\"text-align: justify;\"><strong>\u201cM\u0130T-PKK G\u00d6R\u00dc\u015eMES\u0130 DE\u011e\u0130L, RECEP TAYY\u0130P ERDO\u011eAN-PKK G\u00d6R\u00dc\u015eMES\u0130\u201d<\/strong><\/p>\n<p style=\"text-align: justify;\">\u0130nternette yay\u0131nlanan ses kayd\u0131ndan anla\u015f\u0131ld\u0131\u011f\u0131na g\u00f6re o d\u00f6nemde Ba\u015fbakan\u2019\u0131n M\u00fcste\u015far Yard\u0131mc\u0131s\u0131 olan bir ki\u015finin, ter\u00f6r \u00f6rg\u00fct\u00fcyle de, \u00f6rg\u00fct lideriyle de, \u00f6rg\u00fct\u00fcn Avrupa\u2019daki temsilcileriyle de defalarca g\u00f6r\u00fc\u015ft\u00fc\u011f\u00fcn\u00fc kaydeden K\u0131l\u0131\u00e7daro\u011flu, \u015f\u00f6yle konu\u015ftu:<\/p>\n<p style=\"text-align: justify;\">\u201cBunun ad\u0131na hemen M\u0130T-PKK g\u00f6r\u00fc\u015fmesi denildi. Bu do\u011fru de\u011fildir. G\u00f6r\u00fc\u015fen ki\u015finin M\u0130T M\u00fcste\u015farl\u0131\u011f\u0131 \u00e7ok sonraki bir hadisedir. Bu ki\u015fi o tarihte Ba\u015fbakan\u2019\u0131n yak\u0131n \u00e7al\u0131\u015fma arkada\u015f\u0131d\u0131r ve bu g\u00f6r\u00fc\u015fmelere Ba\u015fbakan\u2019\u0131n \u00f6zel yetkilendirmesiyle gitmi\u015ftir. Yani, Say\u0131n Erdo\u011fan\u2019\u0131n \u00f6zel temsilcisi s\u0131fat\u0131yla gitmi\u015ftir. Bunu, s\u00f6z konusu kasette ki\u015fi kendisi de itiraf ediyor zaten. Ba\u015fbakan\u0131n \u00f6zel temsilcisi olarak ba\u015fka g\u00f6revlere gitti\u011fini de kasette s\u00f6ylemektedir. Bu g\u00f6r\u00fc\u015fmeler PKK-M\u0130T g\u00f6r\u00fc\u015fmesi de\u011fil, Ba\u015fbakan\u2019la PKK aras\u0131nda yap\u0131lm\u0131\u015f siyasi g\u00f6r\u00fc\u015fmelerdir. Baz\u0131lar\u0131 \u2018Ne fark eder\u2019 diyebilirler. Bu yap\u0131lan, ter\u00f6r \u00f6rg\u00fct\u00fcyle siyasi m\u00fczakereye oturmakt\u0131r. Say\u0131n Ba\u015fbakan\u2019\u0131n su\u00e7\u00fcst\u00fc yakaland\u0131\u011f\u0131 yer i\u015fte buras\u0131d\u0131r. Nitekim \u00f6rg\u00fct lideriyle olgunla\u015ft\u0131r\u0131ld\u0131ktan sonra, \u00d6rg\u00fct temsilcileriyle m\u00fczakere edilen konular tamamen siyasi konulard\u0131r. Tek ba\u015f\u0131na M\u0130T\u2019in g\u00f6rev kapsam\u0131n\u0131 a\u015fan konulard\u0131r.\u201d<\/p>\n<p style=\"text-align: justify;\"><strong>\u201cS\u00dcRE\u00c7TE YA\u015eANAN CAN KAYIPLARINDAN KEND\u0130N\u0130Z\u0130 SORUMLU TUTUYOR MUSUNUZ?\u201d<\/strong><\/p>\n<p style=\"text-align: justify;\">Ba\u015fbakan\u2019a \u201c\u00d6zel temsilcinizin ifade etti\u011fi gibi, Abdullah \u00d6calan\u2019la hala y\u00fczde 95 mutab\u0131k m\u0131s\u0131n\u0131z?\u201d diye soran K\u0131l\u0131\u00e7daro\u011flu, \u015f\u00f6yle devam etti:<\/p>\n<p style=\"text-align: justify;\">\u201cBu mutabakat konular\u0131n\u0131 kamuoyuyla payla\u015fmay\u0131 d\u00fc\u015f\u00fcn\u00fcyor musunuz? \u00d6zel temsilcinizin itiraf etti\u011fi gibi, o m\u00fczakere s\u00fcrecinde ter\u00f6r \u00f6rg\u00fct\u00fcne kar\u015f\u0131 planl\u0131 operasyonlar\u0131 durdurdunuz mu, durdurmad\u0131n\u0131z m\u0131? \u00d6nemli olan netice almakt\u0131r diyorsunuz; netice almaktan kast\u0131n\u0131z, se\u00e7im s\u00fcreci ge\u00e7ene kadar ter\u00f6r \u00f6rg\u00fct\u00fcn\u00fcn eylem yapmamas\u0131n\u0131 sa\u011flamak olabilir mi? Abdullah \u00d6calan \u2018Beni kullan\u0131yorlar\u2019 derken, bunu s\u00f6ylemek istemi\u015f olabilir mi? Ald\u0131\u011f\u0131n\u0131z sonu\u00e7 ortada oldu\u011funa g\u00f6re, sonraki s\u00fcre\u00e7te ya\u015fanan can kay\u0131plar\u0131ndan kendinizi sorumlu tutuyor musunuz?\u201d<\/p>\n<p style=\"text-align: justify;\"><strong>\u201cT\u00dcRK\u0130YE\u2019Y\u0130 BA\u015eBAKAN MI Y\u00d6NET\u0130YOR, NATO MU?\u201d<\/strong><\/p>\n<p style=\"text-align: justify;\">K\u0131l\u0131\u00e7daro\u011flu, yap\u0131lan g\u00f6r\u00fc\u015fmeyi \u201cRecep Tayyip Erdo\u011fan-PKK g\u00f6r\u00fc\u015fmesi\u201d olarak nitelendiren K\u0131l\u0131\u00e7daro\u011flu, \u201cG\u00f6r\u00fc\u015fmenin patronu, Recep Tayip Erdo\u011fan\u2019\u0131n bizzat yetkilendirdi\u011fi \u00d6zel temsilcisidir. Kald\u0131 ki bu g\u00f6r\u00fc\u015fmeler, AKP\u2019ye se\u00e7imde avantaj sa\u011flamak i\u00e7in suistimal edilmi\u015ftir. Ter\u00f6r\u00fcn son aylardaki \u00e7\u0131lg\u0131nca t\u0131rman\u0131\u015f\u0131n\u0131n sebebi budur\u201d dedi. K\u0131l\u0131\u00e7daro\u011flu, Ba\u015fbakan Erdo\u011fan\u2019\u0131n Malatya\u2019ya kurulacak radarla ilgili olarak d\u00fcn yapt\u0131\u011f\u0131 a\u00e7\u0131klamalar\u0131 \u201cHalk\u0131n zekas\u0131yla alay eden a\u00e7\u0131klamalar\u201d olarak de\u011ferlendirirken Ba\u015fbakan\u2019\u0131n \u201cDaha \u00f6nce Malatya K\u00fcrecik\u2019te NATO\u2019nun b\u00f6yle bir \u00fcss\u00fc var m\u0131yd\u0131? Vard\u0131. \u015eimdi ayn\u0131 yerde b\u00f6yle bir radar \u00fcss\u00fc kuruluyor\u201d s\u00f6zlerine de tepki g\u00f6stererek \u201c\u0130yi de say\u0131n beyefendi, o senin dedi\u011fin so\u011fuk sava\u015f d\u00f6nemiydi. \u0130htiya\u00e7 kalmay\u0131nca da kald\u0131r\u0131ld\u0131. Bir y\u0131l \u00f6nce m\u00fcttefiklerin bunu senden istediklerinde \u015fiddetle reddettin\u201d dedi.<\/p>\n<p style=\"text-align: justify;\">Ba\u015fbakan\u2019\u0131n f\u00fcze kalkan\u0131yla ilgili olarak daha \u00f6nce \u201cDost ve karde\u015f \u0130ran\u2019\u0131 hedef alan b\u00f6yle bir projeye izin vermeyiz\u201d a\u00e7\u0131klamas\u0131 yapt\u0131\u011f\u0131n\u0131, \u015fimdi ise \u201cBu iki tarafl\u0131 bir anla\u015fma de\u011fildir. Tamamen NATO\u2019ya y\u00f6nelik, NATO\u2019nun bir program\u0131d\u0131r\u201d dedi\u011fini an\u0131msatan K\u0131l\u0131\u00e7daro\u011flu, \u201cPes do\u011frusu. Ne zamandan beri NATO elini kolunu sallayarak gelip, T\u00fcrkiye\u2019nin diledi\u011fi noktas\u0131nda diledi\u011fi askeri tesisi kurabiliyor? T\u00fcrkiye\u2019yi sen mi y\u00f6netiyorsun, NATO mu y\u00f6netiyor? Ne zamandan beri NATO, \u00fcye \u00fclkelerin topraklar\u0131n\u0131 tek yanl\u0131 bir iradeyle kullan\u0131r oldu\u201d diye konu\u015ftu.<\/p>\n<p style=\"text-align: justify;\"><strong>\u201cARAPLARA NAS\u0130HAT, \u0130SRA\u0130L\u2019E G\u00dcVENL\u0130K KALKANI\u201d<\/strong><\/p>\n<p style=\"text-align: justify;\">K\u0131l\u0131\u00e7daro\u011flu, f\u00fcze kalkan\u0131 konusunda ABD yetkililerin \u201cBu bir ABD radar\u0131d\u0131r. Bu sistem \u0130ran\u2019a kar\u015f\u0131 olu\u015fturulmu\u015ftur. Radardan sa\u011flanacak istihbarat\u0131, \u0130srail savunmas\u0131nda kullanacakt\u0131r. Sistem, \u0130srail\u2019deki muadiliyle e\u015fg\u00fcd\u00fcml\u00fc \u00e7al\u0131\u015facakt\u0131r. Anla\u015fma T\u00fcrkiye ile pazarl\u0131k konusu yap\u0131lmam\u0131\u015ft\u0131r. T\u00fcrkiye\u2019ye bunun kar\u015f\u0131l\u0131\u011f\u0131nda hi\u00e7bir \u015fey veya s\u00f6z verilmemi\u015ftir. Hi\u00e7bir anla\u015fma bizim \u0130srail devleti\u2019ni savunma kabiliyetimizi k\u0131s\u0131tlayamaz\u201d a\u00e7\u0131klamas\u0131 yapt\u0131\u011f\u0131n\u0131 belirtirken \u201cKald\u0131 ki T\u00fcrkiye\u2019nin \u0130ran\u2019dan bir f\u00fcze tehdidi de\u011ferlendirmesi de yoktur. \u015eimdi biz Say\u0131n Erdo\u011fan\u2019a sormayal\u0131m m\u0131? Bir y\u0131l \u00f6nce \u0130ran\u2019\u0131 hedef al\u0131yor diye reddetti\u011finiz bu projeyi \u015fimdi neden kabul ettiniz? Nerede s\u0131k\u0131\u015ft\u0131n\u0131z, ni\u00e7in s\u0131k\u0131\u015ft\u0131n\u0131z da bu Projeyi imzalad\u0131n\u0131z? \u201c diye sordu.<\/p>\n<p style=\"text-align: justify;\">F\u00fcze kalkan\u0131 konusu g\u00fcndeme gelmeden hemen \u00f6nce Mavi Marmara ile ilgili Birle\u015fmi\u015f Milletler raporunun bas\u0131na s\u0131zd\u0131r\u0131ld\u0131\u011f\u0131n\u0131 ve Ba\u015fbakan\u2019\u0131n \u201cb\u00fct\u00fcn dikkatleri ba\u015fka y\u00f6ne \u00e7eken bir g\u00fcr\u00fclt\u00fc kopard\u0131\u011f\u0131n\u0131\u201d ifade eden K\u0131l\u0131\u00e7daro\u011flu, \u201cOysa o rapor be\u015f ayd\u0131r ellerindeydi ve h\u00fck\u00fcmetin \u2018g\u0131k\u2019\u0131 \u00e7\u0131kmam\u0131\u015ft\u0131. Bu, tam bir \u2018cambaza bak\u2019 numaras\u0131d\u0131r. Araplara nasihat, \u0130srail\u2019e g\u00fcvenlik kalkan\u0131. B\u00f6yle bir ikiy\u00fczl\u00fcl\u00fck bizim d\u0131\u015f politikam\u0131zda g\u00f6r\u00fclmemi\u015ftir\u201d diye konu\u015ftu.<\/p>\n<p style=\"text-align: justify;\"><strong>\u201cDO\u011eU AKDEN\u0130Z KONUSUNDA H\u00dcK\u00dcMET\u2019E DESTEK VER\u0130R\u0130Z\u201d<\/strong><\/p>\n<p style=\"text-align: justify;\">K\u0131l\u0131\u00e7daro\u011flu, a\u00e7\u0131klamas\u0131n\u0131n ard\u0131ndan gazetecilerin sorular\u0131n\u0131 yan\u0131tlad\u0131. D\u00f6nemin Ba\u015fbakanl\u0131k M\u00fcste\u015far Yard\u0131mc\u0131s\u0131 Fidan ve d\u00f6nemin M\u0130T M\u00fcste\u015far Yard\u0131mc\u0131s\u0131 Afet G\u00fcne\u015f\u2019in PKK y\u00f6neticileriyle g\u00f6r\u00fc\u015fmesiyle ilgili olarak CHP Bolu Milletvekili Tanju \u00d6zcan\u2019\u0131n su\u00e7 duyurusunda bulunmas\u0131n\u0131 nas\u0131l de\u011ferlendirdi\u011finin sorulmas\u0131 \u00fczerine K\u0131l\u0131\u00e7daro\u011flu, \u201cSavc\u0131lar zaten harekete ge\u00e7mi\u015flerdi, umar\u0131m de\u011ferlendirirler. Yani g\u00f6r\u00fc\u015fmeler medyaya yans\u0131d\u0131\u011f\u0131 s\u0131rada zaten savc\u0131l\u0131kta harekete ge\u00e7mi\u015fti\u201d dedi.<\/p>\n<p style=\"text-align: justify;\">K\u0131l\u0131\u00e7darolu, \u201cMalatya\u2019ya kurulacak f\u00fcze kalkan\u0131n\u0131 korumak i\u00e7in Akdeniz\u2019e bir geminin konu\u015flanaca\u011f\u0131 s\u00f6yleniyor. B\u00f6yle bir ortamda geminin gelmesi nas\u0131l bir etki yapar?\u201d sorusuna da \u201cRadar\u0131n varl\u0131k nedeni, \u0130ran\u2019dan bir f\u00fczeyi an\u0131nda tespit etmek ve bir ba\u015fka f\u00fczeyle onu kar\u015f\u0131lamak, yok etmek. Onu sa\u011flayacak da gemilerde yer alan f\u00fczeler olacak. Dolay\u0131s\u0131yla onlar da Do\u011fu Akdeniz\u2019de gezecekler. Yani o i\u015fin bir par\u00e7as\u0131 asl\u0131nda. Ama Do\u011fu Akdeniz\u2019de bir s\u0131cak hava var. T\u00fcrkiye\u2019nin haklar\u0131 gaspediliyor, bu konuda h\u00fck\u00fcmetin duyarl\u0131l\u0131\u011f\u0131 s\u00fcrd\u00fc\u011f\u00fc s\u00fcrece biz bu duyarl\u0131l\u0131klar\u0131 destekleyece\u011fiz\u201d yan\u0131t\u0131n\u0131 verdi.<\/p>\n<p style=\"text-align: justify;\">Ba\u015fka bir soru \u00fczerine G\u00fcney K\u0131br\u0131s Rum Kesimi\u2019nin Do\u011fu Akdeniz\u2019de do\u011falgaz arama \u00e7al\u0131\u015fmalar\u0131na ba\u015flamas\u0131n\u0131n ard\u0131ndan H\u00fck\u00fcmet\u2019ten gelen a\u00e7\u0131klamalar\u0131 de\u011ferlendiren K\u0131l\u0131\u00e7daro\u011flu, \u201cBizim o b\u00f6lgede haklar\u0131m\u0131z var. Londra ve Z\u00fcrih anla\u015fmalar\u0131na dayan\u0131yor haklar\u0131m\u0131z. Dolay\u0131s\u0131yla o haklar\u0131m\u0131z\u0131n korunmas\u0131 laz\u0131m. Bu konuda yap\u0131lacak b\u00fct\u00fcn giri\u015fimleri destekleyece\u011fiz\u201d dedi.<\/p>\n<p style=\"text-align: justify;\">K\u0131l\u0131\u00e7daro\u011flu, yeni anayasa konusunda AKP\u2019den gelecek randevu talebine olumlu yan\u0131t vereceklerini bildirdi.<\/p>\n<p style=\"text-align: justify;\"><a href=\"http:\/\/www.radikal.com.tr\/Radikal.aspx?aType=RadikalAnasayfa\" target=\"_blank\">Kaynak : Radikal.com.tr<\/a><\/p>\n","protected":false},"excerpt":{"rendered":"<p style=\"text-align: center;\">\n<p style=\"text-align: justify;\">CHP Genel Ba\u015fkan\u0131 Kemal K\u0131l\u0131\u00e7daro\u011flu, M\u0130T M\u00fcste\u015far\u0131 Hakan Fidan&#8217;\u0131n Ba\u015fbakanl\u0131k M\u00fcste\u015far Yard\u0131mc\u0131s\u0131 oldu\u011fu d\u00f6nemde, d\u00f6nemin M\u0130T M\u00fcste\u015far Yard\u0131mc\u0131s\u0131 Afet G\u00fcne\u015f ile PKK y\u00f6neticileri aras\u0131nda yap\u0131lan g\u00f6r\u00fc\u015fmeyi &#8220;M\u0130T-PKK g\u00f6r\u00fc\u015fmesi&#8221; de\u011fil, &#8220;Ba\u015fbakan&#8217;la PKK g\u00f6r\u00fc\u015fmesi&#8221; olarak nitelendirdi.<\/p>\n","protected":false},"author":1,"featured_media":0,"comment_status":"open","ping_status":"open","sticky":false,"template":"","format":"standard","meta":{"footnotes":""},"categories":[105],"tags":[],"class_list":["post-40008","post","type-post","status-publish","format-standard","hentry","category-gundem","odd"],"_links":{"self":[{"href":"http:\/\/www.korhanyilmaz.com\/index.php?rest_route=\/wp\/v2\/posts\/40008","targetHints":{"allow":["GET"]}}],"collection":[{"href":"http:\/\/www.korhanyilmaz.com\/index.php?rest_route=\/wp\/v2\/posts"}],"about":[{"href":"http:\/\/www.korhanyilmaz.com\/index.php?rest_route=\/wp\/v2\/types\/post"}],"author":[{"embeddable":true,"href":"http:\/\/www.korhanyilmaz.com\/index.php?rest_route=\/wp\/v2\/users\/1"}],"replies":[{"embeddable":true,"href":"http:\/\/www.korhanyilmaz.com\/index.php?rest_route=%2Fwp%2Fv2%2Fcomments&post=40008"}],"version-history":[{"count":0,"href":"http:\/\/www.korhanyilmaz.com\/index.php?rest_route=\/wp\/v2\/posts\/40008\/revisions"}],"wp:attachment":[{"href":"http:\/\/www.korhanyilmaz.com\/index.php?rest_route=%2Fwp%2Fv2%2Fmedia&parent=40008"}],"wp:term":[{"taxonomy":"category","embeddable":true,"href":"http:\/\/www.korhanyilmaz.com\/index.php?rest_route=%2Fwp%2Fv2%2Fcategories&post=40008"},{"taxonomy":"post_tag","embeddable":true,"href":"http:\/\/www.korhanyilmaz.com\/index.php?rest_route=%2Fwp%2Fv2%2Ftags&post=40008"}],"curies":[{"name":"wp","href":"https:\/\/api.w.org\/{rel}","templated":true}]}}