{"id":40002,"date":"2011-09-20T15:02:29","date_gmt":"2011-09-20T12:02:29","guid":{"rendered":"http:\/\/www.korhanyilmaz.com\/?p=40002"},"modified":"2011-09-20T22:20:58","modified_gmt":"2011-09-20T19:20:58","slug":"ergenekon-hakimleri-akpye-kapatma-davasini-yuruten-savcilari-ariyor","status":"publish","type":"post","link":"http:\/\/www.korhanyilmaz.com\/?p=40002","title":{"rendered":"Ergenekon hakimleri, AKP&#8217;ye kapatma davas\u0131n\u0131 y\u00fcr\u00fcten savc\u0131lar\u0131 ar\u0131yor"},"content":{"rendered":"<div id=\"attachment_40003\" style=\"width: 330px\" class=\"wp-caption aligncenter\"><a href=\"http:\/\/www.korhanyilmaz.com\/wp-content\/uploads\/2011\/09\/5108.jpg\"  class=\"lightview\"><img loading=\"lazy\" decoding=\"async\" aria-describedby=\"caption-attachment-40003\" class=\" wp-image-40003 \" src=\"http:\/\/www.korhanyilmaz.com\/wp-content\/uploads\/2011\/09\/5108.jpg\" alt=\"\" width=\"320\" height=\"221\" \/><\/a><p id=\"caption-attachment-40003\" class=\"wp-caption-text\">D\u00f6nemin Yarg\u0131tay Cumhuriyet Ba\u015fsavc\u0131s\u0131 Abdurrahman Yal\u00e7\u0131nkaya<\/p><\/div>\n<p style=\"text-align: justify;\">\u0130kinci &#8220;Ergenekon&#8221; davas\u0131na bakan \u0130stanbul 13. A\u011f\u0131r Ceza Mahkemesi heyeti, AK Parti&#8217;ye ili\u015fkin Anayasa Mahkemesinde a\u00e7\u0131lan parti kapatma davas\u0131yla ilgili olarak Yarg\u0131tay Cumhuriyet Ba\u015fsavc\u0131l\u0131\u011f\u0131nca yap\u0131lan soru\u015fturmada g\u00f6rev alan savc\u0131lar\u0131n\u0131n kimler oldu\u011funun bildirilmesine karar verdi.<\/p>\n<p style=\"text-align: justify;\">\u0130STANBUL &#8211; Mahkeme heyeti, san\u0131k ve avukatlar\u0131n taleplerini celse aras\u0131nda de\u011ferlendirerek karara ba\u011flad\u0131.\u00a0<!--more--><\/p>\n<p style=\"text-align: justify;\">Buna g\u00f6re mahkeme heyeti, tutuklu san\u0131klardan Fatma Cengiz&#8217;in ifadesinde belirtti\u011fi ve M\u0130T mensubu oldu\u011funu s\u00f6yledi\u011fi ki\u015fi veya ki\u015filer hakk\u0131nda bir i\u015flem yap\u0131l\u0131p yap\u0131lmad\u0131\u011f\u0131n\u0131n M\u0130T M\u00fcste\u015farl\u0131\u011f\u0131ndan sorulmas\u0131n\u0131 kararla\u015ft\u0131rd\u0131.<\/p>\n<p style=\"text-align: justify;\">Tutuklu san\u0131k \u0130n\u00f6n\u00fc \u00dcniversitesi eski Rekt\u00f6r\u00fc Fatih Hilmio\u011flu&#8217;nun talebini kabul ederek Jandarma Genel Komutanl\u0131\u011f\u0131na yaz\u0131 yaz\u0131lmas\u0131na karar veren mahkeme heyeti, 19 Eyl\u00fcl 2003 tarihinde Jandarma Genel Komutanl\u0131\u011f\u0131 sosyal tesislerinde rekt\u00f6rlerle g\u00f6r\u00fc\u015fen ve d\u00fczenlenen yeme\u011fe kat\u0131lan general ve subaylar\u0131n kimlik ve adreslerinin tespit edilerek bildirilmesini istedi.<\/p>\n<p style=\"text-align: justify;\">\u0130stanbul Cumhuriyet Ba\u015fsavc\u0131 Vekilli\u011fine yaz\u0131 yaz\u0131larak \u201cBalyoz Darbe Plan\u0131\u201d davas\u0131 ad\u0131 verilen soru\u015fturman\u0131n gizli olup olmad\u0131\u011f\u0131n\u0131n sorulmas\u0131na h\u00fckmeden mahkeme heyeti, soru\u015fturma kapsam\u0131nda ifadesi al\u0131narak tutuklanan Kurmay Albay Murat \u00dcnl\u00fc&#8217;den ele ge\u00e7irildi\u011fi iddia edilen kay\u0131t ve belgelerin de onayl\u0131 suretlerinin istenmesini karara ba\u011flad\u0131.<\/p>\n<p style=\"text-align: justify;\">Mahkeme heyeti, kamuoyunda \u201c\u0130nternet And\u0131c\u0131\u201d davas\u0131 olarak bilinen \u201cKamuoyunu y\u00f6nlendirme ama\u00e7l\u0131 internet siteleri\u201d davas\u0131ndaki san\u0131klar emekli Orgeneral Hasan I\u011fs\u0131z, T\u00fcmgeneral H\u0131fz\u0131 \u00c7ubuklu, emekli Albay Dursun \u00c7i\u00e7ek, sivil memur B\u00fclent Sar\u0131kahya&#8217;n\u0131n onayl\u0131 ifade \u00f6rneklerinin getirtilerek dosyaya konulmas\u0131na h\u00fckmetti.<\/p>\n<p style=\"text-align: justify;\">\u0130ddianame ve belgelerde ad\u0131 ge\u00e7en, \u0130brahim \u015eahin ve irtibatl\u0131 oldu\u011fu san\u0131klar\u0131n mesajla\u015fmalar\u0131nda yer alan \u201cMatilda Sansaryan\u201d adl\u0131 kad\u0131n hakk\u0131nda bir bilgi olup olmad\u0131\u011f\u0131n\u0131 M\u0130T, Genelkurmay Ba\u015fkanl\u0131\u011f\u0131, Jandarma Genel Komutanl\u0131\u011f\u0131, Emniyet Genel M\u00fcd\u00fcrl\u00fc\u011f\u00fcnden sorulmas\u0131n\u0131 kararla\u015ft\u0131ran mahkeme heyeti, bu kad\u0131nla ilgili bir ihbar yap\u0131l\u0131p yap\u0131lmad\u0131\u011f\u0131n\u0131n da bildirilmesini istedi.<\/p>\n<p style=\"text-align: justify;\">Yarg\u0131tay Cumhuriyet Ba\u015fsavc\u0131l\u0131\u011f\u0131na yaz\u0131 yaz\u0131lmas\u0131n\u0131 kararla\u015ft\u0131ran mahkeme heyeti, AK Parti&#8217;ye ili\u015fkin Anayasa Mahkemesine a\u00e7\u0131lan kapatma davas\u0131yla ilgili olarak Yarg\u0131tay Cumhuriyet Ba\u015fsavc\u0131l\u0131\u011f\u0131nca yap\u0131lan soru\u015fturmada g\u00f6rev alan Yarg\u0131tay Cumhuriyet Savc\u0131lar\u0131n\u0131n kimler oldu\u011fu, soru\u015fturman\u0131n hangi a\u015famas\u0131nda soru\u015fturmaya kat\u0131ld\u0131klar\u0131n\u0131n ayr\u0131nt\u0131l\u0131 olarak sorulmas\u0131n\u0131 h\u00fckme ba\u011flad\u0131.<\/p>\n<p style=\"text-align: justify;\">Bu arada, daha \u00f6nceden mahkemenin talebi \u00fczerine, AK Parti&#8217;nin kapat\u0131lmas\u0131na ili\u015fkin dava dosyas\u0131n\u0131n bir \u00f6rne\u011fi Anayasa Mahkemesince mahkemeye g\u00f6nderilmi\u015fti.<\/p>\n<p style=\"text-align: justify;\"><a href=\"http:\/\/www.radikal.com.tr\/Radikal.aspx?aType=RadikalDetayV3&amp;ArticleID=1063909&amp;Date=20.09.2011&amp;CategoryID=77\" target=\"_blank\">Kaynak : Radikal.com.tr<\/a><\/p>\n","protected":false},"excerpt":{"rendered":"<p id=\"caption-attachment-40003\" class=\"wp-caption-text\">D\u00f6nemin Yarg\u0131tay Cumhuriyet Ba\u015fsavc\u0131s\u0131 Abdurrahman Yal\u00e7\u0131nkaya<\/p>\n<p style=\"text-align: justify;\">\u0130kinci &#8220;Ergenekon&#8221; davas\u0131na bakan \u0130stanbul 13. A\u011f\u0131r Ceza Mahkemesi heyeti, AK Parti&#8217;ye ili\u015fkin Anayasa Mahkemesinde a\u00e7\u0131lan parti kapatma davas\u0131yla ilgili olarak Yarg\u0131tay Cumhuriyet Ba\u015fsavc\u0131l\u0131\u011f\u0131nca yap\u0131lan soru\u015fturmada g\u00f6rev alan savc\u0131lar\u0131n\u0131n kimler oldu\u011funun bildirilmesine karar verdi.<\/p>\n<p style=\"text-align: justify;\">\u0130STANBUL &#8211; Mahkeme heyeti, san\u0131k ve avukatlar\u0131n taleplerini celse <\/p>\n","protected":false},"author":1,"featured_media":0,"comment_status":"open","ping_status":"open","sticky":false,"template":"","format":"standard","meta":{"footnotes":""},"categories":[105],"tags":[],"class_list":["post-40002","post","type-post","status-publish","format-standard","hentry","category-gundem","odd"],"_links":{"self":[{"href":"http:\/\/www.korhanyilmaz.com\/index.php?rest_route=\/wp\/v2\/posts\/40002","targetHints":{"allow":["GET"]}}],"collection":[{"href":"http:\/\/www.korhanyilmaz.com\/index.php?rest_route=\/wp\/v2\/posts"}],"about":[{"href":"http:\/\/www.korhanyilmaz.com\/index.php?rest_route=\/wp\/v2\/types\/post"}],"author":[{"embeddable":true,"href":"http:\/\/www.korhanyilmaz.com\/index.php?rest_route=\/wp\/v2\/users\/1"}],"replies":[{"embeddable":true,"href":"http:\/\/www.korhanyilmaz.com\/index.php?rest_route=%2Fwp%2Fv2%2Fcomments&post=40002"}],"version-history":[{"count":0,"href":"http:\/\/www.korhanyilmaz.com\/index.php?rest_route=\/wp\/v2\/posts\/40002\/revisions"}],"wp:attachment":[{"href":"http:\/\/www.korhanyilmaz.com\/index.php?rest_route=%2Fwp%2Fv2%2Fmedia&parent=40002"}],"wp:term":[{"taxonomy":"category","embeddable":true,"href":"http:\/\/www.korhanyilmaz.com\/index.php?rest_route=%2Fwp%2Fv2%2Fcategories&post=40002"},{"taxonomy":"post_tag","embeddable":true,"href":"http:\/\/www.korhanyilmaz.com\/index.php?rest_route=%2Fwp%2Fv2%2Ftags&post=40002"}],"curies":[{"name":"wp","href":"https:\/\/api.w.org\/{rel}","templated":true}]}}