{"id":39994,"date":"2011-09-20T17:32:14","date_gmt":"2011-09-20T14:32:14","guid":{"rendered":"http:\/\/www.korhanyilmaz.com\/?p=39994"},"modified":"2011-09-20T18:26:28","modified_gmt":"2011-09-20T15:26:28","slug":"basbakan-erdogan-olayla-ilgili-teror-bilgisi-yok","status":"publish","type":"post","link":"http:\/\/www.korhanyilmaz.com\/?p=39994","title":{"rendered":"Ba\u015fbakan Erdo\u011fan: Olayla ilgili ter\u00f6r bilgisi yok"},"content":{"rendered":"<p style=\"text-align: center;\"><a href=\"http:\/\/www.korhanyilmaz.com\/wp-content\/uploads\/2011\/09\/5107.jpg\"  class=\"lightview\"><img loading=\"lazy\" decoding=\"async\" class=\"aligncenter  wp-image-39995\" src=\"http:\/\/www.korhanyilmaz.com\/wp-content\/uploads\/2011\/09\/5107.jpg\" alt=\"\" width=\"360\" height=\"240\" \/><\/a><\/p>\n<p style=\"text-align: justify;\">Ba\u015fbakan Recep Tayyip Erdo\u011fan Ankara&#8217;da meydana gelen patlamaya ili\u015fkin, &#8220;Olay\u0131n bir ter\u00f6r sald\u0131r\u0131s\u0131 oldu\u011fu y\u00f6n\u00fcnde bir bilgi yok. Olayla ilgili kesin bilgiler geldikten sonra bunu sizinle payla\u015faca\u011f\u0131z&#8221; dedi.<\/p>\n<p style=\"text-align: justify;\">Ba\u015fbakan Erdo\u011fan, BM&#8217;nin 66. Genel Kurul toplant\u0131lar\u0131na kat\u0131lmak \u00fczere geldi\u011fi New York&#8217;ta konaklad\u0131\u011f\u0131 Peninsula Oteli&#8217;nden ayr\u0131l\u0131rken bas\u0131n mensuplar\u0131n\u0131n sorular\u0131n\u0131 yan\u0131tlad\u0131.<!--more--><\/p>\n<p style=\"text-align: justify;\">Erdo\u011fan, Cumhuriyet Ba\u015fsavc\u0131s\u0131 ve Emniyet yetkililerinin olay\u0131n bir ter\u00f6r sald\u0131r\u0131s\u0131 oldu\u011fu t\u00f6n\u00fcndeki tespitlerinin aksine, Ankara&#8217;da meydana gelen patlamayla ilgili soruya, \u201cOlay\u0131n bir ter\u00f6r sald\u0131r\u0131s\u0131 oldu\u011fu y\u00f6n\u00fcnde bir bilgi yok. Olayla ilgili kesin bilgiler geldikten sonra bunu sizinle payla\u015faca\u011f\u0131z\u201d yan\u0131t\u0131n\u0131 verdi.<\/p>\n<p style=\"text-align: justify;\">Ba\u015fbakan Erdo\u011fan, bir gazetecinin, ABD Ba\u015fkan\u0131 Barack Obama ile bug\u00fcn yapaca\u011f\u0131 g\u00f6r\u00fc\u015fmede bu konular\u0131n g\u00fcndeme gelip gelmeyece\u011fine y\u00f6n\u00fcndeki soru \u00fczerine, \u201cOlabilir, bakaca\u011f\u0131z\u201d dedi.<\/p>\n<p style=\"text-align: justify;\"><a href=\"http:\/\/www.radikal.com.tr\/Radikal.aspx?aType=RadikalDetayV3&amp;ArticleID=1063919&amp;Date=20.09.2011&amp;CategoryID=77\" target=\"_blank\">Kaynak : Radikal.com.tr<\/a><\/p>\n","protected":false},"excerpt":{"rendered":"<p style=\"text-align: center;\">\n<p style=\"text-align: justify;\">Ba\u015fbakan Recep Tayyip Erdo\u011fan Ankara&#8217;da meydana gelen patlamaya ili\u015fkin, &#8220;Olay\u0131n bir ter\u00f6r sald\u0131r\u0131s\u0131 oldu\u011fu y\u00f6n\u00fcnde bir bilgi yok. Olayla ilgili kesin bilgiler geldikten sonra bunu sizinle payla\u015faca\u011f\u0131z&#8221; dedi.<\/p>\n<p style=\"text-align: justify;\">Ba\u015fbakan Erdo\u011fan, BM&#8217;nin 66. Genel Kurul toplant\u0131lar\u0131na kat\u0131lmak \u00fczere geldi\u011fi New York&#8217;ta konaklad\u0131\u011f\u0131 Peninsula Oteli&#8217;nden ayr\u0131l\u0131rken bas\u0131n mensuplar\u0131n\u0131n sorular\u0131n\u0131 yan\u0131tlad\u0131.<\/p>\n","protected":false},"author":1,"featured_media":0,"comment_status":"open","ping_status":"open","sticky":false,"template":"","format":"standard","meta":{"footnotes":""},"categories":[105],"tags":[],"class_list":["post-39994","post","type-post","status-publish","format-standard","hentry","category-gundem","odd"],"_links":{"self":[{"href":"http:\/\/www.korhanyilmaz.com\/index.php?rest_route=\/wp\/v2\/posts\/39994","targetHints":{"allow":["GET"]}}],"collection":[{"href":"http:\/\/www.korhanyilmaz.com\/index.php?rest_route=\/wp\/v2\/posts"}],"about":[{"href":"http:\/\/www.korhanyilmaz.com\/index.php?rest_route=\/wp\/v2\/types\/post"}],"author":[{"embeddable":true,"href":"http:\/\/www.korhanyilmaz.com\/index.php?rest_route=\/wp\/v2\/users\/1"}],"replies":[{"embeddable":true,"href":"http:\/\/www.korhanyilmaz.com\/index.php?rest_route=%2Fwp%2Fv2%2Fcomments&post=39994"}],"version-history":[{"count":0,"href":"http:\/\/www.korhanyilmaz.com\/index.php?rest_route=\/wp\/v2\/posts\/39994\/revisions"}],"wp:attachment":[{"href":"http:\/\/www.korhanyilmaz.com\/index.php?rest_route=%2Fwp%2Fv2%2Fmedia&parent=39994"}],"wp:term":[{"taxonomy":"category","embeddable":true,"href":"http:\/\/www.korhanyilmaz.com\/index.php?rest_route=%2Fwp%2Fv2%2Fcategories&post=39994"},{"taxonomy":"post_tag","embeddable":true,"href":"http:\/\/www.korhanyilmaz.com\/index.php?rest_route=%2Fwp%2Fv2%2Ftags&post=39994"}],"curies":[{"name":"wp","href":"https:\/\/api.w.org\/{rel}","templated":true}]}}