{"id":39991,"date":"2011-09-20T11:18:26","date_gmt":"2011-09-20T08:18:26","guid":{"rendered":"http:\/\/www.korhanyilmaz.com\/?p=39991"},"modified":"2011-09-20T18:18:16","modified_gmt":"2011-09-20T15:18:16","slug":"ankara-kizilayda-patlama","status":"publish","type":"post","link":"http:\/\/www.korhanyilmaz.com\/?p=39991","title":{"rendered":"Ankara K\u0131z\u0131lay&#8217;da patlama"},"content":{"rendered":"<p style=\"text-align: center;\"><a href=\"http:\/\/www.korhanyilmaz.com\/wp-content\/uploads\/2011\/09\/5106.jpg\"  class=\"lightview\"><img loading=\"lazy\" decoding=\"async\" class=\"aligncenter  wp-image-39992\" src=\"http:\/\/www.korhanyilmaz.com\/wp-content\/uploads\/2011\/09\/5106.jpg\" alt=\"\" width=\"382\" height=\"188\" \/><\/a><\/p>\n<p style=\"text-align: justify;\">Ankara&#8217;n\u0131n K\u0131z\u0131lay semtinde park halindeki ara\u00e7ta \u015fiddetli bir patlama meydana geldi. Patlamada 3 ki\u015finin \u00f6ld\u00fc\u011f\u00fc, 15 ki\u015finin de yaraland\u0131\u011f\u0131 belirtildi. Ankara Cumhuriyet Ba\u015fsavc\u0131l\u0131\u011f\u0131 olay\u0131n ter\u00f6r sald\u0131r\u0131s\u0131 oldu\u011funu duyurdu.<\/p>\n<p style=\"text-align: justify;\">Ankara Cumhuriyet Ba\u015fsavc\u0131l\u0131\u011f\u0131, Ankara&#8217;da bug\u00fcn meydana gelen patlaman\u0131n, ter\u00f6r eylemi olarak de\u011ferlendirildi\u011fini bildirdi. Ankara Cumhuriyet Ba\u015fsavc\u0131l\u0131\u011f\u0131, konuyla ilgili olarak yaz\u0131l\u0131 a\u00e7\u0131klama yapt\u0131. A\u00e7\u0131klamada \u015funlar kaydedildi:\u00a0<!--more--><\/p>\n<p style=\"text-align: justify;\">\u201cBug\u00fcn saat 11.00-11.30 sular\u0131nda Ankara ili \u00c7ankaya il\u00e7esi Kumrular Caddesi \u00fczerinde bir ara\u00e7 i\u00e7erisine yerle\u015ftirilen par\u00e7a tesirli bir bomban\u0131n patlat\u0131lmas\u0131 sonucu hen\u00fcz kimlikleri tespit edilemeyen birisi bayan 3 vatanda\u015f\u0131m\u0131z hayat\u0131n\u0131 kaybetmi\u015f, 3&#8217;\u00fc a\u011f\u0131r toplam 34 vatanda\u015f\u0131m\u0131z yaralanm\u0131\u015ft\u0131r. Patlaman\u0131n etkisiyle \u00e7evrede bulunan ara\u00e7 ve binalar zarar g\u00f6rm\u00fc\u015ft\u00fcr.<\/p>\n<p style=\"text-align: justify;\">Ara\u00e7 ve yaya trafi\u011finin yo\u011fun olarak ya\u015fand\u0131\u011f\u0131 bir b\u00f6lgede par\u00e7a tesirli bir bomban\u0131n patlat\u0131lmas\u0131 suretiyle b\u00fcy\u00fck can ve mal kayb\u0131na neden olacak bir eylemin yap\u0131lmas\u0131, ter\u00f6r eylemi olarak de\u011ferlendirilmi\u015ftir.\u201d<\/p>\n<p style=\"text-align: justify;\">A\u00e7\u0131klamada, Cumhuriyet Ba\u015fsavc\u0131l\u0131\u011f\u0131nca soru\u015fturmaya ba\u015fland\u0131\u011f\u0131, soru\u015fturman\u0131n CMK&#8217;n\u0131n 250. maddesi kapsam\u0131nda g\u00f6revli Cumhuriyet Ba\u015fsavc\u0131vekilli\u011fince y\u00fcr\u00fct\u00fcld\u00fc\u011f\u00fc belirtildi.<\/p>\n<p style=\"text-align: justify;\"><strong>BAKANDAN TER\u00d6R A\u00c7IKLAMASI<\/strong><\/p>\n<p style=\"text-align: justify;\">\u0130\u00e7i\u015fleri Bakan\u0131 \u0130dris Naim \u015eahin Kumrular Sokak\u2019ta ya\u015fanan patlaman\u0131n b\u00fcy\u00fck ihtimalle bir ter\u00f6r sald\u0131r\u0131s\u0131 oldu\u011funu, 06 BS 099 plakal\u0131, 13 Eyl\u00fcl\u2019de noter devri yap\u0131lmadan sat\u0131lm\u0131\u015f bir ara\u00e7tan meydana geldi\u011fini kaydetti. \u015eahin 3 ki\u015finin hayat\u0131n\u0131 kaybetti\u011fi sald\u0131r\u0131y\u0131 \u201ck\u0131nad\u0131klar\u0131n\u0131\u201d s\u00f6yledi.<\/p>\n<p style=\"text-align: justify;\">Patlaman\u0131n \u00fczerinden 4 saat ge\u00e7tikten sonra ilk resmi a\u00e7\u0131klamay\u0131 yapan \u0130\u00e7i\u015fleri Bakan\u0131 \u0130dris Naim \u015eahin olay\u0131n ilk bulgular\u0131n\u0131 a\u00e7\u0131klad\u0131. Patlaman\u0131n ard\u0131ndan 5 dakika i\u00e7erisinde polisin ve itfaiyenin olay yerine intikal etti\u011fini ve incelemelerin devam etti\u011fini belirten \u015eahin, \u201cPatlaman\u0131n ilk belirlemelere g\u00f6re orada park eden ara\u00e7lardan 06 BS 099 plakal\u0131 Laguna marka bir ara\u00e7ta \u015fiddetli bir \u015fekilde meydana geldi\u011fi di\u011fer ara\u00e7larda da yak\u0131t cinsinin LPG olmas\u0131na ba\u011fl\u0131 olarak t\u00fcpl\u00fc olmas\u0131 nedeniyle di\u011fer ara\u00e7larda da patlamalar meydana geldi\u201d diye konu\u015ftu. Bakan \u015eahin s\u00f6z konusu ara\u00e7la ilgili olarak \u201cBu ara\u00e7 da LGP\u2019li ilk bilgilere g\u00f6re. Ara\u00e7 13 Eyl\u00fcl\u2019de devri al\u0131nmadan sat\u0131n al\u0131nm\u0131\u015f, paras\u0131 verilerek sat\u0131n al\u0131nm\u0131\u015f bir ara\u00e7. Ama hen\u00fcz Noter devri yap\u0131lamam\u0131\u015f\u201d bilgisini verdi.<\/p>\n<p style=\"text-align: justify;\"><strong>5&#8217;\u0130 A\u011eIR 15 K\u0130\u015e\u0130 YARALI<\/strong><\/p>\n<p style=\"text-align: justify;\">Olay\u0131n ard\u0131ndan 15 vatanda\u015f\u0131n yaraland\u0131\u011f\u0131n\u0131 ve 5 vatanda\u015f\u0131n durumunun ciddiyet arz etti\u011fini belirten \u015eahin, yaral\u0131 vatanda\u015flar\u0131n tedavilerinin devam etti\u011fini s\u00f6yledi. \u015eahin olay yerine Ankara Cumhuriyet Ba\u015fsavc\u0131s\u0131\u2019n\u0131n da intikal etti\u011fini belirterek, \u201cOnlar incelemelerini yap\u0131yorlar. Olay yeri kendilerine terk edildi. Yapt\u0131klar\u0131 incelemede bina i\u00e7i incelemede sokakta ve caddede can kayb\u0131 daha do\u011frusu bir kayb\u0131m\u0131z kay\u0131p vatanda\u015f\u0131m\u0131z yoktu. Ancak binalar\u0131n i\u00e7inde yapt\u0131klar\u0131 incelemelerde aramalarda adli makamlar\u0131n yani Ankara Savc\u0131l\u0131\u011f\u0131n\u0131n, intikal eden \u00f6n bilgilere g\u00f6re 3 adet maalesef vatanda\u015f\u0131m\u0131z\u0131n patlamadan dolay\u0131 can kayb\u0131na maruz kald\u0131\u011f\u0131 bilgisi var elimizde\u201d diye konu\u015ftu.<\/p>\n<p style=\"text-align: justify;\"><strong>&#8216;TER\u00d6R SALDIRISI&#8217;<\/strong><\/p>\n<p style=\"text-align: justify;\">\u015eahin Almanya\u2019dan Cumhurba\u015fkan\u0131 Abdullah ter\u00f6r\u00fc lanetleyen ifadelerle sald\u0131r\u0131y\u0131 k\u0131namas\u0131 konusunda da \u201cson derece yerinde bir tepkidir\u201d de\u011ferlendirmesini yapt\u0131. Bunun bir ter\u00f6r sald\u0131r\u0131s\u0131 oldu\u011fu konusunda \u00e7al\u0131\u015fmalar\u0131n netlik kazand\u0131\u011f\u0131na i\u015faret eden \u015eahin, \u201cTer\u00f6r sald\u0131r\u0131s\u0131 olma ihtimali y\u00fcksek ama ayr\u0131ca g\u00f6rg\u00fc tan\u0131klar\u0131n\u0131n bir ifadesi var. Elinde t\u00fcple d\u0131\u015far\u0131ya \u00e7\u0131kan bir \u015fah\u0131stan bahsediliyor. Onun \u00fczerinde de duruluyor \u015fu anda. ,e\u011fer o olas\u0131l\u0131k ki zay\u0131f bir olas\u0131l\u0131k gibi g\u00f6z\u00fck\u00fcyor. T\u00fcketilirse o zaman ter\u00f6r olay\u0131 \u015feklide kendini g\u00f6steriyor bu sald\u0131r\u0131\u201d dedi.<\/p>\n<p style=\"text-align: justify;\"><strong>&#8216;ONLAR \u0130\u00c7\u0130N BEBEK, YA\u015eLI AYRIMI YOK&#8217;<\/strong><\/p>\n<p style=\"text-align: justify;\">Sald\u0131rganlar\u0131n hedefinin belirlenip belirlenmedi\u011finin sorulmas\u0131 \u00fczerine ise Bakan \u015eahin \u015funlar\u0131 s\u00f6yledi:<\/p>\n<p style=\"text-align: justify;\">\u201cHedefi tabi eylemi yapan en iyi bilir. Ama bu eylemi yapanlar\u0131n hedefini ancak \u015fimdilik tahmin edebiliyoruz. Kamera kay\u0131tlar\u0131 inceleniyor. Hen\u00fcz sonu\u00e7lanmad\u0131 incelemelerin sonucuna ula\u015f\u0131lamad\u0131. Onlar takip ediliyor. Hedef g\u00f6zetmeden yap\u0131lan bir hedeftir. Ter\u00f6r\u00fcn ki ter\u00f6r sald\u0131r\u0131s\u0131 onun i\u00e7in herkes hedef. Onlar i\u00e7in bebek, ya\u015fl\u0131, polis, vatanda\u015f ayr\u0131m\u0131 yok. Onlar i\u00e7in bir yerde T\u00fcrk milletinin tamam\u0131 hedef. T\u00fcrkiye hedef. \u00c7al\u0131\u015fma olay\u0131n ayd\u0131nlat\u0131lmas\u0131na y\u00f6nelik y\u00fcr\u00fct\u00fcl\u00fcyor. \u015eimdi olay\u0131n oldu\u011fu yer neticede Kumrular caddesi \u00fczeri. Ara\u00e7 park\u0131n\u0131n \u00e7ok yo\u011fun oldu\u011fu bir yer. \u0130nsan hareketinin de yine yo\u011fun oldu\u011fu bir yer. Patlama ile daha \u00e7ok insana zarar verme hedefinin g\u00f6zetildi\u011fi g\u00f6z\u00fck\u00fcyor. Onun d\u0131\u015f\u0131nda ba\u015fka bir ama\u00e7 d\u00fc\u015f\u00fcn\u00fclm\u00fcyor.&#8221;<\/p>\n<p style=\"text-align: justify;\"><strong>\u0130ST\u0130HBARAT B\u0130R\u0130MLER\u0130 UYARMI\u015eTI<\/strong><\/p>\n<p style=\"text-align: justify;\">Emniyet Genel M\u00fcd\u00fcrl\u00fc\u011f\u00fc, son d\u00f6nemde PKK7ya y\u00f6nelik operasyonlar\u0131n artmas\u0131 \u00fczerine, ge\u00e7ti\u011fimiz hafta gizli bir genelgeyle il emniyet m\u00fcd\u00fcrl\u00fcklerini olas\u0131 sald\u0131r\u0131lara kar\u015f\u0131 uyarm\u0131\u015ft\u0131. Ter\u00f6r \u00f6rg\u00fct\u00fc PKK&#8217;n\u0131n b\u00fcy\u00fck kentlerde &#8220;ses getirecek&#8221; eylem haz\u0131rl\u0131\u011f\u0131nda oldu\u011fu ifade edilen gizli yaz\u0131da, \u00f6zellikle halk\u0131n yo\u011fun olarak bulundu\u011fu kent merkezlerinde \u015f\u00fcpheli ara\u00e7 ve ki\u015filer \u00fczerinde aramalar\u0131n yo\u011funla\u015ft\u0131r\u0131lmas\u0131 istendi.<\/p>\n<p style=\"text-align: justify;\">Emniyet Genel M\u00fcd\u00fcrl\u00fc\u011f\u00fc Ter\u00f6rle M\u00fccadele ve Harekat Daire Ba\u015fkanl\u0131\u011f\u0131 ve istihbarat birimlerince ay ba\u015f\u0131nda yap\u0131lan bilgilendirmede, &#8220;Ter\u00f6r \u00f6rg\u00fct\u00fcne y\u00f6nelik, s\u0131n\u0131rda ve s\u0131n\u0131r \u00f6tesinde yap\u0131lan operasyonlar&#8221; nedeniyle tedbir al\u0131nmas\u0131 istendi. 81 il emniyet m\u00fcd\u00fcrl\u00fc\u011f\u00fcne g\u00f6nderilen gizli uyar\u0131 yaz\u0131s\u0131nda, ter\u00f6r \u00f6rg\u00fct\u00fcn\u00fcn b\u00fcy\u00fck kay\u0131plar verdi\u011fi, bu nedenle &#8220;intikam&#8221; i\u00e7in \u00f6zellikle b\u00fcy\u00fck kentlerde bombal\u0131 sald\u0131r\u0131ya haz\u0131rland\u0131\u011f\u0131 y\u00f6n\u00fcnde istihbaratlar bulundu\u011funa dikkat \u00e7ekildi.<\/p>\n<p style=\"text-align: justify;\">B\u00f6l\u00fcc\u00fc ter\u00f6r \u00f6rg\u00fct\u00fcn\u00fcn daha \u00f6nce de kent merkezlerinde bombal\u0131 ara\u00e7 ve intihar sald\u0131r\u0131lar\u0131 ger\u00e7ekle\u015ftirdi\u011finin de hat\u0131rlat\u0131ld\u0131\u011f\u0131 yaz\u0131da, \u015f\u00fcpheli her ara\u00e7 ve ki\u015filerin bu y\u00f6nde incelenmesi istendi. Halk\u0131n yo\u011fun olarak bulundu\u011fu b\u00f6lgelerde, al\u0131\u015fveri\u015f merkezlerinde, kamu ve g\u00fcvenlik birimlerinin binalar\u0131nda giri\u015f \u00e7\u0131k\u0131\u015flar\u0131nda aramalara a\u011f\u0131rl\u0131k verilmesi istenen yaz\u0131da, elde edilen t\u00fcm istihbaratlar\u0131nda &#8220;ilgili amirlerle ivedi olarak payla\u015f\u0131lmas\u0131&#8221; istendi.<\/p>\n<p style=\"text-align: justify;\"><strong>BASINA TEPK\u0130 G\u00d6STERD\u0130<\/strong><\/p>\n<p style=\"text-align: justify;\">Patlaman\u0131n ard\u0131ndan Ter\u00f6rle M\u00fccadeleden Sorumlu Ba\u015fbakan Yard\u0131mc\u0131s\u0131 Be\u015fir Atalay ve Ankara Valisi Alaattin Y\u00fcksel de olay yerinde incelemeler yapt\u0131. Televizyonlar\u0131n bu s\u0131rada b\u00fcy\u00fck bir felaket senaryosu yaratt\u0131\u011f\u0131n\u0131 dile getiren Atalay, \u015funlar\u0131 kaydetti:<\/p>\n<p style=\"text-align: justify;\">\u201cDaha bende bile hi\u00e7bir bilgi yokken abart\u0131l\u0131 haberler veriliyordu. Kendi ellerinde de hi\u00e7bir bilgi yok. Bir patlama duyuldu geride dumanlar g\u00f6rd\u00fcler ama \u00f6yle senaryolar yazd\u0131lar ki&#8230; Felaket senaryolar\u0131 yazmada bizim bas\u0131n\u0131m\u0131z birebir ma\u015fallah&#8230; L\u00fctfen bunu yapmay\u0131n. Her \u00fclkede oldu\u011fu gibi \u00fclkemizde de zaman zaman kimi ter\u00f6r olaylar\u0131, kimi adi olaylar olabilir ama bunlar\u0131n daha esas\u0131n\u0131 \u00f6\u011frenmeden hi\u00e7bir bilgi gelmeden toplumda nas\u0131l duygulara sebep olabilece\u011fini tahmin edebilirsiniz. Biz bilgi vermekte gecikmedik ama daha hi\u00e7bir bilgiye ihtiya\u00e7 duymadan bu yorumlar yap\u0131l\u0131yor. Ben kendim geldim, gelmekte de acele etmedim, yan\u0131lt\u0131c\u0131 bilgi vermemek i\u00e7in. Ge\u00e7mi\u015f olsun in\u015fallah can kayb\u0131m\u0131z olmaz.\u201d<\/p>\n<p style=\"text-align: justify;\">Olay\u0131 hassasiyetle takip ettiklerini bildiren Atalay, \u201cOlayla ilgili b\u00fct\u00fcn yetkililerimiz \u00e7al\u0131\u015f\u0131yor. Olay\u0131n sebebi bizim i\u00e7in \u00e7ok \u00f6nemli onu da en k\u0131sa s\u00fcre i\u00e7erisinde in\u015fallah a\u00e7\u0131klar\u0131z\u201d dedi.<\/p>\n<p style=\"text-align: justify;\"><strong>TER\u00d6R SAVCISI OLAY YER\u0130NDE<\/strong><\/p>\n<p style=\"text-align: justify;\">Patlaman\u0131n etkisiyle Kumrular Caddesi&#8217;ndeki baz\u0131 binalarda da hasar meydana geldi. Patlamada yaralananlar\u0131n Numune E\u011fitim ve Ara\u015ft\u0131rma Hastanesi ile Atat\u00fcrk E\u011fitim ve Ara\u015ft\u0131rma Hastanesine sevk edildi\u011fi bildirildi. Olay\u0131n ard\u0131ndan Ankara Cumhuriyet Ba\u015fsavc\u0131s\u0131, ter\u00f6r soru\u015fturmalar\u0131n\u0131 y\u00fcr\u00fcten \u00f6zel yetkili savc\u0131 ile birlikte olay yerine geldi.<\/p>\n<p style=\"text-align: justify;\"><strong>B\u00dcLENT ARIN\u00c7: BOMBA TESP\u0130T ED\u0130LM\u0130\u015e<\/strong><\/p>\n<p style=\"text-align: justify;\">Ba\u015fbakan Yard\u0131mc\u0131s\u0131 B\u00fclent Ar\u0131n\u00e7, patlamayla ilgili yapt\u0131\u011f\u0131 a\u00e7\u0131klamada, \u201cBize patlama oldu diye bilgi geldi. Arac\u0131n i\u00e7inde bomba oldu\u011fu tespit edilmi\u015f\u201d dedi. Ar\u0131n\u00e7, yapt\u0131\u011f\u0131 a\u00e7\u0131klamada, Ankara&#8217;daki patlamaya ili\u015fkin konunun \u00f6n\u00fcne not olarak geldi\u011fini s\u00f6yledi. Ar\u0131n\u00e7, \u201cSan\u0131yorum Kumrular Sokak&#8217;ta, yani Ba\u015fbakanl\u0131\u011fa yak\u0131n bir yerde bir ara\u00e7ta patlama olmu\u015f ve bu patlamada a\u011f\u0131r yaral\u0131lar oldu\u011funu arkada\u015flar\u0131m bana haber veriyorlar\u201d dedi.<\/p>\n<p style=\"text-align: justify;\">Bir gazetecinin, \u201cOlay size ne olarak geldi\u201d sorusu \u00fczerine Ar\u0131n\u00e7, \u201cPatlama oldu diye geldi. Patlama sonucunda ara\u00e7 yanm\u0131\u015f, i\u00e7inde bomba oldu\u011fu tespit edilmi\u015f veya biliniyor. Be\u015fir Atalay, san\u0131yorum bu konuda daha a\u00e7\u0131klay\u0131c\u0131 bilgi verir\u201d diye konu\u015ftu.<\/p>\n<p style=\"text-align: justify;\"><strong>ANKARA VAL\u0130S\u0130: G\u00d6RG\u00dc TANI\u011eI &#8216;T\u00dcP&#8217; DED\u0130<\/strong><\/p>\n<p style=\"text-align: justify;\">B\u00f6lgede incelemelerde bulunan Ankara Valisi Alaattin Y\u00fcksel ise, &#8220;G\u00f6rg\u00fc tan\u0131\u011f\u0131 patlamaya t\u00fcp\u00fcn yol a\u00e7t\u0131\u011f\u0131n\u0131 s\u00f6yledi. Bomba ihbar\u0131 yap\u0131lmad\u0131. Ne \u00f6\u011frenirsek halk\u0131m\u0131za a\u00e7\u0131klayaca\u011f\u0131z&#8221; dedi.<\/p>\n<p style=\"text-align: justify;\">Vali Y\u00fcksel, \u015f\u00f6yle konu\u015ftu:<\/p>\n<p style=\"text-align: justify;\">\u201cOlay\u0131n niteli\u011fi hakk\u0131nda tam detayl\u0131 bilgi veremem. \u015eu anda Ankara Emniyet M\u00fcd\u00fcrl\u00fc\u011f\u00fcn\u00fcn b\u00fct\u00fcn teknik birimleri alanda \u00e7al\u0131\u015fma yap\u0131yor. Caddede g\u00f6rd\u00fc\u011f\u00fcn\u00fcz gibi \u00e7ok say\u0131da park eden ara\u00e7 var, altlar\u0131nda paketler, bir tak\u0131m \u00e7\u00f6p paketleri de var. K\u00f6pekler dahil b\u00fct\u00fcn teknik birimler onlar \u00fczerinde inceleme yap\u0131yor. \u015eu anda hemen hemen \u00e7al\u0131\u015fmalar b\u00fcy\u00fck \u00f6l\u00e7\u00fcde tamamlanmak \u00fczere. Cumhuriyet Savc\u0131l\u0131\u011f\u0131n\u0131n da biraz sonra konuyla alakal\u0131 olarak bir yaz\u0131l\u0131 a\u00e7\u0131klama yapaca\u011f\u0131n\u0131 Say\u0131n Ba\u015fsavc\u0131m\u0131z s\u00f6yledi.\u201d<\/p>\n<p style=\"text-align: justify;\">Y\u00fcksel, bir gazetecinin \u201c\u0130lk bulgular neyi i\u015faret ediyor?\u201d \u015feklindeki sorusunu yan\u0131tlarken, konu hakk\u0131nda yorum yapamayaca\u011f\u0131n\u0131 ifade etti. Y\u00fcksel, \u015f\u00f6yle devam etti:<\/p>\n<p style=\"text-align: justify;\">\u201cAncak olay mahallinde \u015fu anda di\u011fer teknik birimler g\u00f6rg\u00fc \u015fahitlerini de dinliyorlar. Bir g\u00f6rg\u00fc \u015fahidi, d\u00f6nerci ve telefoncu d\u00fckkan\u0131ndan yanan bir t\u00fcp\u00fcn d\u0131\u015far\u0131ya at\u0131ld\u0131\u011f\u0131n\u0131 ve oradaki bir arac\u0131n o t\u00fcple patlad\u0131\u011f\u0131n\u0131 ve di\u011ferlerinin de bu yang\u0131ndan, bu patlamadan zarar g\u00f6rd\u00fc\u011f\u00fcn\u00fc ifade ediyor. Ancak, Ankara Emniyet M\u00fcd\u00fcrl\u00fc\u011f\u00fc t\u00fcm ekipleriyle gerekli ara\u015ft\u0131rmalar\u0131 yapacak. Ancak \u015funu bilin, Ankara kamuoyunu ve T\u00fcrk kamuoyunu b\u00fct\u00fcn geli\u015fmeler hakk\u0131nda ileri saatlerde daha net bilgilendirme imkan\u0131m\u0131z olacak.\u201d<\/p>\n<p style=\"text-align: justify;\"><strong>&#8216;\u0130K\u0130NC\u0130 B\u0130R \u0130HBAR ULA\u015eMADI&#8217;<\/strong><\/p>\n<p style=\"text-align: justify;\">Ankara Valisi Alaaddin Y\u00fcksel, \u201c\u015f\u00fcpheli bir kad\u0131n\u0131n g\u00f6zalt\u0131na al\u0131nd\u0131\u011f\u0131 y\u00f6n\u00fcnde iddialar bulundu\u011funun\u201d belirtilmesi \u00fczerine, \u015fu anda bu konuyla alakala ba\u015fka bilgi veremeyece\u011fini s\u00f6yledi. Y\u00fcksel, bas\u0131n\u0131n da bu konuyla ilgili \u00f6nemli bir g\u00f6rev yerine getirdi\u011fini belirterek, bas\u0131ndan, Ankaral\u0131lardan, T\u00fcrk halk\u0131ndan saklayacak hi\u00e7bir \u015feyleri olmad\u0131\u011f\u0131n\u0131, b\u00fct\u00fcn geli\u015fmeleri payla\u015facaklar\u0131n\u0131 ifade etti.<\/p>\n<p style=\"text-align: justify;\">Bir soru \u00fczerine Y\u00fcksel, \u201cBu caddenin tamam\u0131nda sa\u011fl\u0131 sollu ara\u00e7lar park ediyor. Altlar\u0131nda \u00e7\u00f6p paketleri ve benzeri naylonlar var. Arkada\u015flar\u0131m\u0131z elbette patlamadan sonra \u00e7evrede g\u00fcvenlik tedbirlerini ald\u0131lar ve g\u00f6rd\u00fckleri her paketle ilgili bomba imha uzmanlar\u0131 gerekli \u00e7al\u0131\u015fmalar\u0131n\u0131 yapt\u0131, yapmaya devam ediyor\u201d dedi. Kaymakaml\u0131\u011f\u0131n yak\u0131n\u0131ndaki ilk\u00f6\u011fretim okulunu da yar\u0131m g\u00fcn tatil ettiklerini, \u00e7ocuklar\u0131 evlerine g\u00f6nderdiklerini belirten Y\u00fcksel, caddenin tamam\u0131nda, patlaman\u0131n oldu\u011fu yerlerde g\u00fcvenlik ekiplerinin detayl\u0131 \u00e7al\u0131\u015fma yapmaya devam etti\u011fini s\u00f6yledi.<\/p>\n<p style=\"text-align: justify;\">\u0130kinci bir ihbar olup olmad\u0131\u011f\u0131 y\u00f6n\u00fcndeki soru \u00fczerine Y\u00fcksel, kendilerine ikinci bir ihbar\u0131n ula\u015fmad\u0131\u011f\u0131n\u0131 belirtti. Bir gazetecinin \u201cBundan sonra risk yok diyebilir miyiz?\u201d sorusuna kar\u015f\u0131l\u0131k Y\u00fcksel, k\u0131sa s\u00fcre i\u00e7inde bir a\u00e7\u0131klama daha yapaca\u011f\u0131n\u0131 s\u00f6yledi.<\/p>\n<p style=\"text-align: justify;\"><strong>\u00c7ANKAYA BELED\u0130YE BA\u015eKANI: B\u0130R B\u0130NADAN T\u00dcP ATILMI\u015e<\/strong><\/p>\n<p style=\"text-align: justify;\">\u00c7ankaya Belediye Ba\u015fkan\u0131 B\u00fclent Tan\u0131k da K\u0131z\u0131lay Kumrular Sokak&#8217;taki patlamada ya\u015fam\u0131n\u0131 yitiren vatanda\u015flar\u0131n olmad\u0131\u011f\u0131n\u0131 a\u00e7\u0131klad\u0131.<\/p>\n<p style=\"text-align: justify;\">Tan\u0131k, olay yerinde yapt\u0131\u011f\u0131 incelemelerin ard\u0131ndan yapt\u0131\u011f\u0131 a\u00e7\u0131klamada, ald\u0131\u011f\u0131 bilgiler dahilinde \u00f6l\u00fc olmad\u0131\u011f\u0131n\u0131, yaral\u0131lar\u0131n oldu\u011funu belirtti. Tan\u0131k birka\u00e7 ciddi say\u0131da yaral\u0131 vatanda\u015f\u0131n bulundu\u011funu, baz\u0131 vatanda\u015flar\u0131n v\u00fccutlar\u0131ndan kopan par\u00e7alar\u0131n bulundu\u011funu kaydetti. \u00c7ankaya Belediye Ba\u015fkan\u0131 patlaman\u0131n sebebi hakk\u0131nda ise, &#8220;\u015eu anda kesin olarak o konuda bir g\u00f6r\u00fc\u015f bana resmi kurumlar taraf\u0131ndan a\u00e7\u0131klanmad\u0131. Ama s\u00f6ylenen g\u00f6rg\u00fc tan\u0131klar\u0131ndan ve bizim zab\u0131ta elemanlar\u0131m\u0131z\u0131n da bilgilenmesi \u00e7er\u00e7evesinde bize ula\u015fan bina i\u00e7erisinden yanan bir t\u00fcp\u00fcn at\u0131ld\u0131\u011f\u0131 ve onun t\u00fcpgazl\u0131 bir ba\u015fka arac\u0131n \u00fczerine d\u00fc\u015f\u00fcp onu da patlatt\u0131\u011f\u0131 y\u00f6n\u00fcnde bir s\u00f6ylem var. Ama bu t\u00fcr kritik olaylarda g\u00f6rg\u00fc tan\u0131klar\u0131 ger\u00e7ekten neyi tam g\u00f6rd\u00fcler anlamak m\u00fcmk\u00fcn de\u011fil. Say\u0131n Emniyet M\u00fcd\u00fcr\u00fcm\u00fczden bilgi istedim o da benimle birlikte bilgi toplamaya \u00e7al\u0131\u015f\u0131yor. G\u00f6revliler i\u015finin ba\u015f\u0131ndalar&#8221; diye konu\u015ftu.<\/p>\n<p style=\"text-align: justify;\"><strong>G\u00dcL: SALDIRIYI LANETL\u0130YORUM<\/strong><\/p>\n<p style=\"text-align: justify;\">Cumhurba\u015fkan\u0131 G\u00fcl, Ankara&#8217;da meydana gelen patlamayla ilgili olarak &#8221;Patlamada hayat\u0131n\u0131 kaybedenler var, ba\u015fsa\u011fl\u0131\u011f\u0131 diliyorum. Sald\u0131r\u0131y\u0131 lanetliyorum&#8221;<\/p>\n<p style=\"text-align: justify;\">Almanya Cumhurba\u015fkan\u0131 Christian Wulff ile geldi\u011fi Osnabr\u00fcck Belediye Binas\u0131&#8217;nda bir konu\u015fma yapt\u0131. Konu\u015fmas\u0131n\u0131n ba\u015flang\u0131c\u0131nda, Berlin&#8217;den Osnabr\u00fcck&#8217;e gelmeden \u00f6nce \u00fcz\u00fcc\u00fc bir haber ald\u0131\u011f\u0131n\u0131 dile getiren Cumhurba\u015fkan\u0131 G\u00fcl, \u201c\u0130nsanl\u0131ktan hi\u00e7 nasibini almam\u0131\u015f insanlar\u0131n, sivil insanlara kar\u015f\u0131 nas\u0131l ter\u00f6r uygulad\u0131\u011f\u0131n\u0131 ve Ankara&#8217;da bir sald\u0131r\u0131 yapt\u0131klar\u0131n\u0131 \u00f6\u011frendim. Hayat\u0131n\u0131 kaybedenler var. Onlara ba\u015fsa\u011fl\u0131\u011f\u0131 diliyorum ve bu ter\u00f6r\u00fc \u015fiddetle ve nefretle telin ediyorum\u201d diye konu\u015ftu.<\/p>\n<p style=\"text-align: justify;\"><strong>&#8216;KES\u0130F B\u0130R DUMAN VARDI&#8217;<\/strong><\/p>\n<p style=\"text-align: justify;\">G\u00f6rg\u00fc tan\u0131klar\u0131 ilk patlaman\u0131n \u00e7ok \u015fiddetli oldu\u011funu ve ard\u0131ndan \u00e7ok kesif bir duman bulutunun b\u00f6lgeyi sard\u0131\u011f\u0131n\u0131 belirtti. Ard arda meydana gelen patlamalarla kar\u015f\u0131 caddede bulunanlar\u0131n da yaraland\u0131\u011f\u0131n\u0131 ifade etti.<\/p>\n<p style=\"text-align: justify;\"><strong>POL\u0130S KAYNAKLARI: PATLAMA BOMBADAN KAYNAKLANDI<\/strong><\/p>\n<p style=\"text-align: justify;\">Patlaman\u0131n ard\u0131ndan emniyet g\u00fc\u00e7lerinin \u00e7al\u0131\u015fmalar\u0131 s\u00fcrerken, hen\u00fcz patlaman\u0131n nedeni hakk\u0131nda net bir a\u00e7\u0131klama yap\u0131lmad\u0131. Polis kaynaklar\u0131ndan al\u0131nan bilgiye g\u00f6re, patlaman\u0131n bombadan kaynakland\u0131\u011f\u0131n\u0131n belirlendi\u011fi \u00f6\u011frenildi.<\/p>\n<p style=\"text-align: justify;\"><strong>2 K\u0130\u015e\u0130 G\u00d6ZALTINDA<\/strong><\/p>\n<p style=\"text-align: justify;\">Ankara K\u0131z\u0131lay&#8217;da meydana gelen patlaman\u0131n ard\u0131ndan polis ekiplerinin ara\u015ft\u0131rmalar\u0131 s\u00fcrerken, Ankara Gar\u0131&#8217;nda sakal t\u0131ra\u015f\u0131 olup, \u00fczerini de\u011fi\u015ftirdikten sonra kentten ayr\u0131lmaya haz\u0131rlanan bir \u015f\u00fcpheli g\u00f6zalt\u0131na al\u0131nd\u0131. Olaydan yar\u0131m saat sonra g\u00f6rg\u00fc tan\u0131klar\u0131n\u0131n ifadesine g\u00f6re tela\u015fl\u0131 bir \u015fekilde gara gelen bir ki\u015fi, sakal t\u0131ra\u015f\u0131 olduktan sonra tuvalette \u00fcst\u00fcndeki k\u0131yafetleri de\u011fi\u015ftirmeye ba\u015flad\u0131. \u015e\u00fcpheli, kendisini takip eden polis ekipleri taraf\u0131ndan bu s\u0131rada g\u00f6zalt\u0131na al\u0131nd\u0131. Tunceli&#8217;ye gitmeye haz\u0131rland\u0131\u011f\u0131 belirlenen \u015f\u00fcpheli, Ankara Emniyet M\u00fcd\u00fcrl\u00fc\u011f\u00fc&#8217;ne g\u00f6t\u00fcr\u00fcld\u00fc. \u015e\u00fcphelinin, &#8216;ter\u00f6r eylemlerine kat\u0131lmak&#8217; ve &#8216;doland\u0131r\u0131c\u0131l\u0131k&#8217; su\u00e7lar\u0131ndan poliste kayd\u0131 bulundu\u011fu \u00f6\u011frenildi. B\u00f6ylece olayla ilgili g\u00f6zalt\u0131na al\u0131nanlar\u0131n say\u0131s\u0131 2&#8217;ye \u00e7\u0131kt\u0131.<\/p>\n<p style=\"text-align: justify;\"><a href=\"http:\/\/www.radikal.com.tr\/Radikal.aspx?aType=RadikalDetayV3&amp;ArticleID=1063898&amp;Date=20.09.2011&amp;CategoryID=77\" target=\"_blank\">Kaynak : Radikal.com.tr<\/a><\/p>\n","protected":false},"excerpt":{"rendered":"<p style=\"text-align: center;\">\n<p style=\"text-align: justify;\">Ankara&#8217;n\u0131n K\u0131z\u0131lay semtinde park halindeki ara\u00e7ta \u015fiddetli bir patlama meydana geldi. Patlamada 3 ki\u015finin \u00f6ld\u00fc\u011f\u00fc, 15 ki\u015finin de yaraland\u0131\u011f\u0131 belirtildi. Ankara Cumhuriyet Ba\u015fsavc\u0131l\u0131\u011f\u0131 olay\u0131n ter\u00f6r sald\u0131r\u0131s\u0131 oldu\u011funu duyurdu.<\/p>\n<p style=\"text-align: justify;\">Ankara Cumhuriyet Ba\u015fsavc\u0131l\u0131\u011f\u0131, Ankara&#8217;da bug\u00fcn meydana gelen patlaman\u0131n, ter\u00f6r eylemi olarak de\u011ferlendirildi\u011fini bildirdi. Ankara Cumhuriyet Ba\u015fsavc\u0131l\u0131\u011f\u0131, konuyla ilgili olarak yaz\u0131l\u0131 <\/p>\n","protected":false},"author":1,"featured_media":0,"comment_status":"open","ping_status":"open","sticky":false,"template":"","format":"standard","meta":{"footnotes":""},"categories":[105],"tags":[],"class_list":["post-39991","post","type-post","status-publish","format-standard","hentry","category-gundem","odd"],"_links":{"self":[{"href":"http:\/\/www.korhanyilmaz.com\/index.php?rest_route=\/wp\/v2\/posts\/39991","targetHints":{"allow":["GET"]}}],"collection":[{"href":"http:\/\/www.korhanyilmaz.com\/index.php?rest_route=\/wp\/v2\/posts"}],"about":[{"href":"http:\/\/www.korhanyilmaz.com\/index.php?rest_route=\/wp\/v2\/types\/post"}],"author":[{"embeddable":true,"href":"http:\/\/www.korhanyilmaz.com\/index.php?rest_route=\/wp\/v2\/users\/1"}],"replies":[{"embeddable":true,"href":"http:\/\/www.korhanyilmaz.com\/index.php?rest_route=%2Fwp%2Fv2%2Fcomments&post=39991"}],"version-history":[{"count":0,"href":"http:\/\/www.korhanyilmaz.com\/index.php?rest_route=\/wp\/v2\/posts\/39991\/revisions"}],"wp:attachment":[{"href":"http:\/\/www.korhanyilmaz.com\/index.php?rest_route=%2Fwp%2Fv2%2Fmedia&parent=39991"}],"wp:term":[{"taxonomy":"category","embeddable":true,"href":"http:\/\/www.korhanyilmaz.com\/index.php?rest_route=%2Fwp%2Fv2%2Fcategories&post=39991"},{"taxonomy":"post_tag","embeddable":true,"href":"http:\/\/www.korhanyilmaz.com\/index.php?rest_route=%2Fwp%2Fv2%2Ftags&post=39991"}],"curies":[{"name":"wp","href":"https:\/\/api.w.org\/{rel}","templated":true}]}}