{"id":39973,"date":"2011-09-18T15:10:34","date_gmt":"2011-09-18T12:10:34","guid":{"rendered":"http:\/\/www.korhanyilmaz.com\/?p=39973"},"modified":"2011-09-19T08:47:50","modified_gmt":"2011-09-19T05:47:50","slug":"adaletin-200u-taksime-giremedi","status":"publish","type":"post","link":"http:\/\/www.korhanyilmaz.com\/?p=39973","title":{"rendered":"Adaletin 200&#8217;\u00fc Taksim&#8217;e giremedi!"},"content":{"rendered":"<p style=\"text-align: center;\"><a href=\"http:\/\/www.korhanyilmaz.com\/wp-content\/uploads\/2011\/09\/5103.jpg\"  class=\"lightview\"><img loading=\"lazy\" decoding=\"async\" class=\"aligncenter size-full wp-image-39974\" src=\"http:\/\/www.korhanyilmaz.com\/wp-content\/uploads\/2011\/09\/5103.jpg\" alt=\"\" width=\"370\" height=\"245\" \/><\/a><\/p>\n<p style=\"text-align: justify;\">Gazeteci Nedim \u015eener ve Ahmet \u015e\u0131k&#8217;\u0131n tutuklan\u0131\u015f\u0131n\u0131n 200. g\u00fcn\u00fc nedeniyle Galatasaray&#8217;la Taksim aras\u0131nda &#8220;Adaletin 200&#8217;\u00fc&#8221; y\u00fcr\u00fcy\u00fc\u015f\u00fc ger\u00e7ekle\u015ftirildi. Grubun Taksim&#8217;e \u00e7\u0131kmas\u0131na polis izin vermedi.<!--more--><\/p>\n<p style=\"text-align: justify;\"><a href=\"http:\/\/www.korhanyilmaz.com\/wp-content\/uploads\/2011\/09\/5104.jpg\"  class=\"lightview\"><img loading=\"lazy\" decoding=\"async\" class=\"size-full wp-image-39975 alignleft\" style=\"margin-left: 10px; margin-right: 10px;\" src=\"http:\/\/www.korhanyilmaz.com\/wp-content\/uploads\/2011\/09\/5104.jpg\" alt=\"\" width=\"264\" height=\"176\" \/><\/a>\u0130STANBUL &#8211; Galatasaray Lisesi&#8217;nin \u00f6n\u00fcnden y\u00fcr\u00fcy\u00fc\u015fe ba\u015flayan grup \u0130stiklal Caddesi boyunca sloganlar atarak ilerledi. Ancak Taksim Meydan\u0131\u2019na varmadan polis taraf\u0131ndan durduruldu ve bas\u0131n a\u00e7\u0131klamas\u0131n\u0131 burada yapmak zorunda kald\u0131. Gazeteci Nedim \u015eener ve Ahmet \u015e\u0131k\u2019\u0131n tutukluluklar\u0131n\u0131n 200. g\u00fcn\u00fcnde yap\u0131lan y\u00fcr\u00fcy\u00fc\u015fe \u00e7ok say\u0131da medya mensubu ve STK \u00fcyeleri kat\u0131ld\u0131. \u015eener ve \u015e\u0131k i\u00e7in ger\u00e7ekle\u015ftirilen y\u00fcr\u00fcy\u00fc\u015f\u00fcn t\u00fcm tutuklu gazeteciler i\u00e7in yap\u0131ld\u0131\u011f\u0131 belirtildi.<\/p>\n<p style=\"text-align: justify;\"><a href=\"http:\/\/www.radikal.com.tr\/Radikal.aspx?aType=RadikalDetayV3&amp;ArticleID=1063726&amp;Date=19.09.2011&amp;CategoryID=77\" target=\"_blank\">Kaynak : Radikal.com.tr<\/a><\/p>\n","protected":false},"excerpt":{"rendered":"<p style=\"text-align: center;\">\n<p style=\"text-align: justify;\">Gazeteci Nedim \u015eener ve Ahmet \u015e\u0131k&#8217;\u0131n tutuklan\u0131\u015f\u0131n\u0131n 200. g\u00fcn\u00fc nedeniyle Galatasaray&#8217;la Taksim aras\u0131nda &#8220;Adaletin 200&#8217;\u00fc&#8221; y\u00fcr\u00fcy\u00fc\u015f\u00fc ger\u00e7ekle\u015ftirildi. Grubun Taksim&#8217;e \u00e7\u0131kmas\u0131na polis izin vermedi.<\/p>\n","protected":false},"author":1,"featured_media":0,"comment_status":"open","ping_status":"open","sticky":false,"template":"","format":"standard","meta":{"footnotes":""},"categories":[105],"tags":[],"class_list":["post-39973","post","type-post","status-publish","format-standard","hentry","category-gundem","odd"],"_links":{"self":[{"href":"http:\/\/www.korhanyilmaz.com\/index.php?rest_route=\/wp\/v2\/posts\/39973","targetHints":{"allow":["GET"]}}],"collection":[{"href":"http:\/\/www.korhanyilmaz.com\/index.php?rest_route=\/wp\/v2\/posts"}],"about":[{"href":"http:\/\/www.korhanyilmaz.com\/index.php?rest_route=\/wp\/v2\/types\/post"}],"author":[{"embeddable":true,"href":"http:\/\/www.korhanyilmaz.com\/index.php?rest_route=\/wp\/v2\/users\/1"}],"replies":[{"embeddable":true,"href":"http:\/\/www.korhanyilmaz.com\/index.php?rest_route=%2Fwp%2Fv2%2Fcomments&post=39973"}],"version-history":[{"count":0,"href":"http:\/\/www.korhanyilmaz.com\/index.php?rest_route=\/wp\/v2\/posts\/39973\/revisions"}],"wp:attachment":[{"href":"http:\/\/www.korhanyilmaz.com\/index.php?rest_route=%2Fwp%2Fv2%2Fmedia&parent=39973"}],"wp:term":[{"taxonomy":"category","embeddable":true,"href":"http:\/\/www.korhanyilmaz.com\/index.php?rest_route=%2Fwp%2Fv2%2Fcategories&post=39973"},{"taxonomy":"post_tag","embeddable":true,"href":"http:\/\/www.korhanyilmaz.com\/index.php?rest_route=%2Fwp%2Fv2%2Ftags&post=39973"}],"curies":[{"name":"wp","href":"https:\/\/api.w.org\/{rel}","templated":true}]}}