{"id":39968,"date":"2011-09-19T08:03:29","date_gmt":"2011-09-19T05:03:29","guid":{"rendered":"http:\/\/www.korhanyilmaz.com\/?p=39968"},"modified":"2011-09-19T08:42:05","modified_gmt":"2011-09-19T05:42:05","slug":"nato-kalkani-malatyayi-bile-koruyamayabilir","status":"publish","type":"post","link":"http:\/\/www.korhanyilmaz.com\/?p=39968","title":{"rendered":"NATO kalkan\u0131 Malatya&#8217;y\u0131 bile koruyamayabilir"},"content":{"rendered":"<p style=\"text-align: center;\"><a href=\"http:\/\/www.korhanyilmaz.com\/wp-content\/uploads\/2011\/09\/5101.jpg\"  class=\"lightview\"><img loading=\"lazy\" decoding=\"async\" class=\"aligncenter size-full wp-image-39969\" src=\"http:\/\/www.korhanyilmaz.com\/wp-content\/uploads\/2011\/09\/5101.jpg\" alt=\"\" width=\"384\" height=\"254\" \/><\/a><\/p>\n<p style=\"text-align: justify;\">NATO&#8217;nun Malatya&#8217;ya in\u015fa edece\u011fi F\u00fcze Savunma Sistemi&#8217;nin ne kadar etkili olaca\u011f\u0131 soru i\u015fareti. T\u00fcrkiye&#8217;nin do\u011fusu risk alt\u0131nda.<\/p>\n<p style=\"text-align: justify;\">ANKARA- NATO\u2019nun \u2018cayd\u0131r\u0131c\u0131l\u0131k\u2019 ama\u00e7l\u0131 olarak in\u015fa edece\u011fi F\u00fcze Savunma Sistemi\u2019nin basit bir mekanizmas\u0131 var. Radarlar ve uydular, olas\u0131 tehditleri 24 saat izleyecek ve tehdit harekete ge\u00e7ti\u011finde uydular\u0131 ve radarlar\u0131 arac\u0131l\u0131\u011f\u0131yla bunu yakalay\u0131p, tehdidi yok edecek silahlar\u0131 \u00e7al\u0131\u015ft\u0131racak. Harekete ge\u00e7ecek avc\u0131 f\u00fczeler, tehdidi hedefe ula\u015fmadan havada bertaraf edecek.<!--more--><\/p>\n<p style=\"text-align: justify;\"><a href=\"http:\/\/www.korhanyilmaz.com\/wp-content\/uploads\/2011\/09\/5102.jpg\"  class=\"lightview\"><img loading=\"lazy\" decoding=\"async\" class=\"alignleft size-full wp-image-39970\" style=\"margin-left: 10px; margin-right: 10px;\" src=\"http:\/\/www.korhanyilmaz.com\/wp-content\/uploads\/2011\/09\/5102.jpg\" alt=\"\" width=\"280\" height=\"187\" \/><\/a>NATO\u2019nun stratejik konsept kapsam\u0131nda \u015fekillendirdi\u011fi bu sistemin radarlar\u0131 Karadeniz ve Akdeniz\u2019de hareket halindeki gemilerde ve T\u00fcrkiye\u2019de, Malatya K\u00fcrecik\u2019teki \u00fcste kurulacak. Teoriyi somutla\u015ft\u0131rmak gerekirse: \u0130ran\u2019dan, Rusya\u2019dan, Kuzey Kore\u2019den ya da \u00c7in\u2019den ate\u015flenecek uzun menzilli bir f\u00fcze bat\u0131ya do\u011fru ilerlerken, bunu ate\u015flendi\u011fi anda fark eden radarlardan ve uydudan komutlar\u0131 alan avc\u0131 f\u00fcze, \u00f6rne\u011fin Romanya\u2019dan do\u011fuya do\u011fru harekete ge\u00e7ecek. \u0130mha i\u015fleminin nerede ger\u00e7ekle\u015fece\u011fine dair soruyu da matematik dersinin \u00fcnl\u00fc problemine uyarlayabiliriz: \u201cA kentinden havalan\u0131p x h\u0131z\u0131 ile bat\u0131ya giden f\u00fcze ile B kentinden havalan\u0131p g\u00fcney do\u011fuya Y h\u0131z\u0131yla giden f\u00fcze nerede kar\u015f\u0131la\u015f\u0131r.?\u201d<\/p>\n<p style=\"text-align: justify;\"><strong>Sistem koruyabilir mi?<\/strong><\/p>\n<p style=\"text-align: justify;\">T\u00fcrkiye gibi kritik bir \u2018s\u0131n\u0131r m\u00fcttefiki\u2019, \u201cTopraklar\u0131m\u0131zda avc\u0131 f\u00fcze istemeyiz\u201d ve \u201cSistem herhangi bir \u00fclkeyi tehdit olarak g\u00f6rmemeli\u201d gibi kayg\u0131lar ortaya koydu ve avc\u0131 f\u00fczelerinin \u2018s\u0131n\u0131rlara\u2019 de\u011fil, i\u00e7 kesimlere yerle\u015ftirilmesi m\u00fcmk\u00fcn olabildi. Nitekim d\u00fcn D\u0131\u015fi\u015fleri Bakan\u0131 Ahmet Davuto\u011flu, sistemin \u0130ran ba\u015fta, herhangi bir \u00fclkeye kar\u015f\u0131 olmayaca\u011f\u0131n\u0131 ve T\u00fcrkiye topraklar\u0131ndan tek bir f\u00fcze ate\u015flenmeyece\u011fini s\u00f6yleyerek bu tavr\u0131 teyit etti. T\u00fcrkiye ile NATO aras\u0131ndaki pazarl\u0131klara bak\u0131l\u0131rsa, T\u00fcrkiye, bu iki ko\u015fulu ortaya koyarak, \u201csistem, b\u00fct\u00fcn m\u00fcttefikleri tam korumal\u0131\u201d diye \u00f6zetlenebilecek \u00fc\u00e7\u00fcnc\u00fc ko\u015fulunu kendi eliyle ortadan kald\u0131rm\u0131\u015f oldu. Uzmanlar, etki alan\u0131n\u0131n darl\u0131\u011f\u0131na vurgu yap\u0131yor. Sistemin, bir d\u00fc\u015fman f\u00fczesini bertaraf etme \u015fans\u0131n\u0131n azl\u0131\u011f\u0131 \u00fczerinde duruyor. Bu sorunun \u00e7\u00f6z\u00fcm\u00fc i\u00e7in iki se\u00e7enek var: \u0130lki, T\u00fcrkiye\u2019nin radarla yetinmeyip avc\u0131 f\u00fczelere de topraklar\u0131n\u0131 a\u00e7mas\u0131. Mevcut h\u00fck\u00fcmet buna s\u0131cak bakmad\u0131\u011f\u0131na g\u00f6re, ikinci se\u00e7enek akla daha yak\u0131n. O da T\u00fcrkiye\u2019nin s\u0131k\u0131 bir miktar b\u00fct\u00e7e ay\u0131r\u0131p kendi hava savunma sahas\u0131n\u0131 kurmak. Radar\u0131n\u0131n ABD men\u015feli oldu\u011funu da dikkate al\u0131rsak, sistemin sat\u0131n al\u0131naca\u011f\u0131 tek kaynak ABD olacak gibi. Anla\u015fmay\u0131 imzalayan ABD\u2019nin Ankara B\u00fcy\u00fckel\u00e7isi Francis Ricciardone\u2019nin ABD Kongresi\u2019nde sorular\u0131 yan\u0131tlarken, T\u00fcrkiye\u2019deki din \u00f6zg\u00fcrl\u00fckleriyle ilgili sorunun, radar anla\u015fmas\u0131 gibi ABD i\u00e7in ola\u011fan\u00fcst\u00fc b\u00fcy\u00fck bir ba\u015far\u0131n\u0131n yan\u0131nda \u00f6nemsiz kald\u0131\u011f\u0131n\u0131 ima etmesi bu \u00e7er\u00e7evede okunabilir.<\/p>\n<p style=\"text-align: justify;\"><strong>\u2018Sistem zorunlu\u2019<\/strong><\/p>\n<p style=\"text-align: justify;\">Davuto\u011flu, sistemin zorunlu oldu\u011funu, T\u00fcrkiye\u2019nin \u015fartlar\u0131 sa\u011fland\u0131ktan sonra sisteme itiraz etmenin ittifak\u0131n dokusu ve T\u00fcrkiye\u2019nin g\u00fcvenli\u011fi i\u00e7in s\u0131k\u0131nt\u0131 olu\u015fturaca\u011f\u0131n\u0131 s\u00f6yledi. Sistemin sadece NATO taraf\u0131ndan kullan\u0131laca\u011f\u0131n\u0131, ana komuta kararg\u00e2h\u0131nda bir T\u00fcrk subay\u0131n da g\u00f6rev alaca\u011f\u0131n\u0131 ve NATO m\u00fcttefiklerine hizmet edece\u011fini vurgulayan Davuto\u011flu, \u0130srail\u2019in sistemden faydalanmas\u0131na s\u0131cak bakmad\u0131klar\u0131n\u0131 vurgulad\u0131.<\/p>\n<p style=\"text-align: justify;\"><strong>CHP: Referandum yap\u0131ls\u0131n<\/strong><\/p>\n<p style=\"text-align: justify;\">CHP Malatya Milletvekili Veli A\u011fbaba, Malatya\u2019ya kurulacak f\u00fcze kalkan\u0131 i\u00e7in referandum \u00f6nerisinde bulundu. Radar\u0131n Malatya\u2019n\u0131n K\u00fcrecik il\u00e7esinde kurulacak olmas\u0131na tepki g\u00f6steren A\u011fbaba, \u201cF\u00fcze kalkan\u0131 a\u00e7\u0131k hedef haline getiriyor\u201d dedi. D\u0131\u015fi\u015fleri ve Genelkurmay pazarl\u0131klarda, sa\u011fl\u0131k kayg\u0131s\u0131n\u0131 \u00f6nemli bir g\u00fcndem maddesi yapt\u0131. Ge\u00e7mi\u015f deneyimler, radar\u0131n \u00e7ok yo\u011fun radyasyon yayd\u0131\u011f\u0131n\u0131 g\u00f6steriyor. Ancak NATO, yasak b\u00f6lge d\u0131\u015f\u0131nda tehlike yok diyor.<\/p>\n<p style=\"text-align: justify;\"><strong>Do\u011fu b\u00f6lgeleri risk mi?<\/strong><\/p>\n<p style=\"text-align: justify;\">NATO, radar ve avc\u0131 f\u00fcze konumlar\u0131n\u0131 belirlerken olas\u0131 sald\u0131r\u0131lar\u0131n NATO hava sahas\u0131 d\u0131\u015f\u0131nda kalmas\u0131n\u0131 hedefliyordu. Ancak \u00f6yle olmad\u0131. Malatya K\u00fcrecik\u2019teki \u00fcsse kurulacak F\u00fcze Savunma Sistemi radarlar\u0131, uzun menzilli bir f\u00fcze bat\u0131ya do\u011fru ilerlerken bunu Romanya\u2019daki Deveselu Hava \u00dcss\u00fc\u2019ne bildirecek. Ate\u015flemeyi farkeden radarlar\u0131n uydudan ald\u0131\u011f\u0131 komutlar imha i\u015flemleri i\u00e7in avc\u0131 f\u00fczeleri harekete ge\u00e7irecek. Ancak uzmanlar, \u0130ran\u2019dan ya da Rusya\u2019dan havalanacak ve Malatya\u2019daki radar\u0131 hedef alacak bir f\u00fczenin, en yak\u0131n yerden havalanacak NATO f\u00fczesiyle Malatya\u2019ya varmadan imhas\u0131n\u0131n imk\u00e2ns\u0131z oldu\u011funa dikkat \u00e7ekiyor. Bu a\u00e7\u0131k, biraz daha geni\u015f okunacak olursa, in\u015fas\u0131 planlanan sistemin T\u00fcrkiye\u2019nin do\u011fusundaki herhangi bir hedefe y\u00f6nelmi\u015f bir d\u00fc\u015fman f\u00fczesini bertaraf etme \u015fans\u0131 yok gibi.<\/p>\n<p style=\"text-align: justify;\"><a href=\"http:\/\/www.radikal.com.tr\/Radikal.aspx?aType=RadikalHaberDetayV3&amp;ArticleID=1063767&amp;Date=19.09.2011&amp;CategoryID=81\" target=\"_blank\">Kaynak : Radikal.com.tr<\/a><\/p>\n","protected":false},"excerpt":{"rendered":"<p style=\"text-align: center;\">\n<p style=\"text-align: justify;\">NATO&#8217;nun Malatya&#8217;ya in\u015fa edece\u011fi F\u00fcze Savunma Sistemi&#8217;nin ne kadar etkili olaca\u011f\u0131 soru i\u015fareti. T\u00fcrkiye&#8217;nin do\u011fusu risk alt\u0131nda.<\/p>\n<p style=\"text-align: justify;\">ANKARA- NATO\u2019nun \u2018cayd\u0131r\u0131c\u0131l\u0131k\u2019 ama\u00e7l\u0131 olarak in\u015fa edece\u011fi F\u00fcze Savunma Sistemi\u2019nin basit bir mekanizmas\u0131 var. Radarlar ve uydular, olas\u0131 tehditleri 24 saat izleyecek ve tehdit harekete ge\u00e7ti\u011finde uydular\u0131 ve radarlar\u0131 arac\u0131l\u0131\u011f\u0131yla bunu <\/p>\n","protected":false},"author":1,"featured_media":0,"comment_status":"open","ping_status":"open","sticky":false,"template":"","format":"standard","meta":{"footnotes":""},"categories":[105],"tags":[],"class_list":["post-39968","post","type-post","status-publish","format-standard","hentry","category-gundem","odd"],"_links":{"self":[{"href":"http:\/\/www.korhanyilmaz.com\/index.php?rest_route=\/wp\/v2\/posts\/39968","targetHints":{"allow":["GET"]}}],"collection":[{"href":"http:\/\/www.korhanyilmaz.com\/index.php?rest_route=\/wp\/v2\/posts"}],"about":[{"href":"http:\/\/www.korhanyilmaz.com\/index.php?rest_route=\/wp\/v2\/types\/post"}],"author":[{"embeddable":true,"href":"http:\/\/www.korhanyilmaz.com\/index.php?rest_route=\/wp\/v2\/users\/1"}],"replies":[{"embeddable":true,"href":"http:\/\/www.korhanyilmaz.com\/index.php?rest_route=%2Fwp%2Fv2%2Fcomments&post=39968"}],"version-history":[{"count":0,"href":"http:\/\/www.korhanyilmaz.com\/index.php?rest_route=\/wp\/v2\/posts\/39968\/revisions"}],"wp:attachment":[{"href":"http:\/\/www.korhanyilmaz.com\/index.php?rest_route=%2Fwp%2Fv2%2Fmedia&parent=39968"}],"wp:term":[{"taxonomy":"category","embeddable":true,"href":"http:\/\/www.korhanyilmaz.com\/index.php?rest_route=%2Fwp%2Fv2%2Fcategories&post=39968"},{"taxonomy":"post_tag","embeddable":true,"href":"http:\/\/www.korhanyilmaz.com\/index.php?rest_route=%2Fwp%2Fv2%2Ftags&post=39968"}],"curies":[{"name":"wp","href":"https:\/\/api.w.org\/{rel}","templated":true}]}}