{"id":39964,"date":"2011-09-18T17:16:58","date_gmt":"2011-09-18T14:16:58","guid":{"rendered":"http:\/\/www.korhanyilmaz.com\/?p=39964"},"modified":"2011-09-19T08:35:05","modified_gmt":"2011-09-19T05:35:05","slug":"mit-pkk-gorusmesine-suc-duyurusu","status":"publish","type":"post","link":"http:\/\/www.korhanyilmaz.com\/?p=39964","title":{"rendered":"M\u0130T-PKK g\u00f6r\u00fc\u015fmesine su\u00e7 duyurusu"},"content":{"rendered":"<p style=\"text-align: justify;\"><a href=\"http:\/\/www.korhanyilmaz.com\/wp-content\/uploads\/2011\/09\/5100.jpg\"  class=\"lightview\"><img loading=\"lazy\" decoding=\"async\" class=\"aligncenter size-full wp-image-39965\" title=\"\" src=\"http:\/\/www.korhanyilmaz.com\/wp-content\/uploads\/2011\/09\/5100.jpg\" alt=\"\" width=\"292\" height=\"278\" \/><\/a><\/p>\n<p style=\"text-align: justify;\">CHP Bolu Milletvekili Tanju \u00d6zcan, M\u0130T&#8217;le PKK aras\u0131nda yap\u0131ld\u0131\u011f\u0131 \u00f6ne s\u00fcr\u00fclen ses kayd\u0131 nedeniyle M\u0130T M\u00fcste\u015far\u0131 Hakan Fidan ve eski M\u0130T M\u00fcste\u015far Yard\u0131mc\u0131s\u0131 Afet G\u00fcne\u015f hakk\u0131nda &#8220;Devletin ve milletin b\u00f6l\u00fcnmez b\u00fct\u00fcnl\u00fc\u011f\u00fc aleyhinde faaliyette bulunmak, g\u00f6revi k\u00f6t\u00fcye kullanmak&#8221; su\u00e7lar\u0131ndan su\u00e7 duyurusunda bulundu.\u00a0<!--more--><\/p>\n<p style=\"text-align: justify;\">(DHA) &#8212; M\u0130T M\u00fcste\u015far\u0131 Hakan Fidan ile Eski M\u0130T M\u00fcste\u015far Yard\u0131mc\u0131s\u0131 Afet G\u00fcne\u015f&#8217;in PKK y\u00f6neticileri ile Oslo&#8217;da yap\u0131ld\u0131\u011f\u0131 iddia edilen g\u00f6r\u00fc\u015fmenin ses kayd\u0131n\u0131n internette yay\u0131nlanmas\u0131n\u0131n ard\u0131ndan CHP Bolu Milletvekili Tanju \u00d6zcan, M\u0130T M\u00fcste\u015far\u0131 Hakan Fidan ile eski M\u0130T M\u00fcste\u015far Yard\u0131mc\u0131s\u0131 Afet G\u00fcne\u015f hakk\u0131nda &#8220;Devletin ve milletin b\u00f6l\u00fcnmez b\u00fct\u00fcnl\u00fc\u011f\u00fc aleyhinde faaliyette bulunmak, g\u00f6revi k\u00f6t\u00fcye kullanmak&#8221; su\u00e7lar\u0131ndan Bolu Cumhuriyet Ba\u015fsavc\u0131l\u0131\u011f\u0131&#8217;na su\u00e7 duyurusunda bulundu.<\/p>\n<p style=\"text-align: justify;\">Tanju \u00d6zcan, su\u00e7 duyurusuna ili\u015fkin dilek\u00e7esini Ankara \u00d6zel Yetkili Cumhuriyet Ba\u015fsavc\u0131l\u0131\u011f\u0131&#8217;na g\u00f6nderilmek \u00fczere Bolu Cumhuriyet Ba\u015fsavc\u0131l\u0131\u011f\u0131na teslim etti.<\/p>\n<p style=\"text-align: justify;\">M\u0130T yetkililerinin uzun bir s\u00fcredir ter\u00f6r \u00f6rg\u00fct\u00fcn\u00fcn s\u00f6zde temsilcileriyle bir araya gelip iki e\u015fit taraf gibi m\u00fczakere ettiklerinin ortaya \u00e7\u0131kt\u0131\u011f\u0131n\u0131 belirten Tanju \u00d6zcan, &#8220;Bu m\u00fczakere edenlerden birinin M\u0130T M\u00fcste\u015far\u0131 Hakan Fidan olmas\u0131 di\u011ferinin ise eski M\u0130T M\u00fcste\u015far Yard\u0131mc\u0131s\u0131 Afet G\u00fcne\u015f olmas\u0131 bizleri ayr\u0131ca \u00fczd\u00fc. Hukuk\u00e7u bir milletvekili olarak s\u00f6yl\u00fcyorum, M\u0130T Kanunu \u00e7ok a\u00e7\u0131k. M\u0130T Kanunu&#8217;nun 4&#8217;\u00fcnc\u00fc maddesinde M\u0130T yetkililerinin g\u00f6rev tan\u0131m\u0131 yap\u0131lm\u0131\u015f. O yasan\u0131n hi\u00e7 bir maddesinde M\u0130T yetkililerinin yasa d\u0131\u015f\u0131 ter\u00f6r \u00f6rg\u00fct\u00fc yetkilileriyle oturup m\u00fczakere edeceklerine y\u00f6nelik tek bir madde yok. Devletin b\u00fct\u00fcn kanunlar\u0131nda M\u0130T yetkililerinin yapt\u0131klar\u0131 su\u00e7tur. Ben bu su\u00e7u tespit etti\u011fim i\u00e7in milletin vekili olarak milletin vergilerinden maa\u015flar\u0131n\u0131 alan ama milletin d\u00fc\u015fman\u0131 olan ter\u00f6r \u00f6rg\u00fct\u00fc yetkilileriyle g\u00f6r\u00fc\u015fen M\u0130T M\u00fcste\u015far\u0131n\u0131n ve emekli M\u0130T M\u00fc\u015fte\u015far yard\u0131mc\u0131s\u0131n\u0131n su\u00e7 i\u015fledikleri kanaatiyle Cumhuriyet Savc\u0131l\u0131\u011f\u0131&#8217;na su\u00e7 duyurusunda bulundum&#8221; dedi.<\/p>\n<p style=\"text-align: justify;\"><a href=\"http:\/\/www.cnnturk.com\/2011\/turkiye\/09\/18\/mit.pkk.gorusmesine.suc.duyurusu\/629669.0\/index.html\" target=\"_blank\">Kaynak : CNN T\u00dcRK<\/a><\/p>\n","protected":false},"excerpt":{"rendered":"<p style=\"text-align: justify;\">\n<p style=\"text-align: justify;\">CHP Bolu Milletvekili Tanju \u00d6zcan, M\u0130T&#8217;le PKK aras\u0131nda yap\u0131ld\u0131\u011f\u0131 \u00f6ne s\u00fcr\u00fclen ses kayd\u0131 nedeniyle M\u0130T M\u00fcste\u015far\u0131 Hakan Fidan ve eski M\u0130T M\u00fcste\u015far Yard\u0131mc\u0131s\u0131 Afet G\u00fcne\u015f hakk\u0131nda &#8220;Devletin ve milletin b\u00f6l\u00fcnmez b\u00fct\u00fcnl\u00fc\u011f\u00fc aleyhinde faaliyette bulunmak, g\u00f6revi k\u00f6t\u00fcye kullanmak&#8221; su\u00e7lar\u0131ndan su\u00e7 duyurusunda bulundu. <\/p>\n","protected":false},"author":1,"featured_media":0,"comment_status":"open","ping_status":"open","sticky":false,"template":"","format":"standard","meta":{"footnotes":""},"categories":[105],"tags":[],"class_list":["post-39964","post","type-post","status-publish","format-standard","hentry","category-gundem","odd"],"_links":{"self":[{"href":"http:\/\/www.korhanyilmaz.com\/index.php?rest_route=\/wp\/v2\/posts\/39964","targetHints":{"allow":["GET"]}}],"collection":[{"href":"http:\/\/www.korhanyilmaz.com\/index.php?rest_route=\/wp\/v2\/posts"}],"about":[{"href":"http:\/\/www.korhanyilmaz.com\/index.php?rest_route=\/wp\/v2\/types\/post"}],"author":[{"embeddable":true,"href":"http:\/\/www.korhanyilmaz.com\/index.php?rest_route=\/wp\/v2\/users\/1"}],"replies":[{"embeddable":true,"href":"http:\/\/www.korhanyilmaz.com\/index.php?rest_route=%2Fwp%2Fv2%2Fcomments&post=39964"}],"version-history":[{"count":0,"href":"http:\/\/www.korhanyilmaz.com\/index.php?rest_route=\/wp\/v2\/posts\/39964\/revisions"}],"wp:attachment":[{"href":"http:\/\/www.korhanyilmaz.com\/index.php?rest_route=%2Fwp%2Fv2%2Fmedia&parent=39964"}],"wp:term":[{"taxonomy":"category","embeddable":true,"href":"http:\/\/www.korhanyilmaz.com\/index.php?rest_route=%2Fwp%2Fv2%2Fcategories&post=39964"},{"taxonomy":"post_tag","embeddable":true,"href":"http:\/\/www.korhanyilmaz.com\/index.php?rest_route=%2Fwp%2Fv2%2Ftags&post=39964"}],"curies":[{"name":"wp","href":"https:\/\/api.w.org\/{rel}","templated":true}]}}