{"id":39957,"date":"2011-09-18T22:07:53","date_gmt":"2011-09-18T19:07:53","guid":{"rendered":"http:\/\/www.korhanyilmaz.com\/?p=39957"},"modified":"2011-09-19T08:20:29","modified_gmt":"2011-09-19T05:20:29","slug":"39957","status":"publish","type":"post","link":"http:\/\/www.korhanyilmaz.com\/?p=39957","title":{"rendered":"M\u00fczakere \u015eehitleri"},"content":{"rendered":"<p style=\"text-align: center;\"><a href=\"http:\/\/www.korhanyilmaz.com\/wp-content\/uploads\/2011\/09\/5099.jpg\"  class=\"lightview\"><img loading=\"lazy\" decoding=\"async\" class=\"aligncenter size-full wp-image-39958\" src=\"http:\/\/www.korhanyilmaz.com\/wp-content\/uploads\/2011\/09\/5099.jpg\" alt=\"\" width=\"350\" height=\"312\" \/><\/a><\/p>\n<p style=\"text-align: justify;\">Devletin zirvesi m\u00fczakereler i\u00e7in \u201cNormal\u201d diyor, \u00e7ocu\u011funu vatana feda eden \u015fehit ailesi kahroluyor.<\/p>\n<p style=\"text-align: justify;\">Cumhurba\u015fkan\u0131 G\u00fcl\u2019den Ba\u015fbakan Erdo\u011fan\u2019a, TBMM Ba\u015fkan\u0131 \u00c7i\u00e7ek\u2019ten CHP lideri K\u0131l\u0131\u00e7daro\u011flu\u2019na kadar AKP-PKK g\u00f6r\u00fc\u015fmeleri i\u00e7in \u2018normal\u2019 de\u011ferlendirmeleri gelirken, olan yine Mehmet\u00e7i\u011fe ve ac\u0131s\u0131 y\u00fcrek burkan \u015fehit ailelerine oluyor.<!--more--><\/p>\n<p style=\"text-align: justify;\"><strong>Bart\u0131nl\u0131 \u015eehit Hasan dualarla u\u011furland\u0131<\/strong><\/p>\n<p style=\"text-align: justify;\">Van\u2019\u0131n Ba\u015fkale il\u00e7esinde may\u0131n patlamas\u0131 sonucu \u015fehit olan 20 ya\u015f\u0131ndaki er Hasan H\u00fcseyin O\u011fuz,\u00a0memleketi Bart\u0131n\u2019da g\u00f6zya\u015flar\u0131 aras\u0131nda topra\u011fa verildi.<\/p>\n<p style=\"text-align: justify;\">Van\u2019\u0131n Ba\u015fkale il\u00e7esine ba\u011fl\u0131 s\u0131n\u0131r hudut birli\u011fine yak\u0131n b\u00f6lgede cuma g\u00fcn\u00fc ak\u015fam saatlerinde meydana gelen may\u0131n patlamas\u0131nda \u015fehit olan er Hasan H\u00fcseyin O\u011fuz (20) memleketi Bart\u0131n\u2019da topra\u011fa verildi. \u015eehit askerin naa\u015f\u0131 T\u00fcrk Hava Kuvvetleri\u2019ne ba\u011fl\u0131 104 numaral\u0131 kargo u\u00e7a\u011f\u0131 ile \u00f6nceki gece saat 21.30 s\u0131ralar\u0131nda Van\u2019dan Zonguldak Havaalan\u0131\u2019na getirildi. \u015eehidin naa\u015f\u0131n\u0131 CHP Bart\u0131n Milletvekili R\u0131za Yal\u00e7\u0131nkaya, askeri yetkililer, \u00c7aycuma \u0130l\u00e7esi Kaymakam\u0131 Hasan Yaman, \u00c7aycuma Belediye Ba\u015fkan\u0131 Mithat G\u00fcl\u015fen, Ulus Belediye Ba\u015fkan\u0131 H\u00fcseyin Ulus, Bart\u0131n \u015eehit ve Gazi Aileleri Yard\u0131mla\u015fma ve Dayan\u0131\u015fma Ba\u015fkan\u0131 Hayrettin Gencel, \u0130l Genel Meclisi \u00dcyesi Musa G\u00fcr\u00fcz, AK Parti Bart\u0131n \u0130l Ba\u015fkan\u0131 Ya\u015far Arslan, sivil toplum kurulu\u015fu temsilcileri ile \u015fehidin yak\u0131nlar\u0131 kar\u015f\u0131lad\u0131.<\/p>\n<p style=\"text-align: justify;\"><strong>Komutan\u0131 da geldi<\/strong><\/p>\n<p style=\"text-align: justify;\">\u015eehidin birli\u011findeki komutanlar\u0131 da \u015fehidin naa\u015f\u0131 ile birlikte Bart\u0131n\u2019a geldi. \u015eehidin komutan\u0131 \u015fehit askerinin \u00e7er\u00e7eveli resmini ambulans\u0131n i\u00e7inde elinde tuttu. \u015eehidin naa\u015f\u0131 asker ve polis eskortlar\u0131 e\u015fli\u011finde ambulansla konvoy halinde memleketi Bart\u0131n\u2019\u0131n Ulus il\u00e7esine g\u00f6t\u00fcr\u00fcld\u00fc. T\u00fcrk Silahl\u0131 Kuvvetleri\u2019nden sivil i\u015f\u00e7i olarak emekli oldu\u011funu ifade eden \u015fehidin babas\u0131 Mehmet O\u011fuz da, \u201cT\u00fcrk Silahl\u0131 Kuvvetleri\u2019ne 27 y\u0131l hizmet ettim. Silahl\u0131 Kuvvetlerimize sonunda evlad\u0131m\u0131 da verdim. Daha ne yapay\u0131m.\u201d \u015feklinde konu\u015farak duygular\u0131n\u0131 g\u00fc\u00e7l\u00fckle dile getirdi. Ulus Devlet Hastanesi morguna konulan \u015fehit askerin cenazesi d\u00fcn Ulus il\u00e7esinde k\u0131l\u0131nan \u00f6\u011fle namaz\u0131n\u0131n ard\u0131ndan A\u011fak\u00f6y mezarl\u0131\u011f\u0131na defnedildi.<\/p>\n<p style=\"text-align: justify;\"><strong>May\u0131nlar kimin?<\/strong><\/p>\n<p style=\"text-align: justify;\">O\u011fuz\u2019u \u015fehit eden may\u0131n\u0131n kimler taraf\u0131ndan d\u00f6\u015fendi\u011fi belirlenemedi. Van Valili\u011finden yap\u0131lan a\u00e7\u0131klamada \u201c16 Eyl\u00fcl g\u00fcn\u00fc saat 15.50\u2019de Albayrak Hudut Tabur Komutanl\u0131\u011f\u0131 taraf\u0131ndan s\u0131n\u0131r hatt\u0131nda g\u00f6revlendirilen bir er, men\u015fei kimin taraf\u0131ndan ve ne zaman d\u00f6\u015fendi\u011fi hen\u00fcz belli olmayan bir may\u0131n\u0131n patlamas\u0131 sonucu \u015fehit oldu. Olayla ilgili Ba\u015fkale Cumhuriyet Savc\u0131l\u0131\u011f\u0131 ve Askeri Savc\u0131l\u0131k taraf\u0131ndan soru\u015fturma ba\u015flat\u0131lm\u0131\u015f olup, geli\u015fmeler kamuoyu ile payla\u015f\u0131lacakt\u0131r\u201d denildi.<\/p>\n<p style=\"text-align: justify;\"><strong>\u201cHakk\u0131n\u0131 helal et arkada\u015f\u0131m\u201d<\/strong><\/p>\n<p style=\"text-align: justify;\">Bing\u00f6l\u2019\u00fcn Gen\u00e7 il\u00e7esinde bir grup PKK\u2019l\u0131 ile \u00e7\u0131kan \u00e7at\u0131\u015fmada \u015fehit d\u00fc\u015fen Komando Er Muhammet Ayg\u00f6l\u2019\u00fcn (21) Konya\u2019daki evine ate\u015f d\u00fc\u015ft\u00fc. \u015eehit Komando Er Muhammet Ayg\u00f6l\u2019\u00fcn Sel\u00e7uklu \u0130l\u00e7esi\u2019ne ba\u011fl\u0131 S\u0131zma Beldesi\u2019nde oturan ailesine ac\u0131 haberi askerler verdi. 9 y\u0131l \u00f6nce babas\u0131 vefat eden Ayg\u00f6l\u2019\u00fcn annesi 65 ya\u015f\u0131ndaki Cemile Ayg\u00f6l sinir krizi ge\u00e7irerek ambulansla hastaneye kald\u0131r\u0131ld\u0131. 9 karde\u015f olan Ayg\u00f6l\u2019\u00fcn terhisine 2,5 ay kald\u0131\u011f\u0131 bildirildi. Ayg\u00f6l\u2019\u00fcn operasyon sabah\u0131 ayn\u0131 mahalleden arkada\u015f\u0131 Yavuz Tercan ile telefonla konu\u015ftu\u011fu ve operasyona \u00e7\u0131kaca\u011f\u0131n\u0131 s\u00f6yleyerek hakk\u0131n\u0131 helal etmesini istedi\u011fi \u00f6\u011frenildi. Ayg\u00f6l\u2019\u00fcn naa\u015f\u0131 Elaz\u0131\u011f 8. Kolordu Komutanl\u0131\u011f\u0131\u2019nda d\u00fczenlenen t\u00f6renin ard\u0131ndan topra\u011fa verilmek \u00fczere Konya\u2019ya g\u00f6nderildi.<\/p>\n<p style=\"text-align: justify;\"><a href=\"http:\/\/www.yg.yenicaggazetesi.com.tr\/habergoster.php?haber=56349\" target=\"_blank\">Kaynak : Yeni\u00e7a\u011f Gazetesi<\/a><\/p>\n","protected":false},"excerpt":{"rendered":"<p style=\"text-align: center;\">\n<p style=\"text-align: justify;\">Devletin zirvesi m\u00fczakereler i\u00e7in \u201cNormal\u201d diyor, \u00e7ocu\u011funu vatana feda eden \u015fehit ailesi kahroluyor.<\/p>\n<p style=\"text-align: justify;\">Cumhurba\u015fkan\u0131 G\u00fcl\u2019den Ba\u015fbakan Erdo\u011fan\u2019a, TBMM Ba\u015fkan\u0131 \u00c7i\u00e7ek\u2019ten CHP lideri K\u0131l\u0131\u00e7daro\u011flu\u2019na kadar AKP-PKK g\u00f6r\u00fc\u015fmeleri i\u00e7in \u2018normal\u2019 de\u011ferlendirmeleri gelirken, olan yine Mehmet\u00e7i\u011fe ve ac\u0131s\u0131 y\u00fcrek burkan \u015fehit ailelerine oluyor.<\/p>\n","protected":false},"author":1,"featured_media":0,"comment_status":"open","ping_status":"open","sticky":false,"template":"","format":"standard","meta":{"footnotes":""},"categories":[105],"tags":[],"class_list":["post-39957","post","type-post","status-publish","format-standard","hentry","category-gundem","odd"],"_links":{"self":[{"href":"http:\/\/www.korhanyilmaz.com\/index.php?rest_route=\/wp\/v2\/posts\/39957","targetHints":{"allow":["GET"]}}],"collection":[{"href":"http:\/\/www.korhanyilmaz.com\/index.php?rest_route=\/wp\/v2\/posts"}],"about":[{"href":"http:\/\/www.korhanyilmaz.com\/index.php?rest_route=\/wp\/v2\/types\/post"}],"author":[{"embeddable":true,"href":"http:\/\/www.korhanyilmaz.com\/index.php?rest_route=\/wp\/v2\/users\/1"}],"replies":[{"embeddable":true,"href":"http:\/\/www.korhanyilmaz.com\/index.php?rest_route=%2Fwp%2Fv2%2Fcomments&post=39957"}],"version-history":[{"count":0,"href":"http:\/\/www.korhanyilmaz.com\/index.php?rest_route=\/wp\/v2\/posts\/39957\/revisions"}],"wp:attachment":[{"href":"http:\/\/www.korhanyilmaz.com\/index.php?rest_route=%2Fwp%2Fv2%2Fmedia&parent=39957"}],"wp:term":[{"taxonomy":"category","embeddable":true,"href":"http:\/\/www.korhanyilmaz.com\/index.php?rest_route=%2Fwp%2Fv2%2Fcategories&post=39957"},{"taxonomy":"post_tag","embeddable":true,"href":"http:\/\/www.korhanyilmaz.com\/index.php?rest_route=%2Fwp%2Fv2%2Ftags&post=39957"}],"curies":[{"name":"wp","href":"https:\/\/api.w.org\/{rel}","templated":true}]}}