{"id":39952,"date":"2011-09-18T16:56:08","date_gmt":"2011-09-18T13:56:08","guid":{"rendered":"http:\/\/www.korhanyilmaz.com\/?p=39952"},"modified":"2011-09-18T23:54:32","modified_gmt":"2011-09-18T20:54:32","slug":"bahceli-hukumeti-yerden-yere-vurdu","status":"publish","type":"post","link":"http:\/\/www.korhanyilmaz.com\/?p=39952","title":{"rendered":"Bah\u00e7eli h\u00fck\u00fcmeti yerden yere vurdu"},"content":{"rendered":"<p style=\"text-align: center;\"><a href=\"http:\/\/www.korhanyilmaz.com\/wp-content\/uploads\/2011\/09\/5098.jpg\"  class=\"lightview\"><img loading=\"lazy\" decoding=\"async\" class=\"aligncenter size-full wp-image-39953\" src=\"http:\/\/www.korhanyilmaz.com\/wp-content\/uploads\/2011\/09\/5098.jpg\" alt=\"\" width=\"347\" height=\"263\" \/><\/a><\/p>\n<p style=\"text-align: justify;\">Partisinin K\u0131z\u0131lcahamam kamp\u0131n\u0131n sonunda konu\u015fan MHP Genel Ba\u015fkan\u0131 Devlet Bah\u00e7eli, internete s\u0131zan PKK-M\u0130T g\u00f6r\u00fc\u015fmelerini yerden yere vurdu. Ba\u015fbakan Recep Tayyip Erdo\u011fan&#8217;\u0131 \u00f6z\u00fcr dilemeye \u00e7a\u011f\u0131ran Bah\u00e7eli, g\u00f6r\u00fc\u015fmeler ile ilgili de bir dizi soru y\u00f6neltti.<\/p>\n<p style=\"text-align: justify;\">Bah\u00e7eli, K\u0131z\u0131lcahamam Patalya Otel&#8217;de parti kurmaylar\u0131 ve milletvekilleri ile yapt\u0131\u011f\u0131 3 g\u00fcnl\u00fck toplant\u0131lar\u0131n son g\u00fcn\u00fcnde, bas\u0131n toplant\u0131s\u0131 d\u00fczenledi.<!--more--><\/p>\n<p style=\"text-align: justify;\">Toplant\u0131da son geli\u015fmelerin ald\u0131\u011f\u0131 boyut ve T\u00fcrkiye&#8217;nin temel sorunlar\u0131n\u0131n detayl\u0131 bir \u015fekilde ele al\u0131nd\u0131\u011f\u0131n\u0131 belirten Bah\u00e7eli, 12 Haziran&#8217;daki genel se\u00e7imden bu tarafa ge\u00e7en 97 g\u00fcnl\u00fck s\u00fcrede T\u00fcrkiye&#8217;nin muhatap kald\u0131\u011f\u0131 sosyal, siyasal, ekonomik ve b\u00f6l\u00fcc\u00fc ter\u00f6r merkezli sorunlar\u0131n masaya yat\u0131r\u0131ld\u0131\u011f\u0131n\u0131 belirtti.<\/p>\n<p style=\"text-align: justify;\">Bah\u00e7eli, toplant\u0131larda partinin TBMM&#8217;nin a\u00e7\u0131lmas\u0131yla izleyece\u011fi stratejisinin ana hatlar\u0131n\u0131n ortaya konuldu\u011funu kaydetti.<\/p>\n<p style=\"text-align: justify;\">&#8220;Ba\u015fbakan Erdo\u011fan&#8217;\u0131n Bat\u0131&#8217;n\u0131n stratejik planlar\u0131 gere\u011fince kullan\u0131lan bir fig\u00fcr haline gelmesi, bunun kar\u015f\u0131l\u0131\u011f\u0131nda ise kendisine Ortado\u011fu&#8217;da hareket alan\u0131 a\u00e7\u0131lmas\u0131 b\u00fcy\u00fck bir talihsizlik ve sebep olaca\u011f\u0131 sonu\u00e7lar\u0131 itibar\u0131yla t\u00fckeni\u015fin ayak sesleridir&#8221; diyen Bah\u00e7eli, \u015funlar\u0131 kaydetti:<\/p>\n<p style=\"text-align: justify;\">&#8220;AKP h\u00fck\u00fcmetinin dokuz y\u0131ll\u0131k iktidar y\u0131llar\u0131nda karanl\u0131k ve kirli niyetler h\u0131zla mesafe alm\u0131\u015f ve T\u00fcrk devleti tesir alan\u0131 gittik\u00e7e geni\u015fleyen b\u00f6l\u00fcc\u00fc sald\u0131r\u0131lar\u0131n kuca\u011f\u0131na d\u00fc\u015fm\u00fc\u015ft\u00fcr. Vatan\u0131m\u0131z\u0131 b\u00f6lmeyi, milletimizi par\u00e7alamay\u0131 hedefine koyan PKK ter\u00f6r \u00f6rg\u00fct\u00fcne AKP h\u00fck\u00fcmetinin ho\u015fg\u00f6r\u00fc ve iyi niyetle yakla\u015fmas\u0131 T\u00fcrk tarihinin g\u00f6rd\u00fc\u011f\u00fc en b\u00fcy\u00fck rezalet olarak kar\u015f\u0131m\u0131zdad\u0131r. En son olarak Norve\u00e7&#8217;in ba\u015fkenti Oslo&#8217;da kurulan ihanet masalar\u0131n\u0131n ve konu\u015fulanlar\u0131n de\u015fifre olmas\u0131yla AKP&#8217;nin PKK&#8217;yla yanak yana\u011fa, diz dize olmas\u0131 somut olarak belirginlik kazanm\u0131\u015ft\u0131r.<\/p>\n<p style=\"text-align: justify;\">Ba\u015fbakan \u00f6zel temsilcisinin yan\u0131 s\u0131ra, d\u00f6nemin M\u0130T m\u00fcste\u015far yard\u0131mc\u0131s\u0131n\u0131n da haz\u0131r bulundu\u011fu ortamda, PKK militanlar\u0131n\u0131n ve koordinat\u00f6r s\u0131fat\u0131yla bulunan yabanc\u0131 bir \u015fahs\u0131n yer ald\u0131\u011f\u0131 anla\u015f\u0131lm\u0131\u015ft\u0131r.<\/p>\n<p style=\"text-align: justify;\">G\u00f6r\u00fc\u015fmelerin reddedilmesine y\u00f6nelik herhangi bir irade beyan\u0131 ortaya \u00e7\u0131kmad\u0131\u011f\u0131ndan dolay\u0131 PKK-AKP ili\u015fkisi kesinle\u015fmi\u015ftir. Gizli ses ya da video kay\u0131tlar\u0131yla su\u00e7 isnat eden, ortam dinleyen, \u00e7amur atan ve tuzaklar kuran iktidar partisinin, bu defa da kendisi ayn\u0131 duruma d\u00fc\u015fm\u00fc\u015ft\u00fcr. Be\u015finci Oslo g\u00f6r\u00fc\u015fmesi olarak tan\u0131m\u0131 ve tarifi yap\u0131lan h\u0131yanet bulu\u015fmas\u0131n\u0131n servis edilmesiyle AKP&#8217;nin maskesi d\u00fc\u015fm\u00fc\u015f ve inkarc\u0131\u00a0Ba\u015fbakan\u0131n foto\u011fraf\u0131 netle\u015fmi\u015ftir. PKK&#8217;yla yap\u0131lan m\u00fczakerelerin iki boyutu oldu\u011funu g\u00f6rmek laz\u0131md\u0131r. Bunlardan birincisi, m\u00fczakerenin bizatihi varl\u0131\u011f\u0131 ve ter\u00f6r \u00f6rg\u00fct\u00fcyle kurulan yo\u011fun temas ve g\u00f6r\u00fc\u015fme trafi\u011fidir. \u0130kinci olarak da konu\u015fmalar\u0131n muhteviyat\u0131 ve beraberindeki utan\u00e7 verici diyaloglard\u0131r.&#8221;<\/p>\n<p style=\"text-align: justify;\">Konu\u015fmas\u0131nda, &#8220;Yanda\u015f ve i\u015fg\u00fczar bas\u0131n\u0131n, PKK&#8217;yla yap\u0131lan kirli g\u00f6r\u00fc\u015fmelerin daha \u00e7ok \u015fekli k\u0131sm\u0131na odaklanmas\u0131, devletin ter\u00f6r\u00fc bitirmek i\u00e7in her yolu deneyece\u011fini mazeret olarak ileri s\u00fcrmesi kepazelikten ba\u015fka bir anlam ta\u015f\u0131mamaktad\u0131r&#8221; ifadelerini kullanan Bah\u00e7eli, \u015f\u00f6yle devam etti:<\/p>\n<p style=\"text-align: justify;\">&#8220;Bilinmelidir ki art\u0131k ihanet m\u0131zra\u011f\u0131n\u0131 kimsenin \u00e7uvala s\u0131\u011fd\u0131rmas\u0131 m\u00fcmk\u00fcn de\u011fildir. Devletimizi ve milletimizi hunhar sald\u0131r\u0131lar\u0131yla y\u0131kmak ve yok etmek isteyen b\u00f6l\u00fcc\u00fc ter\u00f6r \u00f6rg\u00fct\u00fcn\u00fc aklamaya ve g\u00f6r\u00fc\u015fmeleri masum hale getirmeye kim yelteniyorsa PKK&#8217;yla ayn\u0131 safta g\u00f6r\u00fcnecektir.<\/p>\n<p style=\"text-align: justify;\">Ba\u015fbakan Erdo\u011fan zaten malumumuz olan bir konuda su\u00e7\u00fcst\u00fc yakalanm\u0131\u015f ve kanl\u0131 \u00f6rg\u00fctle nas\u0131l sarma\u015f dola\u015f oldu\u011funu somut olarak g\u00f6stermi\u015ftir. Hali haz\u0131rda M\u0130T M\u00fcste\u015farl\u0131\u011f\u0131 g\u00f6revini y\u00fcr\u00fcten \u015fahs\u0131n, Ba\u015fbakanl\u0131k M\u00fcste\u015far Yard\u0131mc\u0131s\u0131 oldu\u011fu d\u00f6nemde, Ba\u015fbakan Erdo\u011fan&#8217;\u0131n \u00f6zel temsilcisi unvan\u0131yla PKK&#8217;l\u0131larla g\u00f6r\u00fc\u015ft\u00fc\u011f\u00fc ortaya \u00e7\u0131km\u0131\u015ft\u0131r. B\u00f6ylelikle Ba\u015fbakan Erdo\u011fan ve h\u00fck\u00fcmetinin kandan beslenen ter\u00f6ristlerle gizli pazarl\u0131klar y\u00fcr\u00fctt\u00fc\u011f\u00fc ve ter\u00f6re teslim olduklar\u0131 bir kez daha tescil edilmi\u015ftir. Kandil-\u0130mral\u0131-AKP foto\u011fraf\u0131nda eksik yan kalmam\u0131\u015f, melanet t\u00fcm ac\u0131 ve katlan\u0131lmaz haliyle netle\u015fmi\u015ftir.&#8221;<\/p>\n<p style=\"text-align: justify;\">&#8220;\u0130\u015fin i\u00e7inden s\u0131yr\u0131lma hesaplar\u0131&#8221; PKK ile yap\u0131lan m\u00fczakerelerin ge\u00e7ti\u011fimiz y\u0131l\u0131n haziran ay\u0131nda kendisi taraf\u0131ndan g\u00fcndeme getirildi\u011finin alt\u0131n\u0131 \u00e7izen Bah\u00e7eli, &#8220;Ba\u015fbakan Erdo\u011fan bu durum kar\u015f\u0131s\u0131nda \u00f6fke n\u00f6betlerine kap\u0131lm\u0131\u015f, meydanlarda kendini kaybederek bizi \u015ferefsizlikle ve al\u00e7akl\u0131kla itham etmi\u015ftir&#8221; dedi.<\/p>\n<p style=\"text-align: justify;\">Bah\u00e7eli, \u015f\u00f6yle konu\u015ftu:<\/p>\n<p style=\"text-align: justify;\">&#8220;Hakaretlerle \u015fahs\u0131ma ve partime sald\u0131ran Ba\u015fbakan \u0131srarla ve y\u00fcz\u00fc k\u0131zarmadan ter\u00f6r \u00f6rg\u00fct\u00fcyle masaya oturmad\u0131klar\u0131n\u0131 ve oturmayacaklar\u0131n\u0131 ilan etmi\u015ftir. Ancak daha sonra s\u00f6zlerinin alt\u0131nda kalaca\u011f\u0131n\u0131 anlayan bu yalan abidesi, \u0130mral\u0131&#8217;yla g\u00f6r\u00fc\u015fmeleri devletin \u00fczerine y\u0131km\u0131\u015f ve i\u015fin i\u00e7inden s\u0131yr\u0131lma hesaplar\u0131 yapm\u0131\u015ft\u0131r.<\/p>\n<p style=\"text-align: justify;\">Arkas\u0131ndan devlette devaml\u0131l\u0131k oldu\u011funu ileri s\u00fcrerek kendilerinden \u00f6nce de \u0130mral\u0131&#8217;yla irtibat kuruldu\u011funu ifade etmi\u015f ve bunu s\u0131k s\u0131k tekrar etmekten ka\u00e7\u0131nmam\u0131\u015ft\u0131r. Ter\u00f6r \u00f6rg\u00fct\u00fc eleba\u015f\u0131s\u0131yla g\u00f6r\u00fc\u015fme iddialar\u0131n\u0131n kapat\u0131lamayacak bir noktaya geldi\u011fini anlayan Ba\u015fbakan Erdo\u011fan, bu defa da &#8216;iddia sahibi iddias\u0131n\u0131 ispatla m\u00fckelleftir&#8217; diyerek hedef \u015fa\u015f\u0131rtmaya \u00e7al\u0131\u015fm\u0131\u015ft\u0131r.&#8221;<\/p>\n<p style=\"text-align: justify;\">Bah\u00e7eli, Ba\u015fbakan Erdo\u011fan&#8217;a sorular\u0131 oldu\u011funu belirterek, \u015funlar\u0131 s\u00f6yledi:<\/p>\n<p style=\"text-align: justify;\">&#8220;Habur giri\u015finde mutabakat sa\u011flanan, ancak PKK&#8217;n\u0131n uymad\u0131\u011f\u0131 ve AKP planlar\u0131n\u0131n bozuldu\u011fu konular nelerdir? Be\u015finci Oslo g\u00f6r\u00fc\u015fmesinden \u00f6nceki di\u011fer d\u00f6rt g\u00f6r\u00fc\u015fmede neler konu\u015fulmu\u015f ve hangi s\u00f6zler verilmi\u015ftir? \u0130mral\u0131 canisi ve ter\u00f6r \u00f6rg\u00fct\u00fcyle y\u00fczde doksan-doksanbe\u015f oran\u0131nda mutabakat sa\u011flanan konular nelerdir? Sa\u011flanan mutabakat \u00e7er\u00e7evesinde kamuoyunun haz\u0131rlanmas\u0131 i\u00e7in yurt i\u00e7ine y\u00f6nelik y\u00fcr\u00fct\u00fclen kampanyalar\u0131n s\u0131n\u0131rlar\u0131 nerede ve hangi seviyede tutulmu\u015ftur? Kanl\u0131 \u00f6rg\u00fct\u00fcn devlete verdi\u011fi ve devletin de yurt d\u0131\u015f\u0131ndaki ter\u00f6ristlerle payla\u015ft\u0131\u011f\u0131 anla\u015f\u0131lan s\u00f6zde &#8220;\u00f6nderlik yol haritas\u0131&#8221; neleri i\u00e7ermektedir?<\/p>\n<p style=\"text-align: justify;\">Ter\u00f6ristlerin bildi\u011fi konular\u0131 milletimizden saklamak ahlakla, erdemle, ileri demokrasiyle nas\u0131l ba\u011fda\u015fmaktad\u0131r? PKK militan\u0131 Sabri Ok hakk\u0131nda a\u00e7\u0131lmayaca\u011f\u0131 s\u00f6z\u00fc verilen, ancak daha sonra baz\u0131lar\u0131 a\u00e7\u0131lan davalar neleri ihtiva etmektedir? Bir hukuk devletinde h\u00fck\u00fcmet bir ter\u00f6riste yasa d\u0131\u015f\u0131 taahh\u00fctte nas\u0131l bulunabilmektedir?<\/p>\n<p style=\"text-align: justify;\">\u00dczerinde devlet \u00e7ap\u0131nda konsens\u00fcs olu\u015fturulan konular ve bu konularda bug\u00fcne kadar yap\u0131lanlar nelerdir? D\u00f6nemin M\u0130T M\u00fcste\u015far Yard\u0131mc\u0131s\u0131 &#8220;Be\u011fenseniz de be\u011fenmeseniz de yeterli bulsan\u0131z da bulmasan\u0131z da bir y\u0131l i\u00e7erisinde y\u00fcr\u00fctt\u00fc\u011f\u00fcm\u00fcz \u00e7al\u0131\u015fmalar bug\u00fcn bu meseleyi T\u00fcrk kamuoyunda ve T\u00fcrk parlamentosunda tart\u0131\u015f\u0131labilir bir hale getirmi\u015ftir. Bug\u00fcn itibar\u0131yla geldi\u011fimiz noktada \u00f6n\u00fcm\u00fczde i\u015fte haz\u0131rl\u0131\u011f\u0131n\u0131 yapmakta olan bir h\u00fck\u00fcmet ortaya neyi koyaca\u011f\u0131n\u0131 neyi yap\u0131p neyi yapamayaca\u011f\u0131n\u0131 hukuk\u00e7ulara vermi\u015f, Adalet Bakanl\u0131\u011f\u0131 ayr\u0131 bir \u00e7al\u0131\u015fma y\u00fcr\u00fct\u00fcyor daha sonu\u00e7 raporu \u00e7\u0131kmam\u0131\u015f bilmem ne Bakan\u0131na bir g\u00f6rev vermi\u015f \u00e7al\u0131\u015f bakal\u0131m raporunu \u00e7\u0131kart demi\u015f daha sonucu \u00e7\u0131kmam\u0131\u015f&#8221; demektedir.<\/p>\n<p style=\"text-align: justify;\">Bu kapsamda bakanl\u0131klar\u0131n \u00e7al\u0131\u015fmalar\u0131 nelerdir? Ne gibi yasal d\u00fczenlemeler yap\u0131lm\u0131\u015ft\u0131r? Kanun H\u00fckm\u00fcnde Kararname \u00e7\u0131karma yetkisi bunun i\u00e7in mi al\u0131nm\u0131\u015ft\u0131r ve M\u0130T M\u00fcste\u015farl\u0131\u011f\u0131 ya da Ba\u015fbakanl\u0131\u011fa ba\u011fl\u0131 ba\u015fka bir birimce i\u00e7 kamuoyuna y\u00f6nelik herhangi bir psikolojik harekat uygulanm\u0131\u015f m\u0131d\u0131r?<\/p>\n<p style=\"text-align: justify;\">PKK ter\u00f6r \u00f6rg\u00fct\u00fc hangi konularda s\u00f6zde iyi niyet g\u00f6stermi\u015ftir? Milletimizi manip\u00fcle etmek maksad\u0131yla, kanl\u0131 ter\u00f6r \u00f6rg\u00fct\u00fcnden silah b\u0131rakmas\u0131 sembolik manada m\u0131 istenmi\u015ftir? B\u00f6l\u00fcc\u00fc ter\u00f6r yanda\u015flar\u0131n\u0131n lehine kanunsuz i\u015flemler yap\u0131lm\u0131\u015f m\u0131d\u0131r? Ter\u00f6r \u00f6rg\u00fct\u00fc propagandas\u0131na imkan veren, mesela mevzuat ihlalini g\u00f6ze alarak frekans tahsisi gibi uygulamalar ne hakla ve ne c\u00fcretle yerine getirilmi\u015ftir?<\/p>\n<p style=\"text-align: justify;\">M\u0130T eski m\u00fcste\u015far yard\u0131mc\u0131s\u0131n\u0131n dile getirdi\u011fi, metropollere PKK taraf\u0131ndan yerle\u015ftirilen ve vatanda\u015flar\u0131m\u0131z\u0131 vah\u015fice \u00f6ld\u00fcrmeye ayarl\u0131 bombalar hangi \u015fehirlerimizdedir? Bu konuda bir tedbir al\u0131nm\u0131\u015f, failler yakalanm\u0131\u015f m\u0131d\u0131r?&#8221;<\/p>\n<p style=\"text-align: justify;\">Se\u00e7imlerden bug\u00fcne 64 vatan evlad\u0131n\u0131n katledildi\u011fini belirten Bah\u00e7eli,&#8221;Ba\u015fbakan Erdo\u011fan, PKK a\u00e7\u0131l\u0131m\u0131yla ter\u00f6ristlerin \u00fcmidi ve cesaret kayna\u011f\u0131 haline gelmi\u015ftir&#8221; iddias\u0131nda bulundu.<\/p>\n<p style=\"text-align: justify;\">Kandil&#8217;e y\u00f6nelik kara harekat\u0131 yapabilmek i\u00e7in Pe\u015fmerge y\u00f6netiminin ikna edilemedi\u011fini savunan Bah\u00e7eli, &#8220;Ayr\u0131ca Kandil&#8217;e y\u00f6nelik kara hareketinin y\u00fcksek sesle duyurulmas\u0131, PKK&#8217;ya durumunu g\u00f6zden ge\u00e7irmesi i\u00e7in ikaz; milletimizin artan beklentilerini y\u00f6netmek i\u00e7in ise bir taktiktir&#8221; dedi.<\/p>\n<p style=\"text-align: justify;\"><strong>&#8220;Erdo\u011fan T\u00fcrk d\u0131\u015f politikas\u0131n\u0131n omurgas\u0131n\u0131 zedeledi&#8221;\u00a0<\/strong><\/p>\n<p style=\"text-align: justify;\">AK Parti h\u00fck\u00fcmetinin izledi\u011fi d\u0131\u015f politikan\u0131n T\u00fcrkiye&#8217;yi p\u00fcr\u00fczl\u00fc, engebeli ve tahrip d\u00fczeyi y\u00fcksek bir alana do\u011fru h\u0131zla \u00e7ekti\u011fini iddia eden Bah\u00e7eli, \u015funlar\u0131 s\u00f6yledi:<\/p>\n<p style=\"text-align: justify;\">&#8220;Ba\u015fbakan Erdo\u011fan uluslararas\u0131 \u00e7evrelerden ald\u0131\u011f\u0131 gazla T\u00fcrk d\u0131\u015f politikas\u0131n\u0131n omurgas\u0131n\u0131 zedelemi\u015f; T\u00fcrkiye&#8217;yi de\u011fi\u015fken, g\u00fcvenilmez, bir dedi\u011fi bir dedi\u011fini tutmayan, zamana ve \u015fartlara g\u00f6re k\u0131vr\u0131lan, ki\u015filere, ba\u015fkentlere g\u00f6re esneyen ba\u011f\u0131ml\u0131 bir \u00fclke durumuna sokmu\u015ftur.<\/p>\n<p style=\"text-align: justify;\">AKP h\u00fck\u00fcmeti &#8216;kazan-kazan&#8217; kli\u015fesiyle ba\u015flatt\u0131\u011f\u0131 uluslararas\u0131 ili\u015fkiler politikas\u0131nda; \u00f6n ald\u0131k, dik durduk, s\u00f6z\u00fcm\u00fcz dinlendi, tabular\u0131 y\u0131kt\u0131k ve s\u0131f\u0131r sorun gibi ara duraklarla mola vermi\u015f, ne var ki yine de hedeflerinin \u00e7ok gerisine d\u00fc\u015fmekten ka\u00e7amam\u0131\u015ft\u0131r.<\/p>\n<p style=\"text-align: justify;\">Zira h\u00fck\u00fcmetin vizyon fukaras\u0131 olmas\u0131 ve arkas\u0131ndaki muazzam be\u015feri ve co\u011frafi g\u00fcc\u00fc k\u00fcresel menfaat \u00f6n plana \u00e7\u0131k\u0131nca unutmas\u0131 ve yabanc\u0131 ba\u015fkentlerin kap\u0131lar\u0131nda aman dilenmesi ba\u015far\u0131s\u0131zl\u0131\u011f\u0131n\u0131n a\u00e7\u0131k resmidir.<\/p>\n<p style=\"text-align: justify;\">AKP&#8217;nin d\u0131\u015f politikas\u0131, \u00fclkemizin milli \u00e7\u0131karlar\u0131n\u0131 korumak ve savunmak yerine, g\u00fcn\u00fc ve g\u00f6r\u00fcnt\u00fcy\u00fc kurtarmaya odaklanm\u0131\u015ft\u0131r. Ba\u015fbakan Erdo\u011fan&#8217;\u0131n &#8216;s\u0131f\u0131r sorun&#8217; slogan\u0131 nihayetinde duvara toslam\u0131\u015f ve herkesle sorun ya\u015fayan bir i\u00e7eri\u011fe b\u00fcr\u00fcnm\u00fc\u015ft\u00fcr.&#8221;<\/p>\n<p style=\"text-align: justify;\"><strong>&#8220;Sahte \u0130srail d\u00fc\u015fmanl\u0131\u011f\u0131&#8221;<\/strong><\/p>\n<p style=\"text-align: justify;\">T\u00fcrkiye&#8217;nin art\u0131k g\u00fcndem belirleyen de\u011fil, g\u00fcndemin pe\u015finden s\u00fcr\u00fcklenen bir \u00fclke g\u00f6r\u00fcn\u00fcm\u00fcne geldi\u011fini savunan Bah\u00e7eli, &#8220;Buna ra\u011fmen Ba\u015fbakan Erdo\u011fan sahte \u0130srail d\u00fc\u015fmanl\u0131\u011f\u0131 ve kar\u015f\u0131tl\u0131\u011f\u0131yla ki\u015fisel imaj\u0131n\u0131 korumaya ve kendisini avutmaya \u00e7al\u0131\u015fmaktad\u0131r&#8221; iddias\u0131nda bulundu.<\/p>\n<p style=\"text-align: justify;\">Bah\u00e7eli, \u015f\u00f6yle devam etti:<\/p>\n<p style=\"text-align: justify;\">&#8220;\u0130srail&#8217;in uluslararas\u0131 hukuku ve insanl\u0131\u011f\u0131n kurallar\u0131n\u0131 \u00e7i\u011fneyerek Mavi Marmara gemisine sald\u0131rmas\u0131n\u0131n ve dokuz vatanda\u015f\u0131m\u0131z\u0131 hunharca katletmesinin \u00fczerinden onbe\u015f aya yak\u0131n bir s\u00fcre ge\u00e7mi\u015ftir. Bilindi\u011fi \u00fczere, bu al\u00e7ak sald\u0131r\u0131 kar\u015f\u0131s\u0131nda iktidar ve muhalefetiyle T\u00fcrkiye kenetlenmi\u015f; \u0130srail&#8217;e etkili yapt\u0131r\u0131mlar uygulanmas\u0131, siyasi, ekonomik, hukuki ve askeri alanlarda gerekli tedbirlerin al\u0131nmas\u0131 konusunda ortak tav\u0131r sergilenmi\u015ftir.<\/p>\n<p style=\"text-align: justify;\">TBMM&#8217;deki siyasi partiler bu konuda bir bildiri yay\u0131nlam\u0131\u015f ve \u0130srail&#8217;e ka\u015f\u0131 al\u0131nmas\u0131 beklenen acil tedbirler konusunda AKP h\u00fck\u00fcmetine \u00e7a\u011fr\u0131da bulunmu\u015flard\u0131r. Ancak h\u00fck\u00fcmet \u0130srail&#8217;e kar\u015f\u0131 hi\u00e7bir tedbir almam\u0131\u015f ve atalet i\u00e7inde bu \u00fclkenin pe\u015finden ko\u015fmu\u015ftur.<\/p>\n<p style=\"text-align: justify;\">Bununla da yetinmemi\u015f, konuyu Birle\u015fmi\u015f Milletlere havale ederek olu\u015fturulan soru\u015fturma komisyonun insaf\u0131na teslim etmi\u015ftir. Komisyonun \u0130srail&#8217;in Gazze ablukas\u0131na me\u015fruiyet kazand\u0131ran raporunun bas\u0131na s\u0131zmas\u0131 \u00fczerine Ba\u015fbakan ve h\u00fck\u00fcmeti tela\u015fla \u0130srail&#8217;e kar\u015f\u0131 onbe\u015f ay \u00f6nce almas\u0131 gereken baz\u0131 \u00f6nlemleri a\u00e7\u0131klam\u0131\u015ft\u0131r.&#8221;<\/p>\n<p style=\"text-align: justify;\"><strong>&#8220;Tedbirler esasen gecikmi\u015f ve yetersizdir&#8221;\u00a0<\/strong><\/p>\n<p style=\"text-align: justify;\">Konunun h\u00fck\u00fcmet taraf\u0131ndan Lahey Adalet Divan\u0131na ta\u015f\u0131nma kararl\u0131l\u0131\u011f\u0131n\u0131n da a\u00e7mazlar\u0131 ve baz\u0131 sorunlu hukuki taraflar\u0131 oldu\u011funu anlatan Bah\u00e7eli, AK Parti h\u00fck\u00fcmetinin \u0130srail&#8217;e kar\u015f\u0131 uygulayaca\u011f\u0131 tedbirlerin esasen gecikmi\u015f ve yetersiz oldu\u011funu s\u00f6yledi.<\/p>\n<p style=\"text-align: justify;\">Bah\u00e7eli, s\u00f6zlerini \u015f\u00f6yle s\u00fcrd\u00fcrd\u00fc:<\/p>\n<p style=\"text-align: justify;\">&#8220;Bir defa ekonomik yapt\u0131r\u0131mlar pakette yer almam\u0131\u015ft\u0131r. Do\u011fu Akdeniz&#8217;de seyr\u00fcsefer serbestisi i\u00e7in gerekli \u00f6nlemlerin al\u0131nma ifadesi de belirsizliklerle ve tehlikelerle doludur. Mavi Marmara&#8217;y\u0131 korumas\u0131z bir \u015fekilde ve g\u00f6z g\u00f6re g\u00f6re \u0130srail sald\u0131r\u0131s\u0131na maruz b\u0131rakan AKP h\u00fck\u00fcmetinin, bug\u00fcn bu karar\u0131 almas\u0131 son derece d\u00fc\u015f\u00fcnd\u00fcr\u00fcc\u00fcd\u00fcr.<\/p>\n<p style=\"text-align: justify;\">Ba\u015fbakan trib\u00fcnlere oynamay\u0131 b\u0131rakmal\u0131 ve \u015fu sorular\u0131m\u0131za a\u00e7\u0131kl\u0131kla cevap vermelidir: Yard\u0131m gemilerine askeri destek denizde nereye kadar s\u00fcrecektir? Gazze&#8217;ye kadar, uluslararas\u0131 sular\u0131n bitti\u011fi karasular\u0131n\u0131n ba\u015flad\u0131\u011f\u0131 noktaya kadar gidilecek midir? T\u00fcrk donanmas\u0131, yabanc\u0131 \u00fclke karasular\u0131na s\u00f6z konusu ama\u00e7 \u00e7er\u00e7evesinde girebilecek midir?<\/p>\n<p style=\"text-align: justify;\">Ba\u015fbakan Erdo\u011fan&#8217;\u0131n kendi a\u011fz\u0131ndan \u00e7\u0131kan\u0131 kula\u011f\u0131 duymamakta ve \u015fov u\u011fruna g\u00f6z\u00fc kararm\u0131\u015f\u00e7as\u0131na hamasete ba\u015fvurmaktad\u0131r. Madem muhtemel yard\u0131m gemilerine refakat edilmesinde bu kadar isteklidir; o halde ilk yard\u0131m seferinde kendisinin ba\u015f\u0131 \u00e7ekmesi s\u00f6z\u00fcn\u00fcn yere d\u00fc\u015fmemesi a\u00e7\u0131s\u0131ndan yerinde olacakt\u0131r.&#8221;<\/p>\n<p style=\"text-align: justify;\">\u0130srail&#8217;in Gazze&#8217;ye uygulad\u0131\u011f\u0131 ambargo ve ablukan\u0131n insanl\u0131k d\u0131\u015f\u0131 ve hukuksuz oldu\u011funu s\u00f6yleyen Bah\u00e7eli, &#8220;Ne var ki sorun yaln\u0131zca burada de\u011fildir, sald\u0131rganl\u0131k, vah\u015fet ve dramlar bir tek Gazze&#8217;de ya\u015fanmamaktad\u0131r&#8221; diye konu\u015ftu.<\/p>\n<p style=\"text-align: justify;\">Ba\u015fbakan Erdo\u011fan&#8217;\u0131n, Gazze kadar Da\u011fl\u0131k Karaba\u011f&#8217;\u0131 da hat\u0131rlamas\u0131 ve yap\u0131lan bask\u0131, i\u015fgal ve zul\u00fcmlerin bitirilmesi konusunda Ermenistan y\u00f6netimine \u00e7a\u011fr\u0131da bulunmas\u0131n\u0131 isteyen Bah\u00e7eli, Filistinlilerin feryatlar\u0131n\u0131n kendilerini derinden \u00fczd\u00fc\u011f\u00fcn\u00fc vurgulad\u0131.<\/p>\n<p style=\"text-align: justify;\"><strong>&#8220;Dar ve tehlikeli bir alana s\u0131k\u0131\u015ft\u0131r\u0131ld\u0131&#8230;&#8221;\u00a0<\/strong><\/p>\n<p style=\"text-align: justify;\">Bah\u00e7eli, Hamas odakl\u0131 bir Filistin politikas\u0131n\u0131n millete ne getirip ne g\u00f6t\u00fcrece\u011finin iyi d\u00fc\u015f\u00fcn\u00fclmesi gerekti\u011fini s\u00f6yledi.<\/p>\n<p style=\"text-align: justify;\">&#8220;Ne yaz\u0131k ki T\u00fcrk d\u0131\u015f politikas\u0131 Gazze;nin gelece\u011fine hapsedilmi\u015f, dar ve tehlikeli bir alana s\u0131k\u0131\u015ft\u0131r\u0131lm\u0131\u015ft\u0131r&#8221; diyen Bah\u00e7eli, \u015f\u00f6yle devam etti:<\/p>\n<p style=\"text-align: justify;\">&#8220;Ba\u015fbakan Erdo\u011fan;\u0131n Gazze;yi ziyaret etmek istemesi de i\u00e7i bo\u015f laft\u0131r ve hi\u00e7bir inand\u0131r\u0131c\u0131l\u0131\u011f\u0131 yoktur. Kald\u0131 ki, bu hamle tamamen temiz ve inan\u00e7l\u0131 vicdanlar\u0131 aldatma amac\u0131na y\u00f6neliktir. Ba\u015fbakan Erdo\u011fan \u015fayet gemiyle gidemiyorsa, Gazze&#8217;ye gidebilmesinin tek yolu M\u0131s\u0131r&#8217;daki Refah s\u0131n\u0131r kap\u0131s\u0131d\u0131r.<\/p>\n<p style=\"text-align: justify;\">Bunun i\u00e7in de M\u0131s\u0131r&#8217;\u0131n m\u00fcsaadesi gereklidir. Son M\u0131s\u0131r gezisi \u00f6ncesi Gazze&#8217;ye ge\u00e7meyi g\u00fcndemde tutarak ucuz kahramanl\u0131k yapan Ba\u015fbakan, bu konuda gerekli izni alamam\u0131\u015f ve M\u0131s\u0131r duvar\u0131n\u0131 a\u015famam\u0131\u015ft\u0131r.<\/p>\n<p style=\"text-align: justify;\">Tahrir Meydan\u0131nda M\u0131s\u0131rl\u0131lara hitap etme talebi de kar\u015f\u0131l\u0131k bulmam\u0131\u015f ve bu hayali ger\u00e7ekle\u015fmemi\u015ftir. M\u0131s\u0131r&#8217;\u0131n vesayet\u00e7i y\u00f6netimi Ba\u015fbakan Erdo\u011fan&#8217;a s\u0131n\u0131r \u00e7izmi\u015f ve beklentilerini kar\u015f\u0131larken dengeyi ka\u00e7\u0131rmam\u0131\u015ft\u0131r. T\u00fcrkiye&#8217;den g\u00f6nderildi\u011fi iddia edilen posterleri, afi\u015fleri ve pankartlar\u0131 ellerinde ta\u015f\u0131yan bindirilmi\u015f k\u0131talar Ba\u015fbakan&#8217;\u0131 ve \u00e7evresindekileri \u0131smarlama tezah\u00fcratlar e\u015fli\u011finde kar\u015f\u0131lam\u0131\u015flard\u0131r.<\/p>\n<p style=\"text-align: justify;\">Ancak ba\u011f\u0131ms\u0131z, onurlu, tarihi olan, millilik vasf\u0131n\u0131 kaybetmemi\u015f bir \u00fclkenin vatanda\u015flar\u0131, yabanc\u0131 bir \u00fclkenin siyasi y\u00f6neticisini b\u00f6ylesi bir atmosferde asla kar\u015f\u0131lamay\u0131 d\u00fc\u015f\u00fcnemeyecektir. Bu y\u00fczden, olu\u015fturulan kalabal\u0131klar abart\u0131 ve tertipten ba\u015fka bir \u015fey de\u011fildir.<\/p>\n<p style=\"text-align: justify;\">Ba\u015fbakan Erdo\u011fan bir taraftan \u0130srail kar\u015f\u0131tl\u0131\u011f\u0131yla Arap zemherisinde \u0131s\u0131nmaya \u00e7al\u0131\u015f\u0131rken, di\u011fer taraftan amac\u0131 \u0130srail&#8217;i \u0130ran&#8217;a kar\u015f\u0131 korumak olan NATO F\u00fcze Kalkan\u0131 Projesi&#8217;ne kat\u0131lmakta ve bu sistemin erken uyar\u0131 radarlar\u0131n\u0131n Malatya&#8217;da konu\u015fland\u0131r\u0131lmas\u0131na onay vermektedir. Ba\u015fbakan Erdo\u011fan \u0130srail&#8217;i koruma alt\u0131na al\u0131rken, kom\u015fu co\u011frafyalardaki s\u00f6zde etkisini s\u00fcrd\u00fcrebilmek ad\u0131na sahte bir kavgan\u0131n taraf\u0131 olmaya devam etmektedir.&#8221;<\/p>\n<p style=\"text-align: justify;\"><strong>&#8220;Kom\u015fu co\u011frafyalardaki gerilimin bir ucu&#8221;\u00a0<\/strong><\/p>\n<p style=\"text-align: justify;\">Bah\u00e7eli, ele\u015ftirilerini \u015f\u00f6yle s\u00fcrd\u00fcrd\u00fc:<\/p>\n<p style=\"text-align: justify;\">&#8220;Ba\u015fbakan&#8217;\u0131n ne \u0130srail&#8217;le ne de Irak ve Afganistan&#8217;da M\u00fcsl\u00fcmanlar\u0131 katleden k\u00fcresel g\u00fc\u00e7lerle bir sorunu vard\u0131r. Zira onlar\u0131n ekseninden \u00e7\u0131kmad\u0131\u011f\u0131n\u0131 g\u00f6sterebilmek ad\u0131na son Ortado\u011fu gezisinde inanmasa da laiklik mesajlar\u0131 vermi\u015f ve BOP&#8217;un tavsiyesi olan \u0131l\u0131ml\u0131 \u0130slam anlay\u0131\u015f\u0131n\u0131n yerle\u015fmesine talip oldu\u011funu bir kez daha ima etmi\u015ftir.<\/p>\n<p style=\"text-align: justify;\">BOP E\u015fba\u015fkan\u0131 s\u0131fat\u0131yla, k\u00fcresel hesaplar\u0131n ger\u00e7ekle\u015fmesine yard\u0131m eden Ba\u015fbakan Erdo\u011fan, kendisine sunulan imkan dahilinde M\u0131s\u0131r, Tunus ve Libya&#8217;da temaslar\u0131n\u0131 y\u00fcr\u00fctm\u00fc\u015ft\u00fcr.<\/p>\n<p style=\"text-align: justify;\">F\u00fcze Savunma Kalkan\u0131n\u0131n Malatya&#8217;ya kurulmas\u0131n\u0131n kar\u015f\u0131l\u0131\u011f\u0131 olarak kendisine tan\u0131nan f\u0131rsatlar\u0131 kullanan Ba\u015fbakan&#8217;\u0131n, kom\u015fu co\u011frafyalardaki gerilimin bir ucu haline geldi\u011fi ortadad\u0131r.<\/p>\n<p style=\"text-align: justify;\">Ba\u015fbakan ve h\u00fck\u00fcmeti ne yaparsa yaps\u0131n pe\u015flerini ve yakalar\u0131n\u0131 b\u0131rakmayaca\u011f\u0131m\u0131z\u0131 buradan ifade etmek istiyorum. Korkunun, ku\u015fkunun ve kayg\u0131n\u0131n AKP&#8217;yle artt\u0131\u011f\u0131 alacakaranl\u0131k d\u00f6nem mutlaka sona erecektir. Milliyet\u00e7i Hareket Partisi buna b\u00fct\u00fcn i\u00e7tenli\u011fiyle inanmakta ve bunu sa\u011flayacak b\u00fcy\u00fck T\u00fcrk milletine sonuna kadar g\u00fcvenmektedir.&#8221;<\/p>\n<p style=\"text-align: justify;\"><strong>&#8220;Muhalefete de laf yeti\u015ftirmeye niyetimiz yok&#8221;\u00a0<\/strong><\/p>\n<p style=\"text-align: justify;\">Bir gazetecinin, &#8220;CHP Genel Ba\u015fkan\u0131 Kemal K\u0131l\u0131\u00e7daro\u011flu, &#8216;Biz g\u00f6r\u00fc\u015fmeye de\u011fil ama Ba\u015fbakan&#8217;\u0131n yalan s\u00f6ylemesine tepki g\u00f6sterdik&#8217; dedi. Bunu nas\u0131l de\u011ferlendirmek gerekiyor, sizin bu g\u00f6r\u00fc\u015fmenin mazur g\u00f6r\u00fclmesine g\u00f6sterdi\u011finiz tepkinin \u0131\u015f\u0131\u011f\u0131nda&#8221; \u015feklindeki soruya kar\u015f\u0131l\u0131k Bah\u00e7eli, &#8220;Bizim s\u00f6z\u00fcm\u00fcz iktidarad\u0131r. Ayr\u0131ca muhalefete de laf yeti\u015ftirmeye niyetimiz yoktur&#8221; yan\u0131t\u0131n\u0131 verdi.<\/p>\n<p style=\"text-align: justify;\">Bir ba\u015fka gazetecinin &#8220;D\u0131\u015fi\u015fleri Bakan\u0131&#8217;n\u0131n M\u0130T-PKK g\u00f6r\u00fc\u015fmesine ili\u015fkin &#8216;istihbarat \u00e7al\u0131\u015fmas\u0131&#8217; de\u011ferlendirmesi oldu. Bu bir istihbarat \u00e7al\u0131\u015fmas\u0131 m\u0131 m\u00fczakere mi?&#8221; \u015feklindeki soruya ise Bah\u00e7eli, &#8220;Metin \u00e7ok a\u00e7\u0131k. Bu c\u00fcmleden hareketle say\u0131n D\u0131\u015fi\u015fleri Bakan\u0131&#8217;n\u0131n yanl\u0131\u015flar \u00fczerine yanl\u0131\u015f yapt\u0131\u011f\u0131 bir d\u00f6nemi ya\u015famaktad\u0131r. Biraz susmas\u0131nda, erken konu\u015fmas\u0131ndan vazge\u00e7mesinde yarar vard\u0131r diye d\u00fc\u015f\u00fcn\u00fcyorum&#8221; dedi.<\/p>\n<p style=\"text-align: justify;\">Bah\u00e7eli, bir gazetecinin, partisinin internetteki ses kay\u0131tlar\u0131na ili\u015fkin ge\u00e7 a\u00e7\u0131klama yapt\u0131\u011f\u0131n\u0131 ifade etmesi \u00fczerine, &#8220;\u0130stifa eden Genelkurmay Ba\u015fkan\u0131&#8217;n\u0131n g\u00f6stermi\u015f oldu\u011fu hassasiyeti, iktidardan da bekledi\u011fimi ifade edeyim. Olmay\u0131nca bu iki g\u00fcn s\u00fcren g\u00fczel toplant\u0131m\u0131z\u0131n sonucunda siz de\u011ferli arkada\u015flar\u0131m\u0131za \u00e7al\u0131\u015fmalar hakk\u0131nda bilgi verirken bu konuda da d\u00fc\u015f\u00fcncelerimiz payla\u015fma iste\u011fidir. MHP her zaman sab\u0131rl\u0131, ihtiyatl\u0131 bir siyasi partidir. Erken ve acele konu\u015fmay\u0131 sevmez MHP&#8221; dedi.<\/p>\n<p style=\"text-align: justify;\">&#8220;H\u00fck\u00fcmetin istifa etmesi gerekti\u011fini mi d\u00fc\u015f\u00fcn\u00fcyorsunuz&#8221; sorusuna Bah\u00e7eli, &#8220;H\u00fck\u00fcmet 326 ile istifay\u0131 i\u00e7ine sindirecek bir durumda de\u011fil&#8221; diye yan\u0131tlad\u0131.<\/p>\n<p style=\"text-align: justify;\">Bah\u00e7eli, Kuran kurslar\u0131ndaki ya\u015f s\u0131n\u0131r\u0131n\u0131n KHK ile kald\u0131r\u0131ld\u0131\u011f\u0131n\u0131n hat\u0131rlat\u0131lmas\u0131 \u00fczerine &#8220;Eskiden b\u00f6yle bir Kuran Kursu ile ilgili uygulama yoktu. 57. H\u00fck\u00fcmette belirli bir ya\u015f s\u0131n\u0131r\u0131na indirilmi\u015fti. \u015eimdiki iktidar biraz daha a\u015fa\u011f\u0131 \u00e7ekmesiyle hay\u0131rl\u0131 bir ad\u0131m atm\u0131\u015ft\u0131r&#8221; dedi.<\/p>\n<p style=\"text-align: justify;\"><a href=\"http:\/\/www.cnnturk.com\/2011\/turkiye\/09\/18\/bahceli.hukumeti.yerden.yere.vurdu\/629650.0\/index.html\" target=\"_blank\">Kaynak : CNN T\u00dcRK<\/a><\/p>\n","protected":false},"excerpt":{"rendered":"<p style=\"text-align: center;\">\n<p style=\"text-align: justify;\">Partisinin K\u0131z\u0131lcahamam kamp\u0131n\u0131n sonunda konu\u015fan MHP Genel Ba\u015fkan\u0131 Devlet Bah\u00e7eli, internete s\u0131zan PKK-M\u0130T g\u00f6r\u00fc\u015fmelerini yerden yere vurdu. Ba\u015fbakan Recep Tayyip Erdo\u011fan&#8217;\u0131 \u00f6z\u00fcr dilemeye \u00e7a\u011f\u0131ran Bah\u00e7eli, g\u00f6r\u00fc\u015fmeler ile ilgili de bir dizi soru y\u00f6neltti.<\/p>\n<p style=\"text-align: justify;\">Bah\u00e7eli, K\u0131z\u0131lcahamam Patalya Otel&#8217;de parti kurmaylar\u0131 ve milletvekilleri ile yapt\u0131\u011f\u0131 3 g\u00fcnl\u00fck toplant\u0131lar\u0131n son g\u00fcn\u00fcnde, <\/p>\n","protected":false},"author":1,"featured_media":0,"comment_status":"open","ping_status":"open","sticky":false,"template":"","format":"standard","meta":{"footnotes":""},"categories":[105],"tags":[],"class_list":["post-39952","post","type-post","status-publish","format-standard","hentry","category-gundem","odd"],"_links":{"self":[{"href":"http:\/\/www.korhanyilmaz.com\/index.php?rest_route=\/wp\/v2\/posts\/39952","targetHints":{"allow":["GET"]}}],"collection":[{"href":"http:\/\/www.korhanyilmaz.com\/index.php?rest_route=\/wp\/v2\/posts"}],"about":[{"href":"http:\/\/www.korhanyilmaz.com\/index.php?rest_route=\/wp\/v2\/types\/post"}],"author":[{"embeddable":true,"href":"http:\/\/www.korhanyilmaz.com\/index.php?rest_route=\/wp\/v2\/users\/1"}],"replies":[{"embeddable":true,"href":"http:\/\/www.korhanyilmaz.com\/index.php?rest_route=%2Fwp%2Fv2%2Fcomments&post=39952"}],"version-history":[{"count":0,"href":"http:\/\/www.korhanyilmaz.com\/index.php?rest_route=\/wp\/v2\/posts\/39952\/revisions"}],"wp:attachment":[{"href":"http:\/\/www.korhanyilmaz.com\/index.php?rest_route=%2Fwp%2Fv2%2Fmedia&parent=39952"}],"wp:term":[{"taxonomy":"category","embeddable":true,"href":"http:\/\/www.korhanyilmaz.com\/index.php?rest_route=%2Fwp%2Fv2%2Fcategories&post=39952"},{"taxonomy":"post_tag","embeddable":true,"href":"http:\/\/www.korhanyilmaz.com\/index.php?rest_route=%2Fwp%2Fv2%2Ftags&post=39952"}],"curies":[{"name":"wp","href":"https:\/\/api.w.org\/{rel}","templated":true}]}}