{"id":39947,"date":"2011-09-18T13:15:49","date_gmt":"2011-09-18T10:15:49","guid":{"rendered":"http:\/\/www.korhanyilmaz.com\/?p=39947"},"modified":"2011-09-18T22:56:14","modified_gmt":"2011-09-18T19:56:14","slug":"gul-terorun-bitmesi-butun-yontemler-kullanilir","status":"publish","type":"post","link":"http:\/\/www.korhanyilmaz.com\/?p=39947","title":{"rendered":"G\u00fcl: Ter\u00f6r\u00fcn bitmesi b\u00fct\u00fcn y\u00f6ntemler kullan\u0131l\u0131r"},"content":{"rendered":"<p style=\"text-align: center;\"><a href=\"http:\/\/www.korhanyilmaz.com\/wp-content\/uploads\/2011\/09\/5097.jpg\"  class=\"lightview\"><img loading=\"lazy\" decoding=\"async\" class=\"aligncenter size-full wp-image-39948\" src=\"http:\/\/www.korhanyilmaz.com\/wp-content\/uploads\/2011\/09\/5097.jpg\" alt=\"\" width=\"336\" height=\"223\" \/><\/a><\/p>\n<p style=\"text-align: justify;\">Cumhurba\u015fkan\u0131 G\u00fcl M\u0130T-PKK g\u00f6r\u00fc\u015fmesi i\u00e7in konu\u015ftu: \u0130stihbarat birimleri \u00fcst\u00fcne d\u00fc\u015feni yapm\u0131\u015f.<\/p>\n<p style=\"text-align: justify;\">\u0130STANBUL &#8211; Cumhurba\u015fkan\u0131 Abdullah G\u00fcl, e\u015fi Hayr\u00fcnnisa G\u00fcl, Ba\u015fbakan Yard\u0131mc\u0131s\u0131 Bekir Bozda\u011f ile Almanya\u2019ya gitti. THY ait \u00f6zel bir u\u00e7akla Almanya\u2019ya giden Cumhurba\u015fkan\u0131 Abdullah G\u00fcl, Almanya ziyareti ile ilgili a\u00e7\u0131klamalarda bulundu. M\u0130T ve PKK g\u00f6r\u00fc\u015fmelerinin kamuoyuna s\u0131zd\u0131r\u0131lmas\u0131 ile ilgili bir soru \u00fczerine Cumhurba\u015fkan\u0131 G\u00fcl, &#8220;Her devletin bu tip s\u00fcre\u00e7lerde g\u00f6r\u00fc\u015fmelerle ilgili bir kurumu vard\u0131r.<!--more--><\/p>\n<p style=\"text-align: justify;\">Bu da istihbarat te\u015fkilat\u0131d\u0131r. Dolay\u0131s\u0131yla istihbarat te\u015fkilat\u0131m\u0131z\u0131n T\u00fcrkiye\u2019nin en \u00f6nemli meselesi olan b\u00f6yle bir konuyla u\u011fra\u015f\u0131yor olmas\u0131, bunun i\u00e7inde olmas\u0131ndan dolay\u0131 gayet tabii bir \u015fey olamaz. Ama\u00e7 ter\u00f6r\u00fc bitirmek. Ter\u00f6r\u00fc bitirmenin b\u00fct\u00fcn y\u00f6ntemleri bir strateji \u00e7er\u00e7evesi i\u00e7erisinde y\u00fcr\u00fct\u00fcl\u00fcr, istihbarat te\u015fkilat\u0131 da bu \u00e7er\u00e7evede \u00fcst\u00fcne d\u00fc\u015feni yapar&#8221; dedi.<\/p>\n<p style=\"text-align: justify;\"><strong>BAKANLAR ALMANYA\u2019DA KATILACAK\u00a0<\/strong><\/p>\n<p style=\"text-align: justify;\">Almanya\u2019ya yapaca\u011f\u0131 ziyaret ile ilgili olarak Atat\u00fcrk Havaliman\u0131 Devlet Konukevi\u2019nde bir bas\u0131n toplant\u0131s\u0131 d\u00fczenleyen Cumhurba\u015fkan\u0131 G\u00fcl, \u015funlar\u0131 s\u00f6yledi: &#8220;Almanya Federal Cumhuriyeti Cumhurba\u015fkan\u0131, De\u011ferli Dostum Say\u0131n Christian Wulff\u2019un davetine icabetle, bir Devlet Ziyaretinde bulunmak \u00fczere biraz sonra Berlin\u2019e hareket edece\u011fim. Beraberimdeki \u00fcst d\u00fczeyli heyette Ba\u015fbakan Yard\u0131mc\u0131s\u0131 Say\u0131n Bekir Bozda\u011f, bize Berlin\u2019de kat\u0131lacak olan Maliye Bakan\u0131 Say\u0131n Mehmet \u015eim\u015fek ve Ekonomi Bakan\u0131 Say\u0131n Zafer \u00c7a\u011flayan, ziyarete Stuttgart\u2019ta dahil olacak Enerji ve Tabii Kaynaklar Bakan\u0131 Say\u0131n Taner Y\u0131ld\u0131z ile Bilim, Sanayi ve Teknoloji Bakan\u0131 Say\u0131n Nihat Erg\u00fcn bulunuyor. Heyetimizde ayr\u0131ca, de\u011ferli milletvekillerimiz ile bas\u0131n ve akademi d\u00fcnyam\u0131z\u0131n se\u00e7kin temsilcileri de yer al\u0131yor.&#8221;<\/p>\n<p style=\"text-align: justify;\"><strong>9 YIL ARADAN SONRA\u00a0<\/strong><\/p>\n<p style=\"text-align: justify;\">Ziyaretinin, Almanya Cumhurba\u015fkan\u0131 Wulff\u2019un ge\u00e7ti\u011fimiz Ekim ay\u0131nda T\u00fcrkiye\u2019ye ger\u00e7ekle\u015ftirdi\u011fi devlet ziyaretinin iadesi niteli\u011fini ta\u015f\u0131d\u0131\u011f\u0131n\u0131 da belirten G\u00fcl, &#8221; B\u00f6ylece, yakla\u015f\u0131k dokuz y\u0131ll\u0131k bir aradan sonra Almanya\u2019ya \u00fclkemizden bir kez daha Devlet Ba\u015fkan\u0131 seviyesinde ziyaret ger\u00e7ekle\u015ftirilmi\u015f olacakt\u0131r. Ziyaretimin, \u2019T\u00fcrkiye-Almanya \u0130\u015fg\u00fcc\u00fc Anla\u015fmas\u0131\u2019n\u0131n imzalanmas\u0131n\u0131n 50. y\u0131ld\u00f6n\u00fcm\u00fcne denk gelmesi ise ayr\u0131 bir \u00f6nem arzetmektedir&#8221; dedi.<\/p>\n<p style=\"text-align: justify;\"><strong>B\u00d6LGESEL KONULAR ELE ALINACAK\u00a0<\/strong><\/p>\n<p style=\"text-align: justify;\">Beraberindeki heyet ile birlikte Almanya\u2019da yapaca\u011f\u0131 temaslar hakk\u0131nda da bilgi veren G\u00fcl, \u015f\u00f6yle konu\u015ftu: &#8220;Almanya ile b\u00fcy\u00fck \u00f6nem atfetti\u011fimiz \u00e7ok boyutlu i\u015fbirli\u011fimiz her alanda \u00e7e\u015fitlenerek h\u0131zla geli\u015fmektedir. Ancak ben bu ziyaretimde, geleneksel i\u015fbirli\u011fi alanlar\u0131m\u0131za ilaveten, \u00f6zellikle bilim, teknoloji, AR-GE, enerji, \u00e7evre, e\u011fitim ve k\u00fclt\u00fcr konular\u0131na da a\u011f\u0131rl\u0131k verece\u011fim. Ziyaretim s\u0131ras\u0131nda Say\u0131n Wulff\u2019la yapaca\u011f\u0131m resmi g\u00f6r\u00fc\u015fmelere ilave olarak, Almanya Federal \u015eans\u00f6lyesi, D\u0131\u015fi\u015fleri Bakan\u0131 ve Baden-W\u00fcrttemberg Eyaleti Ba\u015fbakan\u0131\u2019n\u0131 da kabul edece\u011fim. Bu temaslar\u0131mda Almanya ile ikili ili\u015fkilerimizin t\u00fcm ve\u00e7heleri ile K\u0131br\u0131s ve Ortado\u011fu\u2019da ya\u015fanan son geli\u015fmeler ba\u015fta olmak \u00fczere, \u00fclkemizi ve Almanya\u2019y\u0131 ilgilendiren b\u00f6lgesel ve uluslararas\u0131 konularda g\u00f6r\u00fc\u015f al\u0131\u015fveri\u015finde bulunaca\u011f\u0131m. Bildi\u011finiz gibi, Almanya T\u00fcrkiye\u2019nin en b\u00fcy\u00fck ticari orta\u011f\u0131d\u0131r. 4500 kadar Alman firmas\u0131, T\u00fcrkiye\u2019de faaliyet g\u00f6stermektedir. Ge\u00e7ti\u011fimiz y\u0131l ikili ticaret hacmimiz yakla\u015f\u0131k 29 milyar Dolar olarak ger\u00e7ekle\u015fmi\u015ftir. Bu y\u0131l\u0131n ilk alt\u0131 ay\u0131nda ticaret hacmimiz 19 milyar Dolar d\u00fczeyine ula\u015fm\u0131\u015ft\u0131r. Bu rakam, ge\u00e7en y\u0131l\u0131n ayn\u0131 d\u00f6nemine g\u00f6re ticaretimizde y\u00fczde 38 art\u0131\u015f\u0131 ifade etmektedir.&#8221;<\/p>\n<p style=\"text-align: justify;\"><strong>ANLA\u015eMA \u0130L\u0130\u015eK\u0130LER \u0130VME KAZANDIRACAK\u00a0<\/strong><\/p>\n<p style=\"text-align: justify;\">Ziyaret s\u0131ras\u0131nda iki \u00fclke aras\u0131ndaki ekonomik ili\u015fkileri geli\u015ftirmeye y\u00f6nelik temaslarda da bulunaca\u011f\u0131n\u0131n alt\u0131n\u0131 \u00e7izen G\u00fcl \u015f\u00f6yle devam etti:<\/p>\n<p style=\"text-align: justify;\">&#8220;Bu ba\u011flamda, Berlin\u2019de d\u00fczenlenecek T\u00fcrk Alman \u0130\u015f Forumu\u2019nun a\u00e7\u0131l\u0131\u015f\u0131n\u0131 De\u011ferli Dostum Say\u0131n Wulff ile birlikte ger\u00e7ekle\u015ftirece\u011fiz. B\u00f6ylelikle, iki \u00fclke m\u00fcte\u015febbis \u00e7evrelerinin bir araya gelmesine, ge\u00e7ti\u011fimiz y\u0131l Say\u0131n Wulff\u2019un ziyaretinde Kayseri\u2019de oldu\u011fu gibi, bu kez Berlin\u2019de \u00f6nc\u00fcl\u00fck etmi\u015f olaca\u011f\u0131z. Ziyaretim vesilesiyle iki \u00fclke Maliye Bakanlar\u0131 taraf\u0131ndan imzalanacak g\u00fcncellenmi\u015f T\u00fcrkiye Almanya \u00c7ifte Vergilendirmeyi \u00d6nleme Anla\u015fmas\u0131\u2019n\u0131n da \u00fclkelerimiz aras\u0131ndaki ekonomik ili\u015fkilere ayr\u0131ca ivme kazand\u0131raca\u011f\u0131 kanaatindeyim.Temaslar\u0131m s\u0131ras\u0131nda elbette T\u00fcrkiye\u2019nin AB \u00fcyeli\u011fi s\u00fcreci hakk\u0131ndaki g\u00f6r\u00fc\u015flerimizi de muhataplar\u0131ma aktaraca\u011f\u0131m. Ayr\u0131ca, Avrupa tarihi i\u00e7inde akademik planda \u00f6nemli bir yeri olan Humboldt \u00dcniversitesi\u2019nde yapaca\u011f\u0131m konu\u015fmada T\u00fcrk-Alman ili\u015fkileri ve \u00fclkemizin AB \u00fcyeli\u011fi hakk\u0131ndaki g\u00f6r\u00fc\u015flerimi etrafl\u0131 bi\u00e7imde ortaya koyaca\u011f\u0131m.&#8221;<\/p>\n<p style=\"text-align: justify;\">Cumhurba\u015fkan\u0131 Abdullah G\u00fcl, Almanya\u2019daki T\u00fcrklerin toplumsal hayata katt\u0131klar\u0131 zenginli\u011fi tescil eden baz\u0131 yay\u0131nlar\u0131n tan\u0131t\u0131m\u0131n\u0131 yapaca\u011f\u0131n\u0131 da s\u00f6yledi.<\/p>\n<p style=\"text-align: justify;\"><a href=\"http:\/\/www.radikal.com.tr\/Radikal.aspx?aType=RadikalDetayV3&amp;ArticleID=1063717&amp;Date=18.09.2011&amp;CategoryID=78\" target=\"_blank\">Kaynak : Radikal.com.tr<\/a><\/p>\n","protected":false},"excerpt":{"rendered":"<p style=\"text-align: center;\">\n<p style=\"text-align: justify;\">Cumhurba\u015fkan\u0131 G\u00fcl M\u0130T-PKK g\u00f6r\u00fc\u015fmesi i\u00e7in konu\u015ftu: \u0130stihbarat birimleri \u00fcst\u00fcne d\u00fc\u015feni yapm\u0131\u015f.<\/p>\n<p style=\"text-align: justify;\">\u0130STANBUL &#8211; Cumhurba\u015fkan\u0131 Abdullah G\u00fcl, e\u015fi Hayr\u00fcnnisa G\u00fcl, Ba\u015fbakan Yard\u0131mc\u0131s\u0131 Bekir Bozda\u011f ile Almanya\u2019ya gitti. THY ait \u00f6zel bir u\u00e7akla Almanya\u2019ya giden Cumhurba\u015fkan\u0131 Abdullah G\u00fcl, Almanya ziyareti ile ilgili a\u00e7\u0131klamalarda bulundu. M\u0130T ve PKK g\u00f6r\u00fc\u015fmelerinin kamuoyuna s\u0131zd\u0131r\u0131lmas\u0131 <\/p>\n","protected":false},"author":1,"featured_media":0,"comment_status":"open","ping_status":"open","sticky":false,"template":"","format":"standard","meta":{"footnotes":""},"categories":[105],"tags":[],"class_list":["post-39947","post","type-post","status-publish","format-standard","hentry","category-gundem","odd"],"_links":{"self":[{"href":"http:\/\/www.korhanyilmaz.com\/index.php?rest_route=\/wp\/v2\/posts\/39947","targetHints":{"allow":["GET"]}}],"collection":[{"href":"http:\/\/www.korhanyilmaz.com\/index.php?rest_route=\/wp\/v2\/posts"}],"about":[{"href":"http:\/\/www.korhanyilmaz.com\/index.php?rest_route=\/wp\/v2\/types\/post"}],"author":[{"embeddable":true,"href":"http:\/\/www.korhanyilmaz.com\/index.php?rest_route=\/wp\/v2\/users\/1"}],"replies":[{"embeddable":true,"href":"http:\/\/www.korhanyilmaz.com\/index.php?rest_route=%2Fwp%2Fv2%2Fcomments&post=39947"}],"version-history":[{"count":0,"href":"http:\/\/www.korhanyilmaz.com\/index.php?rest_route=\/wp\/v2\/posts\/39947\/revisions"}],"wp:attachment":[{"href":"http:\/\/www.korhanyilmaz.com\/index.php?rest_route=%2Fwp%2Fv2%2Fmedia&parent=39947"}],"wp:term":[{"taxonomy":"category","embeddable":true,"href":"http:\/\/www.korhanyilmaz.com\/index.php?rest_route=%2Fwp%2Fv2%2Fcategories&post=39947"},{"taxonomy":"post_tag","embeddable":true,"href":"http:\/\/www.korhanyilmaz.com\/index.php?rest_route=%2Fwp%2Fv2%2Ftags&post=39947"}],"curies":[{"name":"wp","href":"https:\/\/api.w.org\/{rel}","templated":true}]}}