{"id":39937,"date":"2011-09-18T16:08:15","date_gmt":"2011-09-18T13:08:15","guid":{"rendered":"http:\/\/www.korhanyilmaz.com\/?p=39937"},"modified":"2011-09-18T16:30:15","modified_gmt":"2011-09-18T13:30:15","slug":"kimse-kamuoyunu-yaniltmasin","status":"publish","type":"post","link":"http:\/\/www.korhanyilmaz.com\/?p=39937","title":{"rendered":"&#8220;Kimse kamuoyunu yan\u0131ltmas\u0131n&#8221;"},"content":{"rendered":"<p style=\"text-align: center;\"><a href=\"http:\/\/www.korhanyilmaz.com\/wp-content\/uploads\/2011\/09\/5095.jpg\"  class=\"lightview\"><img loading=\"lazy\" decoding=\"async\" class=\"aligncenter size-full wp-image-39938\" src=\"http:\/\/www.korhanyilmaz.com\/wp-content\/uploads\/2011\/09\/5095.jpg\" alt=\"\" width=\"462\" height=\"210\" \/><\/a><\/p>\n<p style=\"text-align: justify;\">K\u0131l\u0131\u00e7daro\u011flu, M\u0130T-PKK g\u00f6r\u00fc\u015fmeleriyle ilgili olarak, &#8220;Bu g\u00f6r\u00fc\u015fmenin M\u0130T ile PKK aras\u0131nda de\u011fil, Ba\u015fbakanl\u0131k ile PKK aras\u0131nda oldu\u011funu say\u0131n Cumhurba\u015fkan\u0131n\u0131n bilmesi gerekiyor&#8221; dedi.<\/p>\n<p style=\"text-align: justify;\">ANKARA- CHP Genel Ba\u015fkan\u0131 Kemal K\u0131l\u0131\u00e7daro\u011flu, Odatv davas\u0131n\u0131n tutuklu san\u0131\u011f\u0131 Do\u011fan Yurdakul&#8217;un e\u015finin vefat etmesi nedeniyle, Yurdakul&#8217;a Ankara&#8217;daki evinde ba\u015fsa\u011fl\u0131\u011f\u0131 ziyaretinde bulundu.<!--more--><\/p>\n<p style=\"text-align: justify;\">K\u0131l\u0131\u00e7daro\u011flu, M\u0130T&#8217;in ter\u00f6r \u00f6rg\u00fct\u00fcyle g\u00f6r\u00fc\u015ft\u00fc\u011f\u00fc iddialar\u0131yla ilgili olarak, &#8221;Bu g\u00f6r\u00fc\u015fmenin M\u0130T ile PKK aras\u0131nda de\u011fil, Ba\u015fbakanl\u0131k ile PKK aras\u0131nda oldu\u011funu say\u0131n Cumhurba\u015fkan\u0131n\u0131n bilmesi gerekiyor. Do\u011frusu budur. Kamuoyunu hi\u00e7 kimsenin yan\u0131ltmamas\u0131 gerekir&#8221; diye konu\u015ftu.<\/p>\n<p style=\"text-align: justify;\">Do\u011fan Yurdakul&#8217;u ziyarete geldi\u011fini, kendisine ba\u015fsa\u011fl\u0131\u011f\u0131 ziyaretinde bulundu\u011funu ifade eden K\u0131l\u0131\u00e7daro\u011flu, &#8221;Hi\u00e7bir k\u00fclt\u00fcrde, hi\u00e7bir dinde, hi\u00e7bir hukuk sisteminde bir insan\u0131n e\u015fi \u00f6l\u00fcm d\u00f6\u015fe\u011findeyken ona izin verilmesi laz\u0131m. Bunu hi\u00e7bir k\u00fclt\u00fcr, hi\u00e7bir din, hi\u00e7bir hukuk sistemi reddedemez. Ama kendisine izin verilmedi. E\u015fi vefat ettikten sonra izin verildi. Bunun ad\u0131 zul\u00fcmd\u00fcr. Zulme boyun e\u011fmedi o. Kimseden merhamet dilemedi. Onurlu bir insan. Ama AKP h\u00fck\u00fcmetinin yapt\u0131\u011f\u0131 zulm\u00fc milletin unutmamas\u0131 laz\u0131m&#8221; dedi.<\/p>\n<p style=\"text-align: justify;\">Bir gazetecinin, &#8221;D\u00fcn Do\u011fan Yurdakul cenaze t\u00f6renine tutuklu nakil arac\u0131yla geldi. Bu tepkilere neden oldu. Bir de\u011ferlendirmeniz olacak m\u0131?&#8221; sorusuna K\u0131l\u0131\u00e7daro\u011flu, \u015funlar\u0131 s\u00f6yledi:<\/p>\n<p style=\"text-align: justify;\">&#8221;E\u015finin vefat\u0131ndan sonra izin verildi. O da insani ko\u015fullarda olmad\u0131. Tutuklu arac\u0131yla getirmenin bir mant\u0131\u011f\u0131 yok ki, Do\u011fan Yurdakul ka\u00e7acak bir insan de\u011fil ki, onu zorla yurt d\u0131\u015f\u0131na g\u00f6nderseler zaten gitmez. \u00dclkesini seven birisi o. Kald\u0131 ki, ge\u00e7mi\u015fte Ruhi Su tedavi olmak i\u00e7in yurt d\u0131\u015f\u0131na gitmek istedi, 12 Eyl\u00fcl y\u00f6netimi izin vermedi. Pek \u00e7ok ki\u015fi tedavi olmak istedi, izin verilmedi. Do\u011fan Yurdakul&#8217;un e\u015fi \u00f6l\u00fcm d\u00f6\u015fe\u011findeydi, son kez gidip g\u00f6rmek istiyordu, ona da izin verilmedi. \u00d6ld\u00fckten sonra izin verildi. O da insani ko\u015fullarda de\u011fil. Onun i\u00e7in s\u00f6yledim, bu bir zul\u00fcmd\u00fcr. Zul\u00fcm do\u011fru bir \u015fey de\u011fildir. Halk\u0131n vicdan\u0131n\u0131 rahats\u0131z eder. Kendisine ba\u015fsa\u011fl\u0131\u011f\u0131 diledim, d\u00fc\u015f\u00fcncelerimi aktard\u0131m.&#8221;<\/p>\n<p style=\"text-align: justify;\"><a href=\"http:\/\/www.gazeteport.com.tr\/haber\/52797\/quotkimse_kamuoyunu_yaniltmasinquot\" target=\"_blank\">Kaynak : GAZETEPORT<\/a><\/p>\n","protected":false},"excerpt":{"rendered":"<p style=\"text-align: center;\">\n<p style=\"text-align: justify;\">K\u0131l\u0131\u00e7daro\u011flu, M\u0130T-PKK g\u00f6r\u00fc\u015fmeleriyle ilgili olarak, &#8220;Bu g\u00f6r\u00fc\u015fmenin M\u0130T ile PKK aras\u0131nda de\u011fil, Ba\u015fbakanl\u0131k ile PKK aras\u0131nda oldu\u011funu say\u0131n Cumhurba\u015fkan\u0131n\u0131n bilmesi gerekiyor&#8221; dedi.<\/p>\n<p style=\"text-align: justify;\">ANKARA- CHP Genel Ba\u015fkan\u0131 Kemal K\u0131l\u0131\u00e7daro\u011flu, Odatv davas\u0131n\u0131n tutuklu san\u0131\u011f\u0131 Do\u011fan Yurdakul&#8217;un e\u015finin vefat etmesi nedeniyle, Yurdakul&#8217;a Ankara&#8217;daki evinde ba\u015fsa\u011fl\u0131\u011f\u0131 ziyaretinde bulundu.<\/p>\n","protected":false},"author":1,"featured_media":0,"comment_status":"open","ping_status":"open","sticky":false,"template":"","format":"standard","meta":{"footnotes":""},"categories":[105],"tags":[],"class_list":["post-39937","post","type-post","status-publish","format-standard","hentry","category-gundem","odd"],"_links":{"self":[{"href":"http:\/\/www.korhanyilmaz.com\/index.php?rest_route=\/wp\/v2\/posts\/39937","targetHints":{"allow":["GET"]}}],"collection":[{"href":"http:\/\/www.korhanyilmaz.com\/index.php?rest_route=\/wp\/v2\/posts"}],"about":[{"href":"http:\/\/www.korhanyilmaz.com\/index.php?rest_route=\/wp\/v2\/types\/post"}],"author":[{"embeddable":true,"href":"http:\/\/www.korhanyilmaz.com\/index.php?rest_route=\/wp\/v2\/users\/1"}],"replies":[{"embeddable":true,"href":"http:\/\/www.korhanyilmaz.com\/index.php?rest_route=%2Fwp%2Fv2%2Fcomments&post=39937"}],"version-history":[{"count":0,"href":"http:\/\/www.korhanyilmaz.com\/index.php?rest_route=\/wp\/v2\/posts\/39937\/revisions"}],"wp:attachment":[{"href":"http:\/\/www.korhanyilmaz.com\/index.php?rest_route=%2Fwp%2Fv2%2Fmedia&parent=39937"}],"wp:term":[{"taxonomy":"category","embeddable":true,"href":"http:\/\/www.korhanyilmaz.com\/index.php?rest_route=%2Fwp%2Fv2%2Fcategories&post=39937"},{"taxonomy":"post_tag","embeddable":true,"href":"http:\/\/www.korhanyilmaz.com\/index.php?rest_route=%2Fwp%2Fv2%2Ftags&post=39937"}],"curies":[{"name":"wp","href":"https:\/\/api.w.org\/{rel}","templated":true}]}}