{"id":39933,"date":"2011-09-18T09:26:40","date_gmt":"2011-09-18T06:26:40","guid":{"rendered":"http:\/\/www.korhanyilmaz.com\/?p=39933"},"modified":"2011-09-18T16:21:59","modified_gmt":"2011-09-18T13:21:59","slug":"ortadogunun-yeni-imparatoru","status":"publish","type":"post","link":"http:\/\/www.korhanyilmaz.com\/?p=39933","title":{"rendered":"&#8220;Ortado\u011fu&#8217;nun yeni imparatoru&#8221;"},"content":{"rendered":"<p style=\"text-align: center;\"><a href=\"http:\/\/www.korhanyilmaz.com\/wp-content\/uploads\/2011\/09\/5094.jpg\"  class=\"lightview\"><img loading=\"lazy\" decoding=\"async\" class=\"aligncenter size-full wp-image-39934\" src=\"http:\/\/www.korhanyilmaz.com\/wp-content\/uploads\/2011\/09\/5094.jpg\" alt=\"\" width=\"307\" height=\"236\" \/><\/a><\/p>\n<p style=\"text-align: justify;\">Kanada&#8217;n\u0131n g\u00fcnl\u00fck ulusal gazetelerinden Globe and Mail, yay\u0131mlad\u0131\u011f\u0131 bir makalede Ba\u015fbakan Recep Tayyip Erdo\u011fan i\u00e7in &#8220;Ortado\u011fu&#8217;nun Yeni \u0130mparatoru&#8221; yorumunda bulundu.<\/p>\n<p style=\"text-align: justify;\">Gazetenin d\u0131\u015f politika yazarlar\u0131ndan ve Avrupa B\u00fcrosu \u015eefi Doug Sanders imzas\u0131n\u0131 ta\u015f\u0131yan makalede, Ba\u015fbakan Erdo\u011fan&#8217;\u0131n u\u00e7a\u011f\u0131n\u0131n Kahire Havaalan\u0131&#8217;na indi\u011fi andan itibaren binlerce M\u0131s\u0131rl\u0131&#8217;n\u0131n &#8220;Allahuekber&#8221; diye ba\u011f\u0131rd\u0131klar\u0131 ve daha \u00f6nce kendi liderleri i\u00e7in sergiledikleri bu kar\u015f\u0131laman\u0131n, ilk kez bir yabanc\u0131 devlet adam\u0131na g\u00f6sterildi\u011fi belirtildi.\u00a0<!--more--><\/p>\n<p style=\"text-align: justify;\">Erdo\u011fan&#8217;\u0131n, Arap Bahar\u0131 hareketi ile isyanc\u0131lar\u0131n kontrol\u00fcne ge\u00e7en M\u0131s\u0131r, Tunus ve Libya&#8217;n\u0131n ba\u015fkentlerinde, e\u015fine ancak d\u00fcnyaca \u00fcnl\u00fc pop y\u0131ld\u0131zlar\u0131nda rastlanan pop\u00fclarite ile kar\u015f\u0131land\u0131\u011f\u0131 kaydedilen makalede, &#8220;Ortado\u011fu&#8217;nun hemen hemen her \u00fclkesinde en pop\u00fcler politikac\u0131 olan Erdo\u011fan, b\u00f6lgenin tek M\u00fcsl\u00fcman demokrasisinin lideri olarak, bir fatih gibi g\u00f6r\u00fcl\u00fcyor. Araplar, 1100&#8217;l\u00fc y\u0131llarda M\u0131s\u0131r, Suriye ve Kud\u00fcs&#8217;\u00fc fetheden Sultan Selahaddin&#8217;den bu yana ilk kez Arap olmayan bir lidere bu denli hayranl\u0131k duyuyorlar. Avrupa Birli\u011fine \u00fcyeli\u011fi y\u0131llard\u0131r bekletilen T\u00fcrkiye&#8217;nin lideri, neo-Osmanl\u0131 \u00e7\u0131k\u0131\u015f\u0131 ile de \u015fimdi Avrupal\u0131 liderleri endi\u015felendiriyor&#8221; g\u00f6r\u00fc\u015flerine yer verildi.<\/p>\n<p style=\"text-align: justify;\"><a href=\"http:\/\/www.cnnturk.com\/2011\/dunya\/09\/18\/ortadogunun.yeni.imparatoru\/629627.0\/index.html\" target=\"_blank\">Kaynak : CNN T\u00dcRK<\/a><\/p>\n","protected":false},"excerpt":{"rendered":"<p style=\"text-align: center;\">\n<p style=\"text-align: justify;\">Kanada&#8217;n\u0131n g\u00fcnl\u00fck ulusal gazetelerinden Globe and Mail, yay\u0131mlad\u0131\u011f\u0131 bir makalede Ba\u015fbakan Recep Tayyip Erdo\u011fan i\u00e7in &#8220;Ortado\u011fu&#8217;nun Yeni \u0130mparatoru&#8221; yorumunda bulundu.<\/p>\n<p style=\"text-align: justify;\">Gazetenin d\u0131\u015f politika yazarlar\u0131ndan ve Avrupa B\u00fcrosu \u015eefi Doug Sanders imzas\u0131n\u0131 ta\u015f\u0131yan makalede, Ba\u015fbakan Erdo\u011fan&#8217;\u0131n u\u00e7a\u011f\u0131n\u0131n Kahire Havaalan\u0131&#8217;na indi\u011fi andan itibaren binlerce M\u0131s\u0131rl\u0131&#8217;n\u0131n &#8220;Allahuekber&#8221; diye ba\u011f\u0131rd\u0131klar\u0131 ve daha <\/p>\n","protected":false},"author":1,"featured_media":0,"comment_status":"open","ping_status":"open","sticky":false,"template":"","format":"standard","meta":{"footnotes":""},"categories":[105],"tags":[],"class_list":["post-39933","post","type-post","status-publish","format-standard","hentry","category-gundem","odd"],"_links":{"self":[{"href":"http:\/\/www.korhanyilmaz.com\/index.php?rest_route=\/wp\/v2\/posts\/39933","targetHints":{"allow":["GET"]}}],"collection":[{"href":"http:\/\/www.korhanyilmaz.com\/index.php?rest_route=\/wp\/v2\/posts"}],"about":[{"href":"http:\/\/www.korhanyilmaz.com\/index.php?rest_route=\/wp\/v2\/types\/post"}],"author":[{"embeddable":true,"href":"http:\/\/www.korhanyilmaz.com\/index.php?rest_route=\/wp\/v2\/users\/1"}],"replies":[{"embeddable":true,"href":"http:\/\/www.korhanyilmaz.com\/index.php?rest_route=%2Fwp%2Fv2%2Fcomments&post=39933"}],"version-history":[{"count":0,"href":"http:\/\/www.korhanyilmaz.com\/index.php?rest_route=\/wp\/v2\/posts\/39933\/revisions"}],"wp:attachment":[{"href":"http:\/\/www.korhanyilmaz.com\/index.php?rest_route=%2Fwp%2Fv2%2Fmedia&parent=39933"}],"wp:term":[{"taxonomy":"category","embeddable":true,"href":"http:\/\/www.korhanyilmaz.com\/index.php?rest_route=%2Fwp%2Fv2%2Fcategories&post=39933"},{"taxonomy":"post_tag","embeddable":true,"href":"http:\/\/www.korhanyilmaz.com\/index.php?rest_route=%2Fwp%2Fv2%2Ftags&post=39933"}],"curies":[{"name":"wp","href":"https:\/\/api.w.org\/{rel}","templated":true}]}}