{"id":39915,"date":"2011-09-17T15:54:04","date_gmt":"2011-09-17T12:54:04","guid":{"rendered":"http:\/\/www.korhanyilmaz.com\/?p=39915"},"modified":"2011-09-18T05:56:09","modified_gmt":"2011-09-18T02:56:09","slug":"demirtas-meclise-donus-konusunda-kararimiz-yok","status":"publish","type":"post","link":"http:\/\/www.korhanyilmaz.com\/?p=39915","title":{"rendered":"Demirta\u015f: Meclis&#8217;e d\u00f6n\u00fc\u015f konusunda karar\u0131m\u0131z yok"},"content":{"rendered":"<p style=\"text-align: center;\"><a href=\"http:\/\/www.korhanyilmaz.com\/wp-content\/uploads\/2011\/09\/5091.jpg\"  class=\"lightview\"><img loading=\"lazy\" decoding=\"async\" class=\"aligncenter size-full wp-image-39916\" src=\"http:\/\/www.korhanyilmaz.com\/wp-content\/uploads\/2011\/09\/5091.jpg\" alt=\"\" width=\"336\" height=\"223\" \/><\/a><\/p>\n<p style=\"text-align: justify;\">BDP Genel Ba\u015fkan\u0131 Selahattin Demirta\u015f, \u015e\u0131rnak&#8217;ta PKK&#8217;n\u0131n gizli sivil yap\u0131lanmas\u0131 KCK\/TM&#8217;ye y\u00f6nelik operasyonlarda 55 ki\u015finin g\u00f6zalt\u0131na al\u0131nmas\u0131na tepki g\u00f6sterdi.<\/p>\n<p style=\"text-align: justify;\">D\u0130YARBAKIR &#8211; Demirta\u015f, &#8220;KCK\u2019 ad\u0131 alt\u0131nda yap\u0131lan operasyonlar BDP\u2019ye y\u00f6neliktir. BDP\u2019yi bitirmek isteyen, bu halk\u0131 bitirmeyi de g\u00f6ze almal\u0131d\u0131r. Bunu g\u00f6ze alam\u0131yorlarsa bu ucuz senaryolardan vazge\u00e7sinler&#8221; dedi. Demirta\u015f, Meclis\u2019e d\u00f6nme konusunda bir kararlar\u0131 da olmad\u0131\u011f\u0131n\u0131 s\u00f6yledi.\u00a0<!--more--><\/p>\n<p style=\"text-align: justify;\">Diyarbak\u0131r\u2019da d\u00fczenlenen \u2019K\u00fcrdistan Konferans\u0131\u2019na kat\u0131lan BDP Genel Ba\u015fkan\u0131 Selahattin Demirta\u015f, toplant\u0131 \u00e7\u0131k\u0131\u015f\u0131 gazetecilerin sorular\u0131n\u0131 yan\u0131tlad\u0131. Demirta\u015f, \u015e\u0131rnak\u2019ta KCK\/TM\u2019ye y\u00f6nelik bug\u00fcn d\u00fczenlenen ve aralar\u0131nda BDP\u2019lilerin de bulundu\u011fu 55 ki\u015finin g\u00f6zalt\u0131na al\u0131nmas\u0131 tepki g\u00f6sterdi. Demirta\u015f, \u015f\u00f6yle dedi: &#8220;Ba\u015fbakan siyasi operasyonlar\u0131n yapaca\u011f\u0131 karar\u0131n\u0131 vermi\u015fti. Bu operasyonlar 2009 Nisan\u2019\u0131nda ba\u015flayan operasyonlar\u0131n devam\u0131d\u0131r. Bunlar \u2019KCK operasyonu\u2019 olarak alg\u0131lan\u0131yor. Ama do\u011frudan BDP operasyonlar\u0131d\u0131r. Bunlar BDP\u2019yi tasfiye etme ve d\u00fc\u015f\u00fcrme operasyonlar\u0131d\u0131r. Operasyonu yapanlar da, karar\u0131n\u0131 verenler de \u015funu iyi bilmeli; BDP halk\u0131n kendisidir. BDP\u2019yi bitirmek isteyen bu halk\u0131 bitirmeyi de g\u00f6ze almal\u0131d\u0131r. E\u011fer bunu g\u00f6ze alabiliyorlarsa bizi bitirebilirler. Bunu g\u00f6ze alam\u0131yorlarsa bu ucuz senaryolardan vazge\u00e7sinler. Hukuk ad\u0131 alt\u0131nda bize hukuk katliamlar\u0131n\u0131 dayatmas\u0131nlar. \u015eu anda ceza almayan ve Yarg\u0131tay\u2019da dosyas\u0131 olmayan hi\u00e7bir y\u00f6neticimiz yok. Bu i\u015fin sonu nereye var\u0131r deniyorsa, ya b\u00fct\u00fcn K\u00fcrtler\u2019in ya\u015fad\u0131\u011f\u0131 b\u00f6lgeye tel \u00f6rg\u00fc \u00e7ekerek cezaevi haline getirirler, ya da bize bunlar\u0131 dayatanlara kar\u015f\u0131 t\u00fcm h\u00fccrelerimizle direniriz. Bunlar\u0131n bu zihniyetini bu \u015fekilde tarihin \u00e7\u00f6pl\u00fc\u011f\u00fcne atar\u0131z. Bizim i\u00e7in se\u00e7enek direnmekse bundan geri durmayaca\u011f\u0131z. Direnmeyi hangi anlamda anl\u0131yorlarsa anlas\u0131nlar. Operasyonlar hi\u00e7bir zaman durmad\u0131. Bir halk\u0131n tamam\u0131n\u0131 ter\u00f6rist ilan eden bir h\u00fck\u00fcmet var. 10 milyon halk bizi destekliyor. E\u011fer biz ter\u00f6ristsek bu 10 milyon halk da ter\u00f6rist. Halk\u0131m\u0131z\u0131 bu \u015fekilde tan\u0131mlayan h\u00fck\u00fcmet ve savc\u0131lar bu durumdan utanmal\u0131d\u0131r. Bu ter\u00f6rizmse bundan sonra siyasi taleplerimizi daha fazla hayk\u0131raca\u011f\u0131z.&#8221;<\/p>\n<p style=\"text-align: justify;\"><strong>&#8220;MECL\u0130S\u2019E D\u00d6NME \u0130LE \u0130LG\u0130L\u0130 KARARIMIZ YOK&#8221;\u00a0<\/strong><\/p>\n<p style=\"text-align: justify;\">Demirta\u015f, baz\u0131 gazetelerde yay\u0131nlanan, \u2019BDP 1 Ekim\u2019de Meclis\u2019te\u2019 haberlerine ili\u015fkin bu konuda hen\u00fcz bir kararlar\u0131 olmad\u0131\u011f\u0131n\u0131 s\u00f6yledi. Meclise d\u00f6necekleriyle ilgili haberleri ele\u015ftiren Demirta\u015f, \u015f\u00f6yle devam etti: &#8220;Bizim veya grup ba\u015fkan\u0131m\u0131z\u0131n a\u00e7\u0131klamad\u0131\u011f\u0131 hi\u00e7bir karar bizim karar\u0131m\u0131z de\u011fildir. Bu haberin kayna\u011f\u0131 nedir onu da bilmiyoruz. Meclis\u2019e d\u00f6nmeyle ilgili tart\u0131\u015fmalar\u0131m\u0131z halen s\u00fcr\u00fcyor. Bu konuda cezaevindeki arkada\u015flar\u0131n g\u00f6r\u00fc\u015f\u00fc al\u0131nacak. Halk toplant\u0131lar\u0131m\u0131z ise devam ediyor. Halk\u0131m\u0131z\u0131n bu konudaki g\u00f6r\u00fc\u015fleri bizim i\u00e7in \u00e7ok \u00f6nemli. Hen\u00fcz Meclis\u2019e d\u00f6nmeyle ilgili bir karar\u0131m\u0131z yoktur.&#8221;<\/p>\n<p style=\"text-align: justify;\"><a href=\"http:\/\/www.radikal.com.tr\/Radikal.aspx?aType=RadikalDetayV3&amp;ArticleID=1063646&amp;Date=18.09.2011&amp;CategoryID=78\" target=\"_blank\">Kaynak : Radikal.com.tr<\/a><\/p>\n","protected":false},"excerpt":{"rendered":"<p style=\"text-align: center;\">\n<p style=\"text-align: justify;\">BDP Genel Ba\u015fkan\u0131 Selahattin Demirta\u015f, \u015e\u0131rnak&#8217;ta PKK&#8217;n\u0131n gizli sivil yap\u0131lanmas\u0131 KCK\/TM&#8217;ye y\u00f6nelik operasyonlarda 55 ki\u015finin g\u00f6zalt\u0131na al\u0131nmas\u0131na tepki g\u00f6sterdi.<\/p>\n<p style=\"text-align: justify;\">D\u0130YARBAKIR &#8211; Demirta\u015f, &#8220;KCK\u2019 ad\u0131 alt\u0131nda yap\u0131lan operasyonlar BDP\u2019ye y\u00f6neliktir. BDP\u2019yi bitirmek isteyen, bu halk\u0131 bitirmeyi de g\u00f6ze almal\u0131d\u0131r. Bunu g\u00f6ze alam\u0131yorlarsa bu ucuz senaryolardan vazge\u00e7sinler&#8221; dedi. Demirta\u015f, Meclis\u2019e <\/p>\n","protected":false},"author":1,"featured_media":0,"comment_status":"open","ping_status":"open","sticky":false,"template":"","format":"standard","meta":{"footnotes":""},"categories":[105],"tags":[],"class_list":["post-39915","post","type-post","status-publish","format-standard","hentry","category-gundem","odd"],"_links":{"self":[{"href":"http:\/\/www.korhanyilmaz.com\/index.php?rest_route=\/wp\/v2\/posts\/39915","targetHints":{"allow":["GET"]}}],"collection":[{"href":"http:\/\/www.korhanyilmaz.com\/index.php?rest_route=\/wp\/v2\/posts"}],"about":[{"href":"http:\/\/www.korhanyilmaz.com\/index.php?rest_route=\/wp\/v2\/types\/post"}],"author":[{"embeddable":true,"href":"http:\/\/www.korhanyilmaz.com\/index.php?rest_route=\/wp\/v2\/users\/1"}],"replies":[{"embeddable":true,"href":"http:\/\/www.korhanyilmaz.com\/index.php?rest_route=%2Fwp%2Fv2%2Fcomments&post=39915"}],"version-history":[{"count":0,"href":"http:\/\/www.korhanyilmaz.com\/index.php?rest_route=\/wp\/v2\/posts\/39915\/revisions"}],"wp:attachment":[{"href":"http:\/\/www.korhanyilmaz.com\/index.php?rest_route=%2Fwp%2Fv2%2Fmedia&parent=39915"}],"wp:term":[{"taxonomy":"category","embeddable":true,"href":"http:\/\/www.korhanyilmaz.com\/index.php?rest_route=%2Fwp%2Fv2%2Fcategories&post=39915"},{"taxonomy":"post_tag","embeddable":true,"href":"http:\/\/www.korhanyilmaz.com\/index.php?rest_route=%2Fwp%2Fv2%2Ftags&post=39915"}],"curies":[{"name":"wp","href":"https:\/\/api.w.org\/{rel}","templated":true}]}}