{"id":39912,"date":"2011-09-17T15:05:36","date_gmt":"2011-09-17T12:05:36","guid":{"rendered":"http:\/\/www.korhanyilmaz.com\/?p=39912"},"modified":"2011-09-18T05:53:11","modified_gmt":"2011-09-18T02:53:11","slug":"kurdistan-konferansi%c2%b4nda-birlik-sesleri","status":"publish","type":"post","link":"http:\/\/www.korhanyilmaz.com\/?p=39912","title":{"rendered":"&#8216;K\u00fcrdistan Konferans\u0131\u00b4nda &#8216;birlik&#8217; sesleri"},"content":{"rendered":"<p style=\"text-align: center;\"><a href=\"http:\/\/www.korhanyilmaz.com\/wp-content\/uploads\/2011\/09\/5090.jpg\"  class=\"lightview\"><img loading=\"lazy\" decoding=\"async\" class=\"aligncenter size-full wp-image-39913\" src=\"http:\/\/www.korhanyilmaz.com\/wp-content\/uploads\/2011\/09\/5090.jpg\" alt=\"\" width=\"336\" height=\"223\" \/><\/a><\/p>\n<p style=\"text-align: justify;\">Diyarbak\u0131r&#8217;da d\u00fczenlenen &#8216;K\u00fcrdistan Konferans\u0131&#8217;nda BDP, DTK, HAK-PAR ile KADEP temsicilerini g\u00f6r\u00fc\u015flerini dile getirdi.<\/p>\n<p style=\"text-align: justify;\">D\u0130YARBAKIR &#8211; Diyarbak\u0131r\u2019da, BDP, DTK, HAK-PAR ile KADEP\u2019in d\u00fczenledi\u011fi \u2019K\u00fcrdistan Konferans\u0131\u2019 ba\u015flad\u0131. Konferansa, yazar, siyaset\u00e7i, akademisyen, dernek, siyasi parti ve gruplar\u0131n temsilcilerinden olu\u015fan 173 ki\u015fi kat\u0131ld\u0131. \u0130ki g\u00fcn s\u00fcrecek konferansta, \u00f6n\u00fcm\u00fczdeki ay Kuzey Irak\u2019ta yap\u0131lmas\u0131 planlanan, \u2019Ulasal K\u00fcrt Konferans\u0131\u2019 ile \u2019K\u00fcrtler aras\u0131 birlik\u2019 konular\u0131 tart\u0131\u015f\u0131lacak.\u00a0<!--more--><\/p>\n<p style=\"text-align: justify;\">Konferans\u0131n a\u00e7\u0131l\u0131\u015f konu\u015fmas\u0131n\u0131 K\u00fcrt\u00e7e yapan Mardin Ba\u011f\u0131ms\u0131z Milletvekili ve DTK Genel Ba\u015fkan\u0131 Ahmet T\u00fcrk, herkesin fikrini \u00e7ok a\u00e7\u0131k, \u00f6zg\u00fcrce a\u00e7\u0131klamas\u0131n\u0131 ve tart\u0131\u015fmalar\u0131 gerekti\u011fini belirtti. T\u00fcrk, &#8220;K\u00fcrt siyasetinde \u00e7ok eksik, yetersizliklerimiz var, bunlar\u0131 gidermemiz gerekiyor. Emperyal devletler T\u00fcrkiye, ABD, AB \u00fclkeleri, \u0130ran, Ortado\u011fu\u2019nun de\u011fi\u015fim s\u00fcrecinde \u00e7\u0131karlar\u0131n\u0131 \u00f6n plana alm\u0131\u015f durumdalar. K\u00fcrtler\u2019in sesini k\u0131smak istiyorlar. Birlik, beraberli\u011fimiz s\u00f6z konusu olursa bunu ba\u015faramazlar. Bunun i\u00e7in de ger\u00e7ek\u00e7i, \u015feffaf bir K\u00fcrt siyaseti \u00fcretmemiz gerekiyor&#8221; dedi. Bar\u0131\u015f i\u00e7in u\u011fra\u015ft\u0131klar\u0131n\u0131 d\u00fcnyan\u0131n bilmesi gerekti\u011fini bildiren T\u00fcrk \u015f\u00f6yle dedi: &#8220;Demokrasi, \u00f6zg\u00fcrl\u00fck ve bar\u0131\u015f i\u00e7in m\u00fccadele veriyoruz. Bunun i\u00e7in, bunu d\u00fcnyaya g\u00f6stermemiz i\u00e7in kendi aram\u0131zda birlikteli\u011fi sa\u011flamam\u0131z laz\u0131m. K\u00fcrdistan\u2019\u0131n d\u00f6rt par\u00e7as\u0131nda da s\u0131k\u0131nt\u0131ya d\u00fc\u015fmemek i\u00e7in, ittifak i\u00e7in, genel konferans i\u00e7in hizmet verilmelidir. \u0130steklerimizi \u015feffaf anlatmam\u0131z gerekiyor. Biz g\u00f6r\u00fcyoruz ki, bu konferansla K\u00fcrtlerin birli\u011fi olu\u015fuyor. Onun i\u00e7i kimse &amp;lsquo;ben, biz\u2019 dememeli. Birlik olmazsa \u00e7\u00f6z\u00fcme yak\u0131nla\u015famay\u0131z. Hangi proje nas\u0131l ba\u015far\u0131ya ula\u015f\u0131r bizim bunun \u00fczerinde \u00e7al\u0131\u015fmam\u0131z laz\u0131m. K\u00fcrt siyaset\u00e7ilerinin \u00fczerinde b\u00fcy\u00fck bir y\u00fck var. Bizler, K\u00fcrt siyaset\u00e7ileri bu y\u00fck\u00fc do\u011fru yere do\u011fru ta\u015f\u0131mam\u0131z laz\u0131m.&#8221;<\/p>\n<p style=\"text-align: justify;\"><strong>BAYDEM\u0130R: B\u0130RL\u0130\u011e\u0130M\u0130Z, KURTULU\u015eUMUZDUR\u00a0<\/strong><\/p>\n<p style=\"text-align: justify;\">Diyarbak\u0131r B\u00fcy\u00fck\u015fehir Belediye Ba\u015fkan\u0131 BDP\u2019li Osman Baydemir de, konferans\u0131n ger\u00e7ekle\u015fti\u011fi g\u00fcn\u00fcn K\u00fcrt halk\u0131 i\u00e7in tarihi \u00f6neme sahip oldu\u011funu savundu. K\u00fcrt halk\u0131n\u0131n \u00f6n\u00fcnde iki se\u00e7enek bulundu\u011funu ileri s\u00fcren Baydemir, \u015f\u00f6yle konu\u015ftu:<\/p>\n<p style=\"text-align: justify;\">&#8220;K\u00fcrt halk\u0131 ya 30-40 y\u0131l daha bu ac\u0131lar\u0131 ya\u015fayacak ya da birli\u011fini olu\u015fturup yakalad\u0131\u011f\u0131 bar\u0131\u015f ve \u00f6zg\u00fcrl\u00fck zeminini ortaya \u00e7\u0131karacak. Biz iyi bir siyaset y\u00fcr\u00fct\u00fcp birli\u011fi olu\u015fturabilirsek kimsenin ya\u015fam\u0131n\u0131 yitirmesine gerek kalmayacakt\u0131r. Bu alanda \u00e7\u0131kacak birlik K\u00fcrt halk\u0131n\u0131n kurtulu\u015funu \u00f6zg\u00fcrl\u00fc\u011f\u00fcn\u00fc getirecektir.&#8221;<\/p>\n<p style=\"text-align: justify;\"><strong>HAK-PAR GENEL BA\u015eKANI BOZYEL: PKK S\u0130LAH BIRAKSIN\u00a0<\/strong><\/p>\n<p style=\"text-align: justify;\">Konferansta konu\u015fan HAK-PAR Genel Ba\u015fkan\u0131 Bayram Bozyel ise, silahl\u0131 m\u00fccadelenin siyasi alan\u0131 bloke etti\u011fini vurgulayarak, \u015f\u00f6yle devam etti: &#8220;Bizim tespitlerimize g\u00f6re, gelinen a\u015famada silahl\u0131 m\u00fccadele ile yeni kazan\u0131mlar elde etmek bir yana, \u00e7at\u0131\u015fmal\u0131 ortam K\u00fcrt sorunun bar\u0131\u015f\u00e7\u0131l demokratik \u00e7\u00f6z\u00fcm zeminini zay\u0131flatmakta. Silahl\u0131 hak arama y\u00f6ntemi halk\u0131m\u0131z\u0131n m\u00fccadele potansiyelini daha etkin ve sonu\u00e7 al\u0131c\u0131 bir bi\u00e7imde ortaya \u00e7\u0131kartmakta zora sokmaktad\u0131r. Bu tablo i\u00e7inde, PKK cesaret gerektiren tarihi bir karar alma e\u015fi\u011fine geldi\u011fi a\u00e7\u0131kt\u0131r. Bu karar, silahl\u0131 m\u00fccadeleyi bir m\u00fccadele y\u00f6ntemi olmaktan \u00e7\u0131kartmak olmal\u0131d\u0131r.&#8221;<\/p>\n<p style=\"text-align: justify;\">Bozyel, TBMM\u2019yi boykot eden BDP milletvekillerine de \u00e7a\u011fr\u0131 yaparak, 1 Ekim\u2019de parlamentoya gitmelerini istedi.<\/p>\n<p style=\"text-align: justify;\"><strong>EL\u00c7\u0130: BARI\u015eSEVER\u0130Z\u00a0<\/strong><\/p>\n<p style=\"text-align: justify;\">KADEP Genel Ba\u015fkan\u0131 \u015eerafettin El\u00e7i de, bir halk\u0131n birlikte hareket etmeyi becerdi\u011fi oranda onurlu m\u00fcreffeh e\u015fit demokratik bir ya\u015fam\u0131 hak etti\u011fini s\u00f6yledi. El\u00e7i, &#8220;Gruplar ki\u015filer, partiler, \u00f6n plana \u00e7\u0131kar\u0131lmamal\u0131d\u0131r. Ortak de\u011fer ve \u00e7\u0131karlar\u0131m\u0131z\u0131 a\u00e7\u0131\u011fa \u00e7\u0131karmal\u0131y\u0131z. K\u00fcrt halk\u0131 \u00f6zg\u00fcr olmak, onurlu bir ya\u015fam istiyor. Bu ortak paydalar\u0131 i\u015flemeliyiz. K\u00fcrdistani de\u011ferler taban\u0131ndan birlik aramal\u0131y\u0131z. K\u00fcrtler sava\u015fmaya zorland\u0131klar\u0131 i\u00e7in sava\u015f\u0131yorlar. Yoksa bar\u0131\u015fsever bir halkt\u0131r. \u00d6zg\u00fcrl\u00fc\u011f\u00fcm\u00fczden feragat etmeyece\u011fimiz bilinci ile bar\u0131\u015fsever oldu\u011fumuzu her kese g\u00f6stermeliyiz&#8221; diye konu\u015ftu.<\/p>\n<p style=\"text-align: justify;\"><strong>DEM\u0130RTA\u015e: MASA BA\u015eINDA ACEM\u0130Y\u0130Z\u00a0<\/strong><\/p>\n<p style=\"text-align: justify;\">BDP Genel Ba\u015fkan\u0131 Selahattin Demirta\u015f ise, konferans\u0131n K\u00fcrt halk\u0131n\u0131n gelece\u011fine \u0131\u015f\u0131k tutaca\u011f\u0131na inand\u0131\u011f\u0131n\u0131 s\u00f6yledi. BDP olarak, \u2019K\u00fcrt siyasal birli\u011fini\u2019 sa\u011flamak sorumlulu\u011fu ile kar\u015f\u0131 kar\u015f\u0131ya kald\u0131klar\u0131n\u0131 bilincinde olduklar\u0131n\u0131 belirti. D\u00fcnyada, K\u00fcrtler kadar par\u00e7alanan ba\u015fka bir halk bulunmad\u0131\u011f\u0131n\u0131 savunan Demirta\u015f, kendilerine yabanc\u0131la\u015ft\u0131klar\u0131n\u0131 ifade etti. Yeri geldi\u011finde iki karde\u015fin g\u00f6z\u00fcn\u00fc k\u0131rpmadan, bir kar\u0131\u015f toprak i\u00e7in birbirini \u00f6ld\u00fcrd\u00fc\u011f\u00fcn\u00fc kaydeden Demirta\u015f, &#8220;K\u00fcrt halk\u0131 hi\u00e7bir ayaklanmada mevzide kaybetmemi\u015ftir. Yenilginin ve geriye d\u00fc\u015fmelerin iki \u00f6nemli fakt\u00f6r\u00fc kar\u015f\u0131m\u0131za \u00e7\u0131k\u0131yor. Birincisi i\u00e7 ihanet, ikincisi de masa ba\u015f\u0131ndaki acemilikler, safl\u0131klard\u0131r&#8221; dedi.<\/p>\n<p style=\"text-align: justify;\"><strong>&#8220;K\u00dcRD\u0130STAN ES\u0130NT\u0130S\u0130, ARAP BAHARINA MAYA ED\u0130LMEL\u0130&#8221;\u00a0<\/strong><\/p>\n<p style=\"text-align: justify;\">BDP Genel Ba\u015fkan\u0131 Selahattin Demirta\u015f, K\u00fcrt halk\u0131n\u0131n varl\u0131\u011f\u0131n\u0131 ispat edebildi\u011fini belirterek \u015f\u00f6yle dedi: &#8220;S\u0131f\u0131r noktas\u0131ndan art\u0131ya ge\u00e7mek yeni bir \u00e7aba ve kararl\u0131l\u0131k gerektiriyor. Arap d\u00fcnyas\u0131nda estirilen bahar havas\u0131n\u0131 \u00f6nemsemekle birlikte K\u00fcrt co\u011frafyas\u0131 yani K\u00fcrdistan\u2019daki de\u011fi\u015fim esintisiyle b\u00fct\u00fcnle\u015fmedi\u011fi s\u00fcrece nihayete ermeyecektir. Bundan emin olal\u0131m. E\u011fer ki K\u00fcrdistan esintisi bu r\u00fczgara maya edilmez ise, emin olun ki Arap d\u00fcnyas\u0131ndaki de\u011fi\u015fim diktatoryal rejimlerin renk de\u011fi\u015fiminden ibaret kalacakt\u0131r. K\u00fcrt halk\u0131 ba\u015fta Ortado\u011fu\u2019da t\u00fcm m\u00fccavir alan\u0131nda toplumsal d\u00f6n\u00fc\u015f\u00fcm ve de\u011fi\u015fimin anahtar\u0131n\u0131 elinde bulunduruyor. Bunu uluslar aras\u0131 g\u00fc\u00e7 odaklar\u0131 da bilmektedirler. Ve biliyorlar ki \u2019K\u00fcrdistan devrimi\u2019 olmaks\u0131n\u0131z b\u00f6lgesel d\u00f6n\u00fc\u015f\u00fcm m\u00fcmk\u00fcn olmayacakt\u0131r.&#8221;<\/p>\n<p style=\"text-align: justify;\">Kendilerinin geli\u015ftirece\u011fi stratejinin, b\u00f6lgesel dengelerin \u015fekillenmesinde etkin rol oynayaca\u011f\u0131n\u0131 ileri s\u00fcren Demirta\u015f, konferansa kat\u0131lan di\u011fer K\u00fcrt parti ve olu\u015fumlara seslendi. Demirta\u015f, konu\u015fmas\u0131n\u0131 \u015f\u00f6yle s\u00fcrd\u00fcrd\u00fc:<\/p>\n<p style=\"text-align: justify;\">&#8220;K\u00fcrt halk\u0131n\u0131n t\u00fcm medeni halklar gibi uygar ve bir stat\u00fcye kendisi olma iste\u011fi genel kabul\u00fcm\u00fczd\u00fcr. K\u00fcrt halk\u0131n\u0131n par\u00e7alanm\u0131\u015fl\u0131\u011f\u0131n\u0131 kader olarak g\u00f6rmemekle birlikte, stat\u00fcsel \u00e7\u00f6z\u00fcmlerin par\u00e7a \u00f6zg\u00fcl\u00fcnde m\u00fcmk\u00fcn olaca\u011f\u0131n\u0131 d\u00fc\u015f\u00fcn\u00fcyoruz. \u00c7\u00f6z\u00fcm\u00fcn par\u00e7a \u00f6zg\u00fcl\u00fcnde olmas\u0131 ile birlikte K\u00fcrt halk\u0131n\u0131n demokratik ulus temelinde b\u00fct\u00fcnl\u00fckl\u00fc bir stratejiye sahip olabilece\u011fini savunuyoruz. K\u00fcrt halk\u0131 bizlere siyasal birli\u011fi dayatm\u0131\u015ft\u0131r.&#8221;<\/p>\n<p style=\"text-align: justify;\"><a href=\"http:\/\/www.radikal.com.tr\/Radikal.aspx?aType=RadikalDetayV3&amp;ArticleID=1063643&amp;Date=18.09.2011&amp;CategoryID=78\" target=\"_blank\">Kaynak : Radikal.com.tr<\/a><\/p>\n","protected":false},"excerpt":{"rendered":"<p style=\"text-align: center;\">\n<p style=\"text-align: justify;\">Diyarbak\u0131r&#8217;da d\u00fczenlenen &#8216;K\u00fcrdistan Konferans\u0131&#8217;nda BDP, DTK, HAK-PAR ile KADEP temsicilerini g\u00f6r\u00fc\u015flerini dile getirdi.<\/p>\n<p style=\"text-align: justify;\">D\u0130YARBAKIR &#8211; Diyarbak\u0131r\u2019da, BDP, DTK, HAK-PAR ile KADEP\u2019in d\u00fczenledi\u011fi \u2019K\u00fcrdistan Konferans\u0131\u2019 ba\u015flad\u0131. Konferansa, yazar, siyaset\u00e7i, akademisyen, dernek, siyasi parti ve gruplar\u0131n temsilcilerinden olu\u015fan 173 ki\u015fi kat\u0131ld\u0131. \u0130ki g\u00fcn s\u00fcrecek konferansta, \u00f6n\u00fcm\u00fczdeki ay Kuzey Irak\u2019ta yap\u0131lmas\u0131 <\/p>\n","protected":false},"author":1,"featured_media":0,"comment_status":"open","ping_status":"open","sticky":false,"template":"","format":"standard","meta":{"footnotes":""},"categories":[105],"tags":[],"class_list":["post-39912","post","type-post","status-publish","format-standard","hentry","category-gundem","odd"],"_links":{"self":[{"href":"http:\/\/www.korhanyilmaz.com\/index.php?rest_route=\/wp\/v2\/posts\/39912","targetHints":{"allow":["GET"]}}],"collection":[{"href":"http:\/\/www.korhanyilmaz.com\/index.php?rest_route=\/wp\/v2\/posts"}],"about":[{"href":"http:\/\/www.korhanyilmaz.com\/index.php?rest_route=\/wp\/v2\/types\/post"}],"author":[{"embeddable":true,"href":"http:\/\/www.korhanyilmaz.com\/index.php?rest_route=\/wp\/v2\/users\/1"}],"replies":[{"embeddable":true,"href":"http:\/\/www.korhanyilmaz.com\/index.php?rest_route=%2Fwp%2Fv2%2Fcomments&post=39912"}],"version-history":[{"count":0,"href":"http:\/\/www.korhanyilmaz.com\/index.php?rest_route=\/wp\/v2\/posts\/39912\/revisions"}],"wp:attachment":[{"href":"http:\/\/www.korhanyilmaz.com\/index.php?rest_route=%2Fwp%2Fv2%2Fmedia&parent=39912"}],"wp:term":[{"taxonomy":"category","embeddable":true,"href":"http:\/\/www.korhanyilmaz.com\/index.php?rest_route=%2Fwp%2Fv2%2Fcategories&post=39912"},{"taxonomy":"post_tag","embeddable":true,"href":"http:\/\/www.korhanyilmaz.com\/index.php?rest_route=%2Fwp%2Fv2%2Ftags&post=39912"}],"curies":[{"name":"wp","href":"https:\/\/api.w.org\/{rel}","templated":true}]}}