{"id":39907,"date":"2011-09-17T14:45:12","date_gmt":"2011-09-17T11:45:12","guid":{"rendered":"http:\/\/www.korhanyilmaz.com\/?p=39907"},"modified":"2011-09-18T05:44:37","modified_gmt":"2011-09-18T02:44:37","slug":"cenazede-sordu-iddianameyi-okudunuz-mu","status":"publish","type":"post","link":"http:\/\/www.korhanyilmaz.com\/?p=39907","title":{"rendered":"Cenazede sordu: \u0130ddianameyi okudunuz mu?"},"content":{"rendered":"<p style=\"text-align: center;\"><a href=\"http:\/\/www.korhanyilmaz.com\/wp-content\/uploads\/2011\/09\/5089.jpg\"  class=\"lightview\"><img loading=\"lazy\" decoding=\"async\" class=\"aligncenter size-full wp-image-39908\" src=\"http:\/\/www.korhanyilmaz.com\/wp-content\/uploads\/2011\/09\/5089.jpg\" alt=\"\" width=\"336\" height=\"223\" \/><\/a><\/p>\n<p style=\"text-align: justify;\">E\u015finin ya\u015fam\u0131n\u0131 yitirmesi nedeniyle \u00f6zel izin alan &#8220;Ergenekon&#8221; tutuklusu Do\u011fan Yurdakul, cenaze t\u00f6reninde taziyeleri kabul etti.<\/p>\n<p style=\"text-align: justify;\">ANKARA &#8211; Ergenekon davas\u0131 kapsam\u0131nda tutuklu bulunan Do\u011fan Yurdakul\u2019un \u00f6nceki g\u00fcn vefat eden e\u015fi G\u00fcng\u00f6r Yurdakul son yolculu\u011funa u\u011furland\u0131. Do\u011fan Yurdakul mahkeme izniyle cenaze t\u00f6renine kat\u0131larak taziyeleri kabul etti. Yurdakul, cenaze t\u00f6renine kat\u0131lanlar\u0131n alk\u0131\u015flar\u0131 aras\u0131nda cezaevi arac\u0131na bindirilerek Cebeci mezarl\u0131\u011f\u0131na g\u00f6t\u00fcr\u00fcld\u00fc.<!--more--><\/p>\n<p style=\"text-align: justify;\">G\u00fcng\u00f6r Yurdakul i\u00e7in Kocatepe Camii\u2019nde cenaze t\u00f6reni d\u00fczenlendi. G\u00fcng\u00f6r Yurdakul\u2019un e\u015fi Do\u011fan Yurdakul, cezaevi arac\u0131yla Kocatepe Camii\u2019ne getirildi. Yurdakul, taziyeleri K\u0131z\u0131 Reyhan ve o\u011flu Bur\u00e7ak Yurdakul ile birlikte kabul etti. Do\u011fan Yurdakul\u2019un taziyeleri kabul etti\u011fi s\u0131rada jandarma g\u00f6revlileri k\u0131z\u0131 ve o\u011flunun yan\u0131nda yer ald\u0131.<\/p>\n<p style=\"text-align: justify;\"><strong>KILI\u00c7DARO\u011eLU\u2019NDAN TAZ\u0130YE TELEFONU\u00a0<\/strong><\/p>\n<p style=\"text-align: justify;\">\u0130stanbul\u2019da bulunan CHP Genel Ba\u015fkan\u0131 Kemal K\u0131l\u0131\u00e7daro\u011flu, CHP \u0130leti\u015fim Koordinat\u00f6r\u00fc Baki \u00d6zilhan\u2019\u0131n telefonu vas\u0131tas\u0131yla Yurdakul\u2019a taziye dileklerini iletti. CHP Grup Ba\u015fkanvekili Emine \u00dclker Tarhan, CHP Genel Ba\u015fkan Yard\u0131mc\u0131s\u0131 G\u00f6khan G\u00fcnayd\u0131n, CHP Ankara Milletvekilleri Sinan Ayg\u00fcn, G\u00fcls\u00fcn Bilgehan, \u0130zzet \u00c7etin ve CHP \u0130zmir Milletvekili O\u011fuz Oyan da Kocatepe Camii\u2019nde Do\u011fan Yurdakul\u2019a ba\u015fsa\u011fl\u0131\u011f\u0131 dilediler. Ergenekon davas\u0131 kapsam\u0131nda 3 y\u0131l\u0131 a\u015fk\u0131n s\u00fcre tutuklu kald\u0131ktan sonra Nisan ay\u0131nda tahliye edilen \u0130\u015f\u00e7i Partisi Genel Ba\u015fkan Yard\u0131mc\u0131s\u0131 Nusret Senem, eski CHP Genel Ba\u015fkan\u0131 Hikmet \u00c7etin ile \u00c7a\u011fda\u015f Gazeteciler Derne\u011fi Ba\u015fkan\u0131 Ahmet Abakay ve \u00e7ok say\u0131da gazeteci de Yurdakul\u2019a taziyede bulundu.<\/p>\n<p style=\"text-align: justify;\"><strong>ALKI\u015eLARLA U\u011eURLANDI\u00a0<\/strong><\/p>\n<p style=\"text-align: justify;\">Yurdakul\u2019un kendisine taziye dileklerini ileten bir\u00e7ok ki\u015fiye ge\u00e7ti\u011fimiz g\u00fcnlerde a\u00e7\u0131klanan ve kendisinin de san\u0131klar aras\u0131nda bulundu\u011fu Oda TV iddianamesini kastederek &#8220;\u0130ddianameyi okudunuz mu?&#8221; diye sordu\u011fu g\u00f6r\u00fcl\u00fcrken taziyeleri iletenlerin &#8220;Yaln\u0131z de\u011filsiniz, hep birlikteyiz&#8221; dedi\u011fi g\u00f6zlendi. Yurdakul, e\u015finin cenaze namaz\u0131na kat\u0131lmazken namaz k\u0131l\u0131nd\u0131ktan sonra tabutu ta\u015f\u0131yanlar aras\u0131nda yer ald\u0131. Yurdakul, daha sonra cenaze t\u00f6renine kat\u0131lanlar\u0131n alk\u0131\u015flar\u0131 aras\u0131nda cezaevi arac\u0131na bindirilirken kendisini alk\u0131\u015flayanlara el sallayarak kar\u015f\u0131l\u0131k verdi. Yurdakul, daha sonra cezaevi arac\u0131yla Cebeci mezarl\u0131\u011f\u0131na g\u00f6t\u00fcr\u00fcld\u00fc.<\/p>\n<p style=\"text-align: justify;\"><strong>&#8220;B\u0130R KELEP\u00c7E VURULMADI\u011eI KALMI\u015e&#8221;\u00a0<\/strong><\/p>\n<p style=\"text-align: justify;\">\u00c7a\u011fda\u015f Gazeteciler Derne\u011fi Ba\u015fkan\u0131 ve Gazetecilere \u00d6zg\u00fcrl\u00fck Platformu d\u00f6nem s\u00f6zc\u00fcs\u00fc Ahmet Abakay, Yurdakul\u2019un cenaze t\u00f6renine cezaevi arac\u0131yla getirilmesine tepki g\u00f6stererek &#8220;Cezaevi arac\u0131yla buraya getirilmesi ay\u0131pt\u0131r. Bir kelep\u00e7e vurulmad\u0131\u011f\u0131 kalm\u0131\u015f, Adalet Bakan\u0131\u2019n\u0131 k\u0131n\u0131yorum. Adalet Bakan\u0131\u2019n\u0131n bu ay\u0131b\u0131 d\u00fc\u015f\u00fcnmesi laz\u0131m&#8221; dedi.<\/p>\n<p style=\"text-align: justify;\"><strong>&#8220;\u00d6ZEL YETK\u0130L\u0130 MAHKEMELERE KAR\u015eI \u00d6L\u00dcM\u00dcNE M\u00dcCADELE&#8221;\u00a0<\/strong><\/p>\n<p style=\"text-align: justify;\">CHP Grup Ba\u015fkanvekili Emine \u00dclker Tarhan da burada yapt\u0131\u011f\u0131 a\u00e7\u0131klamada T\u00fcrkiye\u2019nin ad\u0131m ad\u0131m diktat\u00f6rl\u00fc\u011fe gitti\u011fini dile getirerek &#8220;Bu \u00fclkede anayasa tart\u0131\u015fmalar\u0131n\u0131n yap\u0131ld\u0131\u011f\u0131 bug\u00fcnlerde hi\u00e7 kimsenin bir sabah 5\u2019te kap\u0131s\u0131n\u0131n \u00e7al\u0131n\u0131p tutuklanmayaca\u011f\u0131n\u0131n garantisi yoktur. \u00d6zel yetkili mahkemeler var oldu\u011fu s\u00fcrece bu \u00fclkede sa\u011fl\u0131kl\u0131 bir anayasa tart\u0131\u015fmas\u0131n\u0131n yap\u0131lmas\u0131 m\u00fcmk\u00fcn de\u011fildir. Biz, \u00f6zel yetkili mahkemelerin kald\u0131r\u0131lmas\u0131 i\u00e7in ayd\u0131nlar\u0131, gazetecileri \u00f6l\u00fcm\u00fcne tutuklayan \u00f6zel yetkili mahkemelere kar\u015f\u0131 \u00f6l\u00fcm\u00fcne bir m\u00fccadele vermek i\u00e7in buraday\u0131z. 1 Ekim\u2019i bu anlamda umutla, sab\u0131rs\u0131zl\u0131kla bekliyoruz&#8221; diye konu\u015ftu.<\/p>\n<p style=\"text-align: justify;\">Tarhan, bir gazetecinin cezaevi ko\u015fullar\u0131n\u0131n iyile\u015ftirilmesi konusunda bir giri\u015fimde bulunup bulunmayacaklar\u0131n\u0131 sormas\u0131 \u00fczerine &#8220;Cezaevi ko\u015fullar\u0131ndan \u00f6te bizatihi tutukluluk \u00fclkemizde i\u015fkenceye d\u00f6n\u00fc\u015fm\u00fc\u015ft\u00fcr, bunun detayland\u0131r\u0131lmas\u0131na gerek yok, tamamen i\u015fkence ko\u015fullar\u0131nda ayd\u0131nlar, gazeteciler, d\u00fc\u015f\u00fcnen insanlar bu \u00fclkede i\u015fkenceye tabi tutulmaktad\u0131rlar. O y\u00fczden \u00f6tesi laf\u0131 g\u00fczaft\u0131r. Bizatihi tutukluluk bir i\u015fkencedir bug\u00fcn itibariyle&#8221; dedi.<\/p>\n<p style=\"text-align: justify;\"><strong>&#8220;BUNLAR GE\u00c7ECEK&#8221;\u00a0<\/strong><\/p>\n<p style=\"text-align: justify;\">Ergenekon davas\u0131n\u0131n tutuksuz san\u0131klar\u0131ndan olan CHP Ankara Milletvekili Sinan Ayg\u00fcn de gazetecilerin sorusu \u00fczerine &#8220;Milletvekili se\u00e7ilmeden \u00f6nce dokunulmazl\u0131\u011f\u0131m\u0131n kald\u0131r\u0131lmas\u0131 konusunda kamuoyuna vaatte bulunmu\u015ftum. \u0130n\u015fallah bu ay i\u00e7inde savunmam\u0131z\u0131 yapar\u0131z, ifademizi veririz, ondan sonra neler diyece\u011fimizi orada net olarak g\u00f6receksiniz&#8221; dedi. Ayg\u00fcn, Yurdakul\u2019un cenaze t\u00f6renine cezaevi arac\u0131yla getirilmesini de de\u011ferlendirirken &#8220;Ke\u015fke bu g\u00f6r\u00fcnt\u00fc olmasayd\u0131. Kamuoyuna mal olmu\u015f bir insan, buradan ka\u00e7acak m\u0131? Bunlar ge\u00e7ecek, ben ge\u00e7ece\u011fine inan\u0131yorum. Umutluyum, umudumu kaybetmedim&#8221; dedi.<\/p>\n<p style=\"text-align: justify;\"><strong>&#8220;D\u0130N\u0130 \u0130NANCI OLMADI\u011eINDAN DOLAYI CENAZE NAMAZINA KATILMADI&#8221;\u00a0<\/strong><\/p>\n<p style=\"text-align: justify;\">Do\u011fan Yurdakul\u2019un avukat\u0131 H\u00fcseyin Ers\u00f6z, cenaze t\u00f6reni sonras\u0131 gazetecilere yapt\u0131\u011f\u0131 a\u00e7\u0131klamada cenaze namaz\u0131 konusunda Adalet Bakanl\u0131\u011f\u0131\u2019n\u0131n herhangi bir k\u0131s\u0131tlamas\u0131 olmad\u0131\u011f\u0131n\u0131, Yurdakul\u2019un dini inanca sahip olmad\u0131\u011f\u0131 i\u00e7in cenaze namaz\u0131n\u0131 k\u0131lmad\u0131\u011f\u0131n\u0131 belirterek &#8220;M\u00fcvekkilimizin kendi tercihidir. Dini \u00f6zg\u00fcrl\u00fc\u011f\u00fc \u00e7er\u00e7evesinde kendisinin bir dini inanc\u0131 olmad\u0131\u011f\u0131ndan dolay\u0131 cenaze namaz\u0131na kat\u0131lmam\u0131\u015ft\u0131r. Burada taziyeleri kabul etmi\u015f, arkas\u0131ndan da Cebeci mezarl\u0131\u011f\u0131na giderek orada e\u015fine kar\u015f\u0131 son g\u00f6revini yerine getirecektir&#8221; dedi.<\/p>\n<p style=\"text-align: justify;\"><strong>CEZAEVLER\u0130 GENEL M\u00dcD\u00dcR\u00dc MERMERC\u0130\u2019YE TE\u015eEKK\u00dcR\u00a0<\/strong><\/p>\n<p style=\"text-align: justify;\">Cezaevinden cenaze izni almalar\u0131n\u0131n ard\u0131ndan Ankara\u2019ya geldikten sonra ya\u015fad\u0131klar\u0131n\u0131 da anlatan Ers\u00f6z, Cezaevleri Genel M\u00fcd\u00fcr\u00fc Sefa Mermerci\u2019ye te\u015fekk\u00fcr ederek &#8220;\u0130stanbul\u2019dan Ankara\u2019ya geldi\u011fimiz a\u015famaya kadar kendisi bu konuyla yak\u0131ndan ilgilendi. \u00d6zellikle \u0130stanbul\u2019da m\u00fcvekkilimizin hangi yolla Ankara\u2019ya getirilece\u011fi noktas\u0131nda birtak\u0131m sorunlar ya\u015fad\u0131\u011f\u0131m\u0131z noktada devreye girerek bunlar\u0131n a\u015f\u0131lmas\u0131nda bize yard\u0131mc\u0131 oldu&#8221; diye konu\u015ftu.<\/p>\n<p style=\"text-align: justify;\">Yurdakul\u2019un evde taziyeleri kabul etti\u011fini, taziye telefonlar\u0131 geldi\u011finde bizzat g\u00f6r\u00fc\u015fme yapabildi\u011fini kaydeden Ers\u00f6z, g\u00f6r\u00fc\u015fmelerin tutana\u011fa kaydedildi\u011fini ve savc\u0131l\u0131k makam\u0131na iletilece\u011fini belirtti. Ers\u00f6z, bug\u00fcn saat 16.00\u2019dan 17.00\u2019ye kadar G\u00fcng\u00f6r Yurdakul i\u00e7in Kur\u2019an okunaca\u011f\u0131n\u0131, daha sonra Do\u011fan Yurdakul\u2019un taziyeleri kabul edece\u011fini bildirirken Yurdakul\u2019un Pazartesi ak\u015fam\u0131na kadar evde olaca\u011f\u0131n\u0131 ifade etti.<\/p>\n<p style=\"text-align: justify;\"><strong>&#8220;CEZAEV\u0130 ARACINA \u0130T\u0130RAZ YOK&#8221;\u00a0<\/strong><\/p>\n<p style=\"text-align: justify;\">Ers\u00f6z, Yurdakul\u2019un cezaevi arac\u0131yla getirilmesine g\u00f6sterilen tepkilerin an\u0131msat\u0131lmas\u0131 \u00fczerine \u015funlar\u0131 s\u00f6yledi:<\/p>\n<p style=\"text-align: justify;\">&#8220;Bu konuda yeni bir uygulama s\u00f6z konusu oldu\u011fundan dolay\u0131 hi\u00e7 kimseyi su\u00e7lamamak gerekiyor. \u00c7\u00fcnk\u00fc bir tutuklunun veya bir h\u00fck\u00fcml\u00fcn\u00fcn hangi ko\u015fullarda sevk i\u015flemlerinin ger\u00e7ekle\u015ftirilece\u011fi y\u00f6netmeliklerle ve y\u00f6nergelerle belirlenmi\u015f durumda. Cezaevi arac\u0131yla getirilip g\u00f6t\u00fcr\u00fclmesi tamamen g\u00fcvenlik nedeniyle ger\u00e7ekle\u015fmektedir. Buna bizim herhangi bir itiraz\u0131m\u0131z da bu a\u015famada s\u00f6z konusu de\u011fildir. Sadece \u015fu ana kadarki s\u00fcrecin bir \u00f6rnek olu\u015fturmas\u0131 d\u00fc\u015f\u00fcncesindeyiz. Burada as\u0131l \u00f6nemli olan \u015fey, taziye mesajlar\u0131n\u0131 almak ve cenaze namaz\u0131na bir tutuklunun kat\u0131lmas\u0131n\u0131 sa\u011flamakt\u0131. M\u00fcvekkilimiz, e\u015finin rahats\u0131zl\u0131\u011f\u0131 d\u00f6neminde kendisiyle g\u00f6r\u00fc\u015femedi ve kendisine destek olamad\u0131. Bu hak, h\u00fck\u00fcml\u00fclere tan\u0131nm\u0131\u015f bir hak, ancak ne yaz\u0131k ki tutuklulara tan\u0131nm\u0131\u015f olan bir hak de\u011fil. Bu sebepten, e\u011fer bu konuyla ilgili bir yasa \u00e7\u0131kacaksa bu s\u00fcre\u00e7te en b\u00fcy\u00fck ac\u0131y\u0131 ve \u0131st\u0131rab\u0131 \u00e7ekmi\u015f olan e\u015fi G\u00fcng\u00f6r Yurdakul\u2019a adanmas\u0131n\u0131 istiyor.&#8221;<\/p>\n<p style=\"text-align: justify;\">Ers\u00f6z, ba\u015fka bir soru \u00fczerine 2 jandarman\u0131n Yurdakul ile ayn\u0131 evde ve ayn\u0131 odada kald\u0131klar\u0131n\u0131, 3 jandarman\u0131n da kap\u0131da bekledi\u011fini, polisin de \u00e7evre g\u00fcvenli\u011fini sa\u011flad\u0131\u011f\u0131n\u0131 kaydetti. Yurdakul\u2019un sadece taziye ziyaretlerini ve telefonlar\u0131n\u0131 kabul edebildi\u011fini belirten Ers\u00f6z, gazetecilerle g\u00f6r\u00fc\u015fmesinin m\u00fcmk\u00fcn olmad\u0131\u011f\u0131n\u0131 bildirdi.<\/p>\n<p style=\"text-align: justify;\">Ers\u00f6z\u2019\u00fcn a\u00e7\u0131klama yapt\u0131\u011f\u0131 s\u0131rada cenaze t\u00f6renine kat\u0131lan baz\u0131 vatanda\u015flar &#8220;Katil AKP&#8221;, &#8220;Ergenekon yalan\u0131, Amerikan plan\u0131&#8221;, &#8220;Sat\u0131lm\u0131\u015f medya istemiyoruz&#8221; sloganlar\u0131 att\u0131lar.<\/p>\n<p style=\"text-align: justify;\"><a href=\"http:\/\/www.radikal.com.tr\/Radikal.aspx?aType=RadikalDetayV3&amp;ArticleID=1063642&amp;Date=18.09.2011&amp;CategoryID=77\" target=\"_blank\">Kaynak : Radikal.com.tr<\/a><\/p>\n","protected":false},"excerpt":{"rendered":"<p style=\"text-align: center;\">\n<p style=\"text-align: justify;\">E\u015finin ya\u015fam\u0131n\u0131 yitirmesi nedeniyle \u00f6zel izin alan &#8220;Ergenekon&#8221; tutuklusu Do\u011fan Yurdakul, cenaze t\u00f6reninde taziyeleri kabul etti.<\/p>\n<p style=\"text-align: justify;\">ANKARA &#8211; Ergenekon davas\u0131 kapsam\u0131nda tutuklu bulunan Do\u011fan Yurdakul\u2019un \u00f6nceki g\u00fcn vefat eden e\u015fi G\u00fcng\u00f6r Yurdakul son yolculu\u011funa u\u011furland\u0131. Do\u011fan Yurdakul mahkeme izniyle cenaze t\u00f6renine kat\u0131larak taziyeleri kabul etti. Yurdakul, cenaze t\u00f6renine <\/p>\n","protected":false},"author":1,"featured_media":0,"comment_status":"open","ping_status":"open","sticky":false,"template":"","format":"standard","meta":{"footnotes":""},"categories":[105],"tags":[],"class_list":["post-39907","post","type-post","status-publish","format-standard","hentry","category-gundem","odd"],"_links":{"self":[{"href":"http:\/\/www.korhanyilmaz.com\/index.php?rest_route=\/wp\/v2\/posts\/39907","targetHints":{"allow":["GET"]}}],"collection":[{"href":"http:\/\/www.korhanyilmaz.com\/index.php?rest_route=\/wp\/v2\/posts"}],"about":[{"href":"http:\/\/www.korhanyilmaz.com\/index.php?rest_route=\/wp\/v2\/types\/post"}],"author":[{"embeddable":true,"href":"http:\/\/www.korhanyilmaz.com\/index.php?rest_route=\/wp\/v2\/users\/1"}],"replies":[{"embeddable":true,"href":"http:\/\/www.korhanyilmaz.com\/index.php?rest_route=%2Fwp%2Fv2%2Fcomments&post=39907"}],"version-history":[{"count":0,"href":"http:\/\/www.korhanyilmaz.com\/index.php?rest_route=\/wp\/v2\/posts\/39907\/revisions"}],"wp:attachment":[{"href":"http:\/\/www.korhanyilmaz.com\/index.php?rest_route=%2Fwp%2Fv2%2Fmedia&parent=39907"}],"wp:term":[{"taxonomy":"category","embeddable":true,"href":"http:\/\/www.korhanyilmaz.com\/index.php?rest_route=%2Fwp%2Fv2%2Fcategories&post=39907"},{"taxonomy":"post_tag","embeddable":true,"href":"http:\/\/www.korhanyilmaz.com\/index.php?rest_route=%2Fwp%2Fv2%2Ftags&post=39907"}],"curies":[{"name":"wp","href":"https:\/\/api.w.org\/{rel}","templated":true}]}}