{"id":39903,"date":"2011-09-17T21:46:21","date_gmt":"2011-09-17T18:46:21","guid":{"rendered":"http:\/\/www.korhanyilmaz.com\/?p=39903"},"modified":"2011-09-18T05:39:06","modified_gmt":"2011-09-18T02:39:06","slug":"basbakan-erdogan-rol-kapmaya-calistilar","status":"publish","type":"post","link":"http:\/\/www.korhanyilmaz.com\/?p=39903","title":{"rendered":"Ba\u015fbakan Erdo\u011fan: Rol kapmaya \u00e7al\u0131\u015ft\u0131lar"},"content":{"rendered":"<p style=\"text-align: center;\"><a href=\"http:\/\/www.korhanyilmaz.com\/wp-content\/uploads\/2011\/09\/5088.jpg\"  class=\"lightview\"><img loading=\"lazy\" decoding=\"async\" class=\"aligncenter size-full wp-image-39904\" src=\"http:\/\/www.korhanyilmaz.com\/wp-content\/uploads\/2011\/09\/5088.jpg\" alt=\"\" width=\"336\" height=\"223\" \/><\/a><\/p>\n<p style=\"text-align: justify;\">Ba\u015fbakan Erdo\u011fan, kendisinden bir g\u00fcn \u00f6nce s\u00fcrpriz \u015fekilde Libya&#8217;ya giden Fransa Cumhurba\u015fkan\u0131 Sarkozy&#8217;i isim vermeden ele\u015ftirdi. Erdo\u011fan, &#8220;Durumdan vazife \u00e7\u0131karanlar veya rol kapanlar \u00e7\u0131kt\u0131 ortaya. Bu rol kapma mant\u0131\u011f\u0131 niye, neden?&#8221; diye konu\u015ftu.<!--more--><\/p>\n<p style=\"text-align: justify;\">Ba\u015fbakan Recep Tayyip Erdo\u011fan, , yap\u0131m\u0131n\u0131 \u0130ngiliz Lion TV&#8217;nin \u00fcstlendi\u011fi, Ba\u015fbakanl\u0131k T\u00fcrk Tan\u0131tma Fonu ve TRT&#8217;nin deste\u011fiyle, Bah\u00e7e\u015fehir \u00dcniversitesi Medeniyet Ara\u015ft\u0131rmalar\u0131 Merkezi taraf\u0131ndan haz\u0131rlanan &#8221;Bat\u0131ya Do\u011fru Akan Nehir&#8221; medeniyet belgeselinin tan\u0131t\u0131m gecesine kat\u0131ld\u0131. Ba\u015fbakan Erdo\u011fan&#8217;\u0131n k\u00fcrs\u00fcye \u00e7\u0131k\u0131\u015f\u0131 s\u0131ras\u0131nda davetliler, &#8221;T\u00fcrkiye seninle gurur duyuyor&#8221; diye slogan att\u0131.<\/p>\n<p style=\"text-align: justify;\">Gecede konu\u015fan Erdo\u011fan, d\u00f6rt g\u00fcnd\u00fcr M\u0131s\u0131r, Tunus ve Libya&#8217;da bulundu\u011funu hat\u0131rlatarak, &#8221;M\u0131s\u0131r medeniyetler be\u015fi\u011fi bir \u00fclke ama M\u0131s\u0131r&#8217;\u0131n halini g\u00f6r\u00fcn. M\u0131s\u0131r&#8217;da \u015fu anda d\u00fc\u015f\u00fcn\u00fcn otoriter ve totaliter bir rejim y\u0131k\u0131l\u0131yor. Otokratik bir sistem y\u0131k\u0131l\u0131yor ve yeni d\u00f6nemde ortaya \u00e7\u0131kan siyasi partiler bir endi\u015feyi ta\u015f\u0131yor; &#8216;acaba yine bir \u015feyler olabilir mi?&#8217; Yap\u0131lmas\u0131 gereken nedir? B\u00fct\u00fcn d\u00fcnyan\u0131n onlara bu \u00f6z g\u00fcveni vermesidir. Siz Tahrir&#8217;de ortaya \u00e7\u0131kt\u0131n\u0131z, bir \u015fey s\u00f6ylediniz. Dediniz ki; &#8216;teokratik, otoriter, totaliter ve teokrasiye hay\u0131r&#8217;. \u00d6yleyse bu yolda bu kararl\u0131l\u0131\u011f\u0131n\u0131z devam ediyor. Birilerinin farkl\u0131 hesaplar\u0131 olabilir. \u015eu veya bu \u015fekilde size yakla\u015f\u0131m g\u00f6sterebilirler. Olmas\u0131 gereken, art\u0131k bu yola \u00e7\u0131k\u0131lm\u0131\u015ft\u0131r, \u00f6yleyse \u00f6zg\u00fcrl\u00fckler noktas\u0131nda, demokrasi noktas\u0131nda ama dolamba\u00e7l\u0131 sokaklardan de\u011fil, ger\u00e7ek demokrasi noktas\u0131nda bu m\u00fccadeleyi vermenizdir&#8221; diye konu\u015ftu.<\/p>\n<p style=\"text-align: justify;\"><strong>&#8216;BU MANTIK NEDEN?&#8217;<\/strong><\/p>\n<p style=\"text-align: justify;\">Ayn\u0131 \u015feyin Tunus ve Libya i\u00e7in de ge\u00e7erli oldu\u011funu belirten Erdo\u011fan, &#8221;\u0130\u015fte bak\u0131n hemen g\u00f6rd\u00fcn\u00fcz, ortada olmad\u0131klar\u0131 halde durumdan vazife \u00e7\u0131karanlar veya rol kapanlar \u00e7\u0131kt\u0131 ortaya. Bu rol kapma mant\u0131\u011f\u0131 niye, neden?&#8221; dedi. Bu y\u0131l\u0131n ba\u015f\u0131nda Libya olaylar\u0131 ba\u015flad\u0131\u011f\u0131 d\u00f6nemde Avrupa Konseyi Parlamenterler Asamblesi&#8217;nde bir konu\u015fma yapt\u0131\u011f\u0131n\u0131 an\u0131msatan Erdo\u011fan, \u015f\u00f6yle devam etti:<\/p>\n<p style=\"text-align: justify;\">&#8221;(Bat\u0131, Libya&#8217;n\u0131n petrol kuyular\u0131 \u00fczerinde hesap yapmas\u0131n) dedim. \u015eu anda bat\u0131 bas\u0131n\u0131n\u0131 okursan\u0131z ne diyorlar; &#8216;Libya&#8217;n\u0131n petrollerinin y\u00fczde 35&#8217;i \u015fu \u015fu \u015fu \u00fclkede&#8217;. Ay\u0131pt\u0131r. Her zamanki yakla\u015f\u0131m tarz\u0131n\u0131z\u0131 yine tekrar edecek olursan\u0131z bu defa durum inan\u0131yorum ki farkl\u0131 olacakt\u0131r. \u0130nan\u0131yorum ki al\u0131\u015f\u0131lm\u0131\u015f\u0131n d\u0131\u015f\u0131nda olacakt\u0131r.&#8221;<\/p>\n<p style=\"text-align: justify;\">D\u00fcn Libya&#8217;da 4 meydan mitingi yapt\u0131\u011f\u0131n\u0131 ve halka hitap etti\u011fini s\u00f6yleyen Erdo\u011fan, Misrata&#8217;n\u0131n yak\u0131l\u0131p, y\u0131k\u0131ld\u0131\u011f\u0131n\u0131 g\u00f6rd\u00fc\u011f\u00fcn\u00fc ifade etti. Misrata&#8217;dan &#8221;Ankara&#8221; gemisiyle 450 yaral\u0131y\u0131 12 F-16 u\u00e7a\u011f\u0131n\u0131n korumas\u0131yla bu \u00fclkeden \u00e7\u0131kard\u0131klar\u0131n\u0131 anlatan Erdo\u011fan, &#8221;D\u00fcn \u00f6\u011frendim ki Fransa ve \u0130ngiltere 35 yaral\u0131y\u0131 tedavi i\u00e7in memleketlerine g\u00f6t\u00fcr\u00fcyormu\u015f. Her taraf g\u00fcll\u00fck g\u00fclistanl\u0131k \u015fimdi. Bunu da allaya pullaya anlat\u0131yorlar. G\u00fcc\u00fc, silah\u0131 ve ac\u0131mas\u0131zca rekabeti merkezine alan bir medeniyet anlay\u0131\u015f\u0131 kabul edilemez&#8221; diye konu\u015ftu.<\/p>\n<p style=\"text-align: justify;\"><a href=\"http:\/\/www.radikal.com.tr\/Radikal.aspx?aType=RadikalDetayV3&amp;ArticleID=1063690&amp;Date=18.09.2011&amp;CategoryID=78\" target=\"_blank\">Kaynak : Radikal.com.tr<\/a><\/p>\n","protected":false},"excerpt":{"rendered":"<p style=\"text-align: center;\">\n<p style=\"text-align: justify;\">Ba\u015fbakan Erdo\u011fan, kendisinden bir g\u00fcn \u00f6nce s\u00fcrpriz \u015fekilde Libya&#8217;ya giden Fransa Cumhurba\u015fkan\u0131 Sarkozy&#8217;i isim vermeden ele\u015ftirdi. Erdo\u011fan, &#8220;Durumdan vazife \u00e7\u0131karanlar veya rol kapanlar \u00e7\u0131kt\u0131 ortaya. Bu rol kapma mant\u0131\u011f\u0131 niye, neden?&#8221; diye konu\u015ftu.<\/p>\n","protected":false},"author":1,"featured_media":0,"comment_status":"open","ping_status":"open","sticky":false,"template":"","format":"standard","meta":{"footnotes":""},"categories":[105],"tags":[],"class_list":["post-39903","post","type-post","status-publish","format-standard","hentry","category-gundem","odd"],"_links":{"self":[{"href":"http:\/\/www.korhanyilmaz.com\/index.php?rest_route=\/wp\/v2\/posts\/39903","targetHints":{"allow":["GET"]}}],"collection":[{"href":"http:\/\/www.korhanyilmaz.com\/index.php?rest_route=\/wp\/v2\/posts"}],"about":[{"href":"http:\/\/www.korhanyilmaz.com\/index.php?rest_route=\/wp\/v2\/types\/post"}],"author":[{"embeddable":true,"href":"http:\/\/www.korhanyilmaz.com\/index.php?rest_route=\/wp\/v2\/users\/1"}],"replies":[{"embeddable":true,"href":"http:\/\/www.korhanyilmaz.com\/index.php?rest_route=%2Fwp%2Fv2%2Fcomments&post=39903"}],"version-history":[{"count":0,"href":"http:\/\/www.korhanyilmaz.com\/index.php?rest_route=\/wp\/v2\/posts\/39903\/revisions"}],"wp:attachment":[{"href":"http:\/\/www.korhanyilmaz.com\/index.php?rest_route=%2Fwp%2Fv2%2Fmedia&parent=39903"}],"wp:term":[{"taxonomy":"category","embeddable":true,"href":"http:\/\/www.korhanyilmaz.com\/index.php?rest_route=%2Fwp%2Fv2%2Fcategories&post=39903"},{"taxonomy":"post_tag","embeddable":true,"href":"http:\/\/www.korhanyilmaz.com\/index.php?rest_route=%2Fwp%2Fv2%2Ftags&post=39903"}],"curies":[{"name":"wp","href":"https:\/\/api.w.org\/{rel}","templated":true}]}}