{"id":39898,"date":"2011-09-17T19:16:16","date_gmt":"2011-09-17T16:16:16","guid":{"rendered":"http:\/\/www.korhanyilmaz.com\/?p=39898"},"modified":"2011-09-18T04:19:59","modified_gmt":"2011-09-18T01:19:59","slug":"libyaya-parasutle-gida-yardimi","status":"publish","type":"post","link":"http:\/\/www.korhanyilmaz.com\/?p=39898","title":{"rendered":"Libya&#8217;ya para\u015f\u00fctle g\u0131da yard\u0131m\u0131"},"content":{"rendered":"<p style=\"text-align: justify;\"><a href=\"http:\/\/www.korhanyilmaz.com\/wp-content\/uploads\/2011\/09\/50871.jpg\"  class=\"lightview\"><img loading=\"lazy\" decoding=\"async\" class=\"aligncenter size-full wp-image-39900\" title=\"\" src=\"http:\/\/www.korhanyilmaz.com\/wp-content\/uploads\/2011\/09\/50871.jpg\" alt=\"\" width=\"313\" height=\"227\" \/><\/a><\/p>\n<p style=\"text-align: justify;\">T\u00fcrkiye, Libya&#8217;da s\u0131cak \u00e7at\u0131\u015fmalar\u0131n ya\u015fand\u0131\u011f\u0131 Beni Velid kentinden ka\u00e7an 10 bin Libyal\u0131&#8217;ya g\u0131da yard\u0131m\u0131nda bulunmak i\u00e7in iki askeri u\u00e7ak g\u00f6nderdi. Toplam 22 tonluk g\u0131da malzemesi Libyal\u0131lara para\u015f\u00fctle ula\u015ft\u0131r\u0131lacak.\u00a0<!--more--><\/p>\n<p style=\"text-align: justify;\">D\u0131\u015fi\u015fleri Bakan\u0131 Ahmet Davuto\u011flu, &#8220;U\u00e7aklar\u0131m\u0131z Libya semalar\u0131nda. Buradaki karde\u015flerimize para\u015f\u00fctle yiyecek ve su\u00a0ihtiya\u00e7lar\u0131n\u0131 kar\u015f\u0131lamak \u00fczere bir operasyon ba\u015flatt\u0131k&#8221; dedi.<\/p>\n<p style=\"text-align: justify;\">Davuto\u011flu, AK Parti Konya \u0130l Ba\u015fkanl\u0131\u011f\u0131nda \u0130l Koordinasyon Toplant\u0131s\u0131n\u0131n ard\u0131ndan d\u00fczenlenen bas\u0131n toplant\u0131s\u0131nda, \u00e7at\u0131\u015fmalar\u0131n s\u00fcrd\u00fc\u011f\u00fc Libya&#8217;da halk\u0131n \u00e7at\u0131\u015fmalar dolay\u0131s\u0131yla susuz ve yiyeceksiz olarak a\u00e7\u0131kta bekledi\u011fi bilgisinin\u00a0kendilerine intikal etti\u011fini s\u00f6yledi.<\/p>\n<p style=\"text-align: justify;\">Bar\u0131naklar\u0131 olmayan 10 bin civar\u0131nda ki\u015fiye acil yiyecek ve su g\u00f6nderilmesinin talep edildi\u011fine dikkati \u00e7eken Davuto\u011flu, \u015funlar\u0131 kaydetti:<\/p>\n<p style=\"text-align: justify;\">&#8220;Yapt\u0131\u011f\u0131m\u0131z teknik \u00e7al\u0131\u015fmada Genelkurmay Ba\u015fkanl\u0131\u011f\u0131m\u0131zla yapt\u0131\u011f\u0131m\u0131z temaslar sonras\u0131nda yard\u0131mlar bug\u00fcn, \u015fu saatler itibariyle ula\u015fmak \u00fczere olmas\u0131 laz\u0131m. U\u00e7aklar\u0131m\u0131z Libya semalar\u0131nda. Buradaki karde\u015flerimize para\u015f\u00fctle yiyecek ve su ihtiya\u00e7lar\u0131n\u0131 kar\u015f\u0131lamak \u00fczere bir operasyon ba\u015flatt\u0131k. Ben Konya&#8217;ya gelirken hareket etmek \u00fczereydiler. Tam koordinatlar\u0131 tespit ediyorduk. \u0130n\u015fallah ak\u015fama kadar o karde\u015flerimizin ihtiya\u00e7lar\u0131 kar\u015f\u0131lanacak. Bu da T\u00fcrkiye&#8217;nin\u00a0lojistik g\u00fcc\u00fcn\u00fc ve ihtiya\u00e7 i\u00e7inde olanlara ula\u015fma kapasitesini ortaya koyacak. Di\u011fer alanlarda da bundan sonra da Libya&#8217;y\u0131 her konuda destekleyece\u011fiz.&#8221;<\/p>\n<p style=\"text-align: justify;\">Daha \u00f6nce Ulusal Ge\u00e7i\u015f Konseyi&#8217;nin BM Genel Kurulu&#8217;nda Libya&#8217;y\u0131 temsil etmesi ve ay y\u0131ld\u0131zl\u0131 Libya bayra\u011f\u0131n\u0131n BM&#8217;de dalgalanmas\u0131 i\u00e7in giri\u015flerde bulunduklar\u0131n\u0131 dile getiren Davuto\u011flu, &#8220;D\u00fcn ilgili Birle\u015fmi\u015f Milletler Komitesi&#8217;nin yapt\u0131\u011f\u0131 toplant\u0131da al\u0131nan kararla in\u015fallah \u00f6n\u00fcm\u00fczdeki hafta ay y\u0131ld\u0131zl\u0131 Libya Bayra\u011f\u0131 Birle\u015fmi\u015f Milletler g\u00f6nderine \u00e7ekilecek. Bu da bize son gelen haber&#8221; dedi.<\/p>\n<p style=\"text-align: justify;\"><strong>ABD&#8217;nin arabuluculu\u011funa ihtiya\u00e7 yok\u00a0<\/strong><\/p>\n<p style=\"text-align: justify;\">ABD Ba\u015fkan\u0131 Barack Obama ile T\u00fcrk-\u0130srail durumunun konu\u015fulabilece\u011fini s\u00f6yleyen Davuto\u011flu, &#8220;\u0130sraille aram\u0131zda arabulucuya ihtiya\u00e7 yok, T\u00fcrkiye&#8217;nin talepleri bellidir bu talepler yerine getirildi\u011finde at\u0131lacak ad\u0131mlar bellidir, yerine getirilmedi\u011finde at\u0131lacak ad\u0131mlar bellidir. Kimse ciddiyetimizi test etmeye kalkmamal\u0131d\u0131r. Say\u0131n Obama&#8217;yla T\u00fcrkiye \u0130srail meselesi konu\u015fulur. Ama bundan sonra at\u0131lacak ad\u0131mlar \u00f6nemlidir, yoksa yap\u0131lacak yorumlar de\u011fil&#8221; dedi.<\/p>\n<p style=\"text-align: justify;\"><strong>G\u00f6revini hakk\u0131yla yerine getirmi\u015ftir\u00a0<\/strong><\/p>\n<p style=\"text-align: justify;\">Ter\u00f6r \u00d6rg\u00fct\u00fc PKK ile M\u0130T M\u00fcste\u015far\u0131 aras\u0131nda yap\u0131lan g\u00f6r\u00fc\u015fmenin de sorulmas\u0131 \u00fczerine Bakan Davuto\u011flu \u015f\u00f6yle konu\u015ftu:<\/p>\n<p style=\"text-align: justify;\">&#8220;D\u00fcnyan\u0131n her yerinde istihbarat te\u015fkilatlar\u0131n\u0131n g\u00f6revleri bellidir. Bu g\u00f6revlerde hi\u00e7bir s\u0131n\u0131rlama yaktur. Siyasi otoritenin verdi\u011fi g\u00f6revleri yerine getirirler. \u00dclkenin bekas\u0131 i\u00e7in ne yap\u0131lmas\u0131 gerekiyorsa, istihbarat toplamaktan ba\u011flant\u0131l\u0131 operasyonlara kadar yaparlar. Say\u0131n Mit M\u00fcste\u015far\u0131m\u0131z kendisine verilen g\u00f6revi hakk\u0131yla yerine getirmi\u015ftir. M\u00fcste\u015far\u0131m\u0131z\u0131n d\u0131\u015f politikam\u0131zda en b\u00fcyl\u00fck katk\u0131da yapaca\u011f\u0131 hususlar bug\u00fcnlerde yurt d\u0131\u015f\u0131 istihbarat ile ilgili yeni bir yap\u0131lanmaya gidilmesi konusunda att\u0131\u011f\u0131 ad\u0131mlard\u0131r. Bu konuda T\u00fcrkiye&#8217;nin bekas\u0131 ve ter\u00f6r \u00f6rg\u00fct\u00fc belas\u0131n\u0131n T\u00fcrkiye&#8217;nin \u00fczerinden def edilmesi i\u00e7in at\u0131lmas\u0131 gereken her ad\u0131m at\u0131l\u0131r. H\u00fck\u00fcmetimizin bu konuda anlatamayaca\u011f\u0131 bir durum yoktur. S\u0131n\u0131r \u00f6tesi operasyonda da ne gerekiyorsa yap\u0131lacakt\u0131r. Bu konuda m\u00fcste\u015far\u0131m\u0131z hakk\u0131 ile g\u00f6revini yapm\u0131\u015ft\u0131r ve yapmaya devam edecektir.&#8221;<\/p>\n<p style=\"text-align: justify;\"><strong>K\u0131ta sahanl\u0131\u011f\u0131 anla\u015fmas\u0131\u00a0<\/strong><\/p>\n<p style=\"text-align: justify;\">K\u0131br\u0131s Rum y\u00f6netimi&#8217;nin tek tarafl\u0131 olarak b\u00f6lgesinde petrol aramas\u0131 konusuna da de\u011finen Bakan Davuto\u011flu, \u015funlar\u0131 s\u00f6yledi:<\/p>\n<p style=\"text-align: justify;\">&#8220;K\u0131br\u0131s&#8217;ta yo\u011fun m\u00fczekareler s\u00fcrerken, kapsaml\u0131 bir bar\u0131\u015f plan\u0131 son a\u015faman\u0131a gelmi\u015fken K\u0131br\u0131s Rum y\u00f6netiminin tek tarafl\u0131 olarak K\u0131br\u0131s karasular\u0131nda ara\u015ft\u0131rma yapmaya kalkmas\u0131 her \u015feyden \u00f6nce provakasyondur. Bu s\u00fcreci sabote etmeye y\u00f6nelik bir ad\u0131md\u0131r. Bunun hi\u00e7bir aciliyeti yoktur. B\u00fct\u00fcn kaynaklar bu iki devlete aittir. \u00d6nce \u00e7\u00f6z\u00fcm\u00fc olu\u015ftural\u0131m sonra T\u00fcrkler ve Rumlar bu kaynaklar\u0131 birlikte idare etsinler.<\/p>\n<p style=\"text-align: justify;\">K\u0131br\u0131s Rum y\u00f6netimi ben bunu tek olarak yapar\u0131m ben ayr\u0131 devletim diyorsa o zaman da bu m\u00fczakerenin ne anlam\u0131 var. O zaman iki devlet oldu\u011funu kabul etmek gerekir. Bir karar vermek gerekir. Bu t\u00fcr provakatif eylemler yerine gelin yolu a\u00e7\u0131lm\u0131\u015f m\u00fczekereler \u00fczerinde dural\u0131m ve biran \u00f6nce gerke\u00e7le\u015ftirelim. Ama siz bunu yapacaks\u0131n\u0131z, biz de sizin bu tek tarafl\u0131 ad\u0131m\u0131n\u0131z\u0131 tan\u0131mad\u0131\u011f\u0131m\u0131z\u0131 g\u00f6stermek \u00fczere tek tarafla ad\u0131m atma hakk\u0131n\u0131 kendimizde g\u00f6r\u00fcr\u00fcz. Bu bizim garant\u00f6rl\u00fck sistemden ve uluslaras\u0131 anla\u015fmadan do\u011fan hakk\u0131m\u0131zd\u0131r.<\/p>\n<p style=\"text-align: justify;\">K\u0131br\u0131s T\u00fcrklerinin bu anlamda haklar\u0131ndan feragat etmelerini kimse bekleyemez. Bu konuda eylem plan\u0131 haz\u0131rlad\u0131k. E\u011fer emrivaki devam ederse at\u0131lacak ad\u0131mlar\u0131m\u0131z var. Bunlardan bir tanesi de T\u00fcrkiye ile Kuzey K\u0131br\u0131s T\u00fcrk Cumhuriyeti aras\u0131nda k\u0131ta sahanl\u0131\u011f\u0131 anla\u015fmas\u0131n\u0131n yap\u0131lmas\u0131d\u0131r. Bu konuda Enerji Bakanl\u011f\u0131m\u0131zdan bir heyet Kuzey K\u0131br\u0131s T\u00fcrk Cumhuriyeti&#8217;ne giderek gerekli g\u00f6r\u00fc\u015fmeleri yapmaktad\u0131r. Hi\u00e7bir emrivakiyi kabul edemeyiz. Bunu b\u00fct\u00fcn uluslaras\u0131 toplumun bilmesi gerekir.&#8221;<\/p>\n<p style=\"text-align: justify;\"><a href=\"http:\/\/www.cnnturk.com\/2011\/turkiye\/09\/17\/libyaya.parasutle.gida.yardimi\/629603.0\/index.html\" target=\"_blank\">Kaynak : CNN T\u00dcRK<\/a><\/p>\n","protected":false},"excerpt":{"rendered":"<p style=\"text-align: justify;\">\n<p style=\"text-align: justify;\">T\u00fcrkiye, Libya&#8217;da s\u0131cak \u00e7at\u0131\u015fmalar\u0131n ya\u015fand\u0131\u011f\u0131 Beni Velid kentinden ka\u00e7an 10 bin Libyal\u0131&#8217;ya g\u0131da yard\u0131m\u0131nda bulunmak i\u00e7in iki askeri u\u00e7ak g\u00f6nderdi. Toplam 22 tonluk g\u0131da malzemesi Libyal\u0131lara para\u015f\u00fctle ula\u015ft\u0131r\u0131lacak. <\/p>\n","protected":false},"author":1,"featured_media":0,"comment_status":"open","ping_status":"open","sticky":false,"template":"","format":"standard","meta":{"footnotes":""},"categories":[105],"tags":[],"class_list":["post-39898","post","type-post","status-publish","format-standard","hentry","category-gundem","odd"],"_links":{"self":[{"href":"http:\/\/www.korhanyilmaz.com\/index.php?rest_route=\/wp\/v2\/posts\/39898","targetHints":{"allow":["GET"]}}],"collection":[{"href":"http:\/\/www.korhanyilmaz.com\/index.php?rest_route=\/wp\/v2\/posts"}],"about":[{"href":"http:\/\/www.korhanyilmaz.com\/index.php?rest_route=\/wp\/v2\/types\/post"}],"author":[{"embeddable":true,"href":"http:\/\/www.korhanyilmaz.com\/index.php?rest_route=\/wp\/v2\/users\/1"}],"replies":[{"embeddable":true,"href":"http:\/\/www.korhanyilmaz.com\/index.php?rest_route=%2Fwp%2Fv2%2Fcomments&post=39898"}],"version-history":[{"count":0,"href":"http:\/\/www.korhanyilmaz.com\/index.php?rest_route=\/wp\/v2\/posts\/39898\/revisions"}],"wp:attachment":[{"href":"http:\/\/www.korhanyilmaz.com\/index.php?rest_route=%2Fwp%2Fv2%2Fmedia&parent=39898"}],"wp:term":[{"taxonomy":"category","embeddable":true,"href":"http:\/\/www.korhanyilmaz.com\/index.php?rest_route=%2Fwp%2Fv2%2Fcategories&post=39898"},{"taxonomy":"post_tag","embeddable":true,"href":"http:\/\/www.korhanyilmaz.com\/index.php?rest_route=%2Fwp%2Fv2%2Ftags&post=39898"}],"curies":[{"name":"wp","href":"https:\/\/api.w.org\/{rel}","templated":true}]}}