{"id":39895,"date":"2011-09-17T23:41:48","date_gmt":"2011-09-17T20:41:48","guid":{"rendered":"http:\/\/www.korhanyilmaz.com\/?p=39895"},"modified":"2011-09-18T04:15:26","modified_gmt":"2011-09-18T01:15:26","slug":"bingolde-catisma-1-sehit","status":"publish","type":"post","link":"http:\/\/www.korhanyilmaz.com\/?p=39895","title":{"rendered":"Bing\u00f6l&#8217;de \u00e7at\u0131\u015fma: 1 \u015fehit"},"content":{"rendered":"<p style=\"text-align: center;\"><a href=\"http:\/\/www.korhanyilmaz.com\/wp-content\/uploads\/2011\/09\/5086.jpg\"  class=\"lightview\"><img loading=\"lazy\" decoding=\"async\" class=\"aligncenter size-full wp-image-39896\" src=\"http:\/\/www.korhanyilmaz.com\/wp-content\/uploads\/2011\/09\/5086.jpg\" alt=\"\" width=\"350\" height=\"232\" \/><\/a><\/p>\n<p style=\"text-align: justify;\">Bing\u00f6l&#8217;\u00fcn Gen\u00e7 il\u00e7esinde g\u00fcvenlik g\u00fc\u00e7leri ile ter\u00f6ristler aras\u0131nda \u00e7\u0131kan \u00e7at\u0131\u015fmada 1 asker \u015fehit olurken, 2 asker yaraland\u0131.<\/p>\n<p style=\"text-align: justify;\">Bing\u00f6l&#8217;\u00fcn Gen\u00e7 il\u00e7esi k\u0131rsal kesiminde operasyondan d\u00f6nen askerler kar\u015f\u0131la\u015ft\u0131klar\u0131 PKK&#8217;l\u0131lar ile \u00e7at\u0131\u015ft\u0131. \u00c7at\u0131\u015fmada 1 asker \u015fehit oldu, 2 asker yaraland\u0131.\u00a0<!--more--><\/p>\n<p style=\"text-align: justify;\">Bing\u00f6l&#8217;\u00fcn Gen\u00e7 il\u00e7esine ba\u011fl\u0131 G\u00fczeldere k\u00f6y\u00fc k\u0131rsal\u0131nda operasyondan d\u00f6nen g\u00fcvenlik g\u00fc\u00e7leri ak\u015fam saat 21.00 s\u0131ralar\u0131nda bir grup PKK&#8217;l\u0131 ile kar\u015f\u0131la\u015ft\u0131. \u00c7\u0131kan \u00e7at\u0131\u015fmada bir asker \u015fehit oldu, 2 asker yaraland\u0131. Yaral\u0131 askerler helikopterlerle Bing\u00f6l Devlet Hastanesine kald\u0131r\u0131ld\u0131. Bing\u00f6l&#8217;den \u00e7at\u0131\u015fman\u0131n ya\u015fand\u0131\u011f\u0131 b\u00f6lgeye \u00f6zel harekat timleri sevk edildi.<\/p>\n<p style=\"text-align: justify;\">\u0130smi ve memleketi hen\u00fcz belirlenemeyen \u015fehit askerin cenazesi yar\u0131n d\u00fczenlenecek t\u00f6renden sonra memleketine g\u00f6nderilecek. Bing\u00f6l Valisi Mustafa Hakan G\u00fcven\u00e7er, hastaneye kald\u0131r\u0131lan 2 askerin sa\u011fl\u0131k durumunun iyi oldu\u011funu, b\u00f6lgedeki PKK&#8217;l\u0131lar\u0131n etkisiz hale getirilmesi i\u00e7in \u00e7at\u0131\u015fman\u0131n ya\u015fand\u0131\u011f\u0131 yere \u00f6zel harekat timlerinin sevk edildi\u011fini ve operasyonlar\u0131n halen devam etti\u011fini s\u00f6yledi.<\/p>\n<p style=\"text-align: justify;\"><a href=\"http:\/\/www.cnnturk.com\/2011\/turkiye\/09\/17\/bingolde.catisma.1.sehit\/629616.0\/index.html\" target=\"_blank\">Kaynak : CNN T\u00dcRK<\/a><\/p>\n","protected":false},"excerpt":{"rendered":"<p style=\"text-align: center;\">\n<p style=\"text-align: justify;\">Bing\u00f6l&#8217;\u00fcn Gen\u00e7 il\u00e7esinde g\u00fcvenlik g\u00fc\u00e7leri ile ter\u00f6ristler aras\u0131nda \u00e7\u0131kan \u00e7at\u0131\u015fmada 1 asker \u015fehit olurken, 2 asker yaraland\u0131.<\/p>\n<p style=\"text-align: justify;\">Bing\u00f6l&#8217;\u00fcn Gen\u00e7 il\u00e7esi k\u0131rsal kesiminde operasyondan d\u00f6nen askerler kar\u015f\u0131la\u015ft\u0131klar\u0131 PKK&#8217;l\u0131lar ile \u00e7at\u0131\u015ft\u0131. \u00c7at\u0131\u015fmada 1 asker \u015fehit oldu, 2 asker yaraland\u0131. <\/p>\n","protected":false},"author":1,"featured_media":0,"comment_status":"open","ping_status":"open","sticky":false,"template":"","format":"standard","meta":{"footnotes":""},"categories":[105],"tags":[],"class_list":["post-39895","post","type-post","status-publish","format-standard","hentry","category-gundem","odd"],"_links":{"self":[{"href":"http:\/\/www.korhanyilmaz.com\/index.php?rest_route=\/wp\/v2\/posts\/39895","targetHints":{"allow":["GET"]}}],"collection":[{"href":"http:\/\/www.korhanyilmaz.com\/index.php?rest_route=\/wp\/v2\/posts"}],"about":[{"href":"http:\/\/www.korhanyilmaz.com\/index.php?rest_route=\/wp\/v2\/types\/post"}],"author":[{"embeddable":true,"href":"http:\/\/www.korhanyilmaz.com\/index.php?rest_route=\/wp\/v2\/users\/1"}],"replies":[{"embeddable":true,"href":"http:\/\/www.korhanyilmaz.com\/index.php?rest_route=%2Fwp%2Fv2%2Fcomments&post=39895"}],"version-history":[{"count":0,"href":"http:\/\/www.korhanyilmaz.com\/index.php?rest_route=\/wp\/v2\/posts\/39895\/revisions"}],"wp:attachment":[{"href":"http:\/\/www.korhanyilmaz.com\/index.php?rest_route=%2Fwp%2Fv2%2Fmedia&parent=39895"}],"wp:term":[{"taxonomy":"category","embeddable":true,"href":"http:\/\/www.korhanyilmaz.com\/index.php?rest_route=%2Fwp%2Fv2%2Fcategories&post=39895"},{"taxonomy":"post_tag","embeddable":true,"href":"http:\/\/www.korhanyilmaz.com\/index.php?rest_route=%2Fwp%2Fv2%2Ftags&post=39895"}],"curies":[{"name":"wp","href":"https:\/\/api.w.org\/{rel}","templated":true}]}}