{"id":39883,"date":"2011-09-16T22:11:50","date_gmt":"2011-09-16T19:11:50","guid":{"rendered":"http:\/\/www.korhanyilmaz.com\/?p=39883"},"modified":"2011-09-17T08:18:02","modified_gmt":"2011-09-17T05:18:02","slug":"3-cecen%e2%80%99e-caddede-susturuculu-infaz","status":"publish","type":"post","link":"http:\/\/www.korhanyilmaz.com\/?p=39883","title":{"rendered":"3 \u00c7e\u00e7en\u2019e caddede susturuculu infaz"},"content":{"rendered":"<p style=\"text-align: justify;\"><a href=\"http:\/\/www.korhanyilmaz.com\/wp-content\/uploads\/2011\/09\/5082.jpg\"  class=\"lightview\"><img loading=\"lazy\" decoding=\"async\" class=\"aligncenter size-full wp-image-39884\" title=\"\" src=\"http:\/\/www.korhanyilmaz.com\/wp-content\/uploads\/2011\/09\/5082.jpg\" alt=\"\" width=\"313\" height=\"188\" \/><\/a><\/p>\n<p style=\"text-align: justify;\">Zeytinburnu\u2019nda iki ki\u015fi, T\u00fcrkiye\u2019deki muhalif \u00c7e\u00e7enlerin lideri olan, Rus sava\u015f\u0131 komutanlar\u0131ndan Musaevi Berkkhazh ve iki \u00c7e\u00e7en\u2019i susturuculu silahla cadde ortas\u0131nda \u00f6ld\u00fcrd\u00fc.<\/p>\n<p style=\"text-align: justify;\">\u0130STANBUL Zeytinburnu\u2019nda dericilik yapmaya ba\u015flayan \u00c7e\u00e7enistan uyruklu Musaevi Berkkhazh, Rustam Altemirol ve Zavrbek Amriev\u2019in, Mevlana Caddesi\u2019nde bir apartman\u0131n ikinci kat\u0131n\u0131 iki ay \u00f6nce kiralad\u0131. \u00dc\u00e7 \u00c7e\u00e7en, d\u00fcn saat 15.30 s\u0131ralar\u0131nda otomobillerine binmek i\u00e7in evden \u00e7\u0131k\u0131p yolun kar\u015f\u0131 taraf\u0131na ge\u00e7ti\u011finde sald\u0131r\u0131ya u\u011frad\u0131.<!--more--><\/p>\n<p style=\"text-align: justify;\"><a href=\"http:\/\/www.korhanyilmaz.com\/wp-content\/uploads\/2011\/09\/5083.jpg\"  class=\"lightview\"><img loading=\"lazy\" decoding=\"async\" class=\"alignleft size-full wp-image-39885\" style=\"margin-left: 10px; margin-right: 10px;\" src=\"http:\/\/www.korhanyilmaz.com\/wp-content\/uploads\/2011\/09\/5083.jpg\" alt=\"\" width=\"325\" height=\"156\" \/><\/a>Tan\u0131klar\u0131n anlatt\u0131klar\u0131na g\u00f6re \u00fc\u00e7 \u00c7e\u00e7en otomobile binemeden, yak\u0131nlar\u0131nda duran siyah renkli bir otomobilin arka kap\u0131s\u0131n\u0131 a\u00e7arak inen ki\u015fi taraf\u0131ndan kur\u015fun ya\u011fmuruna tutuldu. Sald\u0131rgan yere d\u00fc\u015fen \u00fc\u00e7 \u00c7e\u00e7en\u2019in yan\u0131na giderek susturuculu silah\u0131yla kafalar\u0131na da birer el ate\u015f etti. Daha sonra ba\u015fka bir ki\u015finin kulland\u0131\u011f\u0131 siyah otomobille ka\u00e7t\u0131. Olay yeri inceleme ekipleri b\u00f6lgeyi kapatarak inceleme ba\u015flatt\u0131. B\u00f6lgedeki g\u00fcvenlik kamera g\u00f6r\u00fcnt\u00fcleri topland\u0131. Cinayet B\u00fcro ekipleri, sald\u0131r\u0131da kullan\u0131lan otomobili Bak\u0131rk\u00f6y\u2019de terk edilmi\u015f olarak buldu. \u0130lk tespitlere g\u00f6re sald\u0131rgan 9 mm \u00e7apl\u0131 susturuculu tabanca kulland\u0131. Olay yerinde 9 adet bo\u015f kovan bulundu. G\u00f6rg\u00fc tan\u0131klar\u0131 silah sesi duymad\u0131klar\u0131n\u0131, otomobilde iki ki\u015fi g\u00f6rd\u00fcklerini anlatt\u0131.<\/p>\n<p style=\"text-align: justify;\">Polisin yapt\u0131\u011f\u0131 ara\u015ft\u0131rmaya g\u00f6re; Musaevi Berkkhazh, \u00c7e\u00e7en-Rus Sava\u015f\u0131\u2019nda \u00fcst d\u00fczey komutan olarak g\u00f6rev yapt\u0131. 1.5 y\u0131l \u00f6nce bir \u00e7at\u0131\u015fmada yaralan\u0131nca T\u00fcrkiye\u2019ye geldi. Rustam Altemirol ve Zavrbek Amriev de bu sava\u015fta yer ald\u0131. \u00d6ld\u00fcr\u00fclen 3 ki\u015fi \u015eamil Basayev \u00f6l\u00fcnce yerine ge\u00e7en muhalif Doku \u00d6merov\u2019a ba\u011fl\u0131 isimler. Bu isimler iddiaya g\u00f6re iktidardaki Rus yanl\u0131s\u0131 \u00c7e\u00e7enistan Ba\u015fkan\u0131 Ramzan Kadirov\u2019a muhalifler. \u00dcst d\u00fczey bir emniyet yetkilisi, \u201cOlay, Kadirov ve \u00d6merov aras\u0131nda s\u00fcren i\u00e7 \u00e7at\u0131\u015fman\u0131n devam\u0131 olarak g\u00f6r\u00fcn\u00fcyor\u201d de\u011ferlendirmesi yapt\u0131.<\/p>\n<p style=\"text-align: justify;\"><strong>Cinayetler ilk de\u011fil\u00a0<\/strong><\/p>\n<p style=\"text-align: justify;\">6 Eyl\u00fcl 2008: \u00c7e\u00e7e-nistan\u2019da Ruslara kar\u015f\u0131 albay r\u00fctbesiyle sava\u015fan Gazhi Edilsultanov (57), Ba\u015fak\u015fehir G\u00f6\u00e7men Konutlar\u0131 Camisi\u2019nin arkas\u0131nda silahl\u0131 sald\u0131r\u0131ya u\u011frayarak hayat\u0131n\u0131 kaybetti. Cinayetin i\u015flendi\u011fi, \u00e7o\u011funlukla KGB ajanlar\u0131n\u0131n kulland\u0131\u011f\u0131 \u00e7ift namlulu suikast silah\u0131 MSP bulunamad\u0131.<\/p>\n<p style=\"text-align: justify;\">9 Aral\u0131k 2008: \u00c7e\u00e7en uyruklu 6 \u00e7ocuk babas\u0131 \u0130slam Canibekof (38), \u00dcmraniye\u2019de evinin \u00f6n\u00fcne otomobilini park ederken a\u00e7\u0131lan \u00e7apraz ate\u015fte hayat\u0131n\u0131 kaybetti. Canibekof cinayetinde de MSP kullan\u0131ld\u0131\u011f\u0131 iddia edildi.<\/p>\n<p style=\"text-align: justify;\">26 \u015eubat 2009: \u00c7e\u00e7enistan\u2019daki sava\u015f\u0131n ard\u0131ndan e\u015fiyle birlikte \u0130stanbul\u2019a yerle\u015fen Ali Osaev, 3 ay \u00f6nce ta\u015f\u0131nd\u0131\u011f\u0131 Zeytinburnu\u2019ndaki evinin \u00f6n\u00fcnde otomobilden inen ki\u015filer taraf\u0131ndan kur\u015fun ya\u011fmuruna tutularak hayat\u0131n\u0131 kaybetti.<\/p>\n<p style=\"text-align: justify;\"><a href=\"http:\/\/www.hurriyet.com.tr\/gundem\/18753266.asp\" target=\"_blank\">Kaynak : H\u00fcrriyet.com.tr<\/a><\/p>\n","protected":false},"excerpt":{"rendered":"<p style=\"text-align: justify;\">\n<p style=\"text-align: justify;\">Zeytinburnu\u2019nda iki ki\u015fi, T\u00fcrkiye\u2019deki muhalif \u00c7e\u00e7enlerin lideri olan, Rus sava\u015f\u0131 komutanlar\u0131ndan Musaevi Berkkhazh ve iki \u00c7e\u00e7en\u2019i susturuculu silahla cadde ortas\u0131nda \u00f6ld\u00fcrd\u00fc.<\/p>\n<p style=\"text-align: justify;\">\u0130STANBUL Zeytinburnu\u2019nda dericilik yapmaya ba\u015flayan \u00c7e\u00e7enistan uyruklu Musaevi Berkkhazh, Rustam Altemirol ve Zavrbek Amriev\u2019in, Mevlana Caddesi\u2019nde bir apartman\u0131n ikinci kat\u0131n\u0131 iki ay \u00f6nce kiralad\u0131. \u00dc\u00e7 \u00c7e\u00e7en, d\u00fcn <\/p>\n","protected":false},"author":1,"featured_media":0,"comment_status":"open","ping_status":"open","sticky":false,"template":"","format":"standard","meta":{"footnotes":""},"categories":[105],"tags":[],"class_list":["post-39883","post","type-post","status-publish","format-standard","hentry","category-gundem","odd"],"_links":{"self":[{"href":"http:\/\/www.korhanyilmaz.com\/index.php?rest_route=\/wp\/v2\/posts\/39883","targetHints":{"allow":["GET"]}}],"collection":[{"href":"http:\/\/www.korhanyilmaz.com\/index.php?rest_route=\/wp\/v2\/posts"}],"about":[{"href":"http:\/\/www.korhanyilmaz.com\/index.php?rest_route=\/wp\/v2\/types\/post"}],"author":[{"embeddable":true,"href":"http:\/\/www.korhanyilmaz.com\/index.php?rest_route=\/wp\/v2\/users\/1"}],"replies":[{"embeddable":true,"href":"http:\/\/www.korhanyilmaz.com\/index.php?rest_route=%2Fwp%2Fv2%2Fcomments&post=39883"}],"version-history":[{"count":0,"href":"http:\/\/www.korhanyilmaz.com\/index.php?rest_route=\/wp\/v2\/posts\/39883\/revisions"}],"wp:attachment":[{"href":"http:\/\/www.korhanyilmaz.com\/index.php?rest_route=%2Fwp%2Fv2%2Fmedia&parent=39883"}],"wp:term":[{"taxonomy":"category","embeddable":true,"href":"http:\/\/www.korhanyilmaz.com\/index.php?rest_route=%2Fwp%2Fv2%2Fcategories&post=39883"},{"taxonomy":"post_tag","embeddable":true,"href":"http:\/\/www.korhanyilmaz.com\/index.php?rest_route=%2Fwp%2Fv2%2Ftags&post=39883"}],"curies":[{"name":"wp","href":"https:\/\/api.w.org\/{rel}","templated":true}]}}