{"id":39880,"date":"2011-09-16T18:42:53","date_gmt":"2011-09-16T15:42:53","guid":{"rendered":"http:\/\/www.korhanyilmaz.com\/?p=39880"},"modified":"2011-09-17T08:11:45","modified_gmt":"2011-09-17T05:11:45","slug":"ak-parti-ve-mhpden-bdpye-gectiler","status":"publish","type":"post","link":"http:\/\/www.korhanyilmaz.com\/?p=39880","title":{"rendered":"AK Parti ve MHP&#8217;den BDP&#8217;ye ge\u00e7tiler"},"content":{"rendered":"<p style=\"text-align: center;\"><a href=\"http:\/\/www.korhanyilmaz.com\/wp-content\/uploads\/2011\/09\/5081.jpg\"  class=\"lightview\"><img loading=\"lazy\" decoding=\"async\" class=\"aligncenter size-full wp-image-39881\" src=\"http:\/\/www.korhanyilmaz.com\/wp-content\/uploads\/2011\/09\/5081.jpg\" alt=\"\" width=\"270\" height=\"200\" \/><\/a><\/p>\n<p style=\"text-align: justify;\">\u015e\u0131rnak merkeze ba\u011fl\u0131 Kum\u00e7at\u0131 beldesinin MHP&#8217;li Belediye Ba\u015fkan\u0131 Re\u015fit Ayd\u0131n ile Belediye Meclisi&#8217;nin AK Partili \u00fcyesi \u00c7etin G\u00fcng\u00f6r, il binas\u0131nda d\u00fczenlenen t\u00f6renle BDP&#8217;ye ge\u00e7ti.<\/p>\n<p style=\"text-align: justify;\">Yeni kat\u0131l\u0131mlar nedeniyle BDP il binas\u0131nda d\u00fczenlenen t\u00f6rene, \u015e\u0131rnak Belediye Ba\u015fkan\u0131 BDP&#8217;li Ramazan Uysal, Silopi \u0130l\u00e7esi Belediye Ba\u015fkan\u0131 BDP&#8217;li Emin Toru\u011flu, BDP \u0130l Ba\u015fkan\u0131 Abit \u0130ke&#8217;nin yan\u0131 s\u0131ra partililer ve BPD&#8217;ye ge\u00e7en Kum\u00e7at\u0131 Belde Belediye Meclisi&#8217;nin AK Parti&#8217;li \u00fcyesi \u00c7etin G\u00fcng\u00f6r ve Kum\u00e7at\u0131 Belediyesi&#8217;nin MHP&#8217;li Ba\u015fkan\u0131 Re\u015fit Ayd\u0131n kat\u0131ld\u0131.\u00a0<!--more--><\/p>\n<p style=\"text-align: justify;\">BDP \u015e\u0131rnak \u0130l Ba\u015fkan\u0131 Abit \u0130ke t\u00f6rende yapt\u0131\u011f\u0131 K\u00fcrt\u00e7e konu\u015fmada, &#8220;AK Parti 9 senedir T\u00fcrkiye&#8217;de iktidar. Ancak ne K\u00fcrt sorununa ne de ba\u015fka bir soruna \u00e7\u00f6z\u00fcm bulamad\u0131&#8221; dedi.<\/p>\n<p style=\"text-align: justify;\">\u0130ke, daha sonra Kum\u00e7at\u0131 Belde Ba\u015fkan\u0131 Re\u015fit Ayd\u0131n ve Kum\u00e7at\u0131 Belde Belediye Meclisi \u00fcyesi \u00c7etin G\u00fcng\u00f6r&#8217;\u00fcn partilerine ge\u00e7tiklerini s\u00f6yleyerek, &#8220;Buras\u0131 herkesin evi ve kap\u0131m\u0131z herkese a\u00e7\u0131k&#8221; dedi.<\/p>\n<p style=\"text-align: justify;\">BDP \u0130l Ba\u015fkan\u0131 Abit \u0130ke&#8217;nin konu\u015fmas\u0131n\u0131n ard\u0131n Kum\u00e7at\u0131 Belediye Meclisi \u00fcyesi \u00c7etin G\u00fcng\u00f6r&#8217;e BDP rozetini \u015e\u0131rnak Belediye Ba\u015fkan\u0131 Ramazan Uysal takarken, Kum\u00e7at\u0131 Belde Ba\u015fkan\u0131 Re\u015fit Ayd\u0131n&#8217;a da rozetini Silopi Belediye Ba\u015fkan\u0131 Emin Toru\u011flu takt\u0131.<\/p>\n<p style=\"text-align: justify;\">Kum\u00e7at\u0131 Belde Te\u015fkilat Ba\u015fkan\u0131 Re\u015fit Ayd\u0131n, &#8220;Y\u0131llard\u0131r sistemin i\u00e7inde ba\u011flanm\u0131\u015ft\u0131k. Art\u0131k do\u011fru yolu bulduk ve kendi milletimizin aras\u0131na kat\u0131ld\u0131k&#8221; dedi.<\/p>\n<p style=\"text-align: justify;\"><a href=\"http:\/\/www.cnnturk.com\/2011\/turkiye\/09\/16\/ak.parti.ve.mhpden.bdpye.gectiler\/629463.0\/index.html\" target=\"_blank\">Kaynak : CNN T\u00dcRK<\/a><\/p>\n","protected":false},"excerpt":{"rendered":"<p style=\"text-align: center;\">\n<p style=\"text-align: justify;\">\u015e\u0131rnak merkeze ba\u011fl\u0131 Kum\u00e7at\u0131 beldesinin MHP&#8217;li Belediye Ba\u015fkan\u0131 Re\u015fit Ayd\u0131n ile Belediye Meclisi&#8217;nin AK Partili \u00fcyesi \u00c7etin G\u00fcng\u00f6r, il binas\u0131nda d\u00fczenlenen t\u00f6renle BDP&#8217;ye ge\u00e7ti.<\/p>\n<p style=\"text-align: justify;\">Yeni kat\u0131l\u0131mlar nedeniyle BDP il binas\u0131nda d\u00fczenlenen t\u00f6rene, \u015e\u0131rnak Belediye Ba\u015fkan\u0131 BDP&#8217;li Ramazan Uysal, Silopi \u0130l\u00e7esi Belediye Ba\u015fkan\u0131 BDP&#8217;li Emin Toru\u011flu, BDP \u0130l Ba\u015fkan\u0131 <\/p>\n","protected":false},"author":1,"featured_media":0,"comment_status":"open","ping_status":"open","sticky":false,"template":"","format":"standard","meta":{"footnotes":""},"categories":[105],"tags":[],"class_list":["post-39880","post","type-post","status-publish","format-standard","hentry","category-gundem","odd"],"_links":{"self":[{"href":"http:\/\/www.korhanyilmaz.com\/index.php?rest_route=\/wp\/v2\/posts\/39880","targetHints":{"allow":["GET"]}}],"collection":[{"href":"http:\/\/www.korhanyilmaz.com\/index.php?rest_route=\/wp\/v2\/posts"}],"about":[{"href":"http:\/\/www.korhanyilmaz.com\/index.php?rest_route=\/wp\/v2\/types\/post"}],"author":[{"embeddable":true,"href":"http:\/\/www.korhanyilmaz.com\/index.php?rest_route=\/wp\/v2\/users\/1"}],"replies":[{"embeddable":true,"href":"http:\/\/www.korhanyilmaz.com\/index.php?rest_route=%2Fwp%2Fv2%2Fcomments&post=39880"}],"version-history":[{"count":0,"href":"http:\/\/www.korhanyilmaz.com\/index.php?rest_route=\/wp\/v2\/posts\/39880\/revisions"}],"wp:attachment":[{"href":"http:\/\/www.korhanyilmaz.com\/index.php?rest_route=%2Fwp%2Fv2%2Fmedia&parent=39880"}],"wp:term":[{"taxonomy":"category","embeddable":true,"href":"http:\/\/www.korhanyilmaz.com\/index.php?rest_route=%2Fwp%2Fv2%2Fcategories&post=39880"},{"taxonomy":"post_tag","embeddable":true,"href":"http:\/\/www.korhanyilmaz.com\/index.php?rest_route=%2Fwp%2Fv2%2Ftags&post=39880"}],"curies":[{"name":"wp","href":"https:\/\/api.w.org\/{rel}","templated":true}]}}