{"id":39877,"date":"2011-09-16T19:02:40","date_gmt":"2011-09-16T16:02:40","guid":{"rendered":"http:\/\/www.korhanyilmaz.com\/?p=39877"},"modified":"2011-09-17T07:58:12","modified_gmt":"2011-09-17T04:58:12","slug":"5-mahkum-yanarak-can-verdi","status":"publish","type":"post","link":"http:\/\/www.korhanyilmaz.com\/?p=39877","title":{"rendered":"5 mahkum yanarak can verdi!"},"content":{"rendered":"<p style=\"text-align: center;\"><a href=\"http:\/\/www.korhanyilmaz.com\/wp-content\/uploads\/2011\/09\/5080.jpg\"  class=\"lightview\"><img loading=\"lazy\" decoding=\"async\" class=\"aligncenter size-full wp-image-39878\" src=\"http:\/\/www.korhanyilmaz.com\/wp-content\/uploads\/2011\/09\/5080.jpg\" alt=\"\" width=\"307\" height=\"236\" \/><\/a><\/p>\n<p style=\"text-align: justify;\">Van&#8217;dan \u0130stanbul&#8217;a mahkum g\u00f6t\u00fcren cezaevi arac\u0131nda Kayseri&#8217;nin P\u0131narba\u015f\u0131 il\u00e7esi yak\u0131nlar\u0131nda seyir halindeyken yang\u0131n \u00e7\u0131kt\u0131. G\u00f6revlilerin kilitli kap\u0131lar\u0131n\u0131 a\u00e7amad\u0131\u011f\u0131 ara\u00e7taki 5 mahkum, diri diri yanarak can verdi.<\/p>\n<p style=\"text-align: justify;\">Van&#8217;dan \u0130stanbul&#8217;a mahkum g\u00f6t\u00fcren cezaevi arac\u0131, Malatya- Kayseri karayolunda cay\u0131r cay\u0131r yand\u0131. Ara\u00e7taki 2 \u015fof\u00f6r ve 2&#8217;si r\u00fctbeli 10 jandarma kendilerini alevler aras\u0131ndan d\u0131\u015far\u0131 at\u0131p yaral\u0131 kurtulurken, bulunduklar\u0131 b\u00f6l\u00fcm\u00fcn kilidi a\u00e7\u0131lamayan 5 tutuklu ve h\u00fck\u00fcml\u00fc diri diri yanarak can verdi.\u00a0<!--more--><\/p>\n<p style=\"text-align: justify;\">Demir y\u0131\u011f\u0131n\u0131 haline gelen cezaevi aras\u0131nda k\u00f6m\u00fcrle\u015fmi\u015f cesetler saatler sonra \u00e7\u0131kar\u0131labildi.\u0130stanbul&#8217;dan, Van&#8217;daki bir davan\u0131n duru\u015fmas\u0131 i\u00e7in getirilen tutuklu Akif Karabal\u0131 (24) ve Abd\u00fclsettar \u00d6lmez (35) ile Van Cezaevi&#8217;nde yatan ancak \u0130stanbul&#8217;daki bir davan\u0131n duru\u015fmas\u0131na kat\u0131lacak h\u00fck\u00fcml\u00fcler Medeni Demir (47), Sinan Askan (18) ve \u0130smet Erin (33) adl\u0131 mahkumlar d\u00fcn 34 BL 2564 plakal\u0131 cezaevi arac\u0131 Van&#8217;dan 1642 kilometre uzakl\u0131ktaki \u0130stanbul&#8217;a gitmek \u00fczere yola \u00e7\u0131kt\u0131.<\/p>\n<p style=\"text-align: justify;\">\u0130ki \u015fof\u00f6r ile 2&#8217;si r\u00fctbeli 10 jandarma ve 5 tutuklu ve h\u00fck\u00fcml\u00fcn\u00fcn bulundu\u011fu cezaevi arac\u0131 500 kilometre yol ald\u0131ktan sonra gece Elaz\u0131\u011f&#8217;a ula\u015ft\u0131\u011f\u0131nda motor b\u00f6l\u00fcm\u00fcnde teknik ar\u0131za \u00e7\u0131kt\u0131. \u015eof\u00f6rler ar\u0131zay\u0131 giderip yak\u0131t ikmali yapt\u0131ktan sonra yola devam etti.<\/p>\n<p style=\"text-align: justify;\">Bu sabaha kar\u015f\u0131 Malatya&#8217;dan ge\u00e7en cezaevi arac\u0131 saat 06.00 s\u0131ralar\u0131nda Sivas&#8217;\u0131n G\u00fcr\u00fcn ve Kayseri&#8217;nin P\u0131narba\u015f\u0131 il\u00e7eleri aras\u0131ndaki Karakuyu Mevkii&#8217;nde geldi\u011finde arkadaki motor b\u00f6l\u00fcm\u00fcnden dumanlar \u00e7\u0131kmaya ba\u015flad\u0131. Arac\u0131 sa\u011fa \u00e7ekip a\u015fa\u011f\u0131 inen s\u00fcr\u00fcc\u00fcn\u00fcn motordan alevler \u00e7\u0131kt\u0131\u011f\u0131n\u0131 g\u00f6r\u00fcp i\u00e7erdeki jandarmalara haber verinceye kadar alevler arac\u0131 sarmaya ba\u015flad\u0131.<\/p>\n<p style=\"text-align: justify;\"><strong>Kilit a\u00e7\u0131lamad\u0131, diri diri yand\u0131lar<\/strong><\/p>\n<p style=\"text-align: justify;\">Yak\u0131t deposu da alev alan cezaevi arac\u0131ndaki 2&#8217;si r\u00fctbeli 10 jandarma, yak\u0131t deposu da alev alan ara\u00e7ta bir anda kendilerini can pazar\u0131nda buldu. Mahkumlar\u0131n bulundu\u011fu b\u00f6l\u00fcm\u00fcn kilidini a\u00e7may\u0131 ba\u015faramayan jandarmalar kendilerini d\u0131\u015far\u0131 atarak canlar\u0131n\u0131 kurtard\u0131.<\/p>\n<p style=\"text-align: justify;\">Kilitli b\u00f6l\u00fcmde kalan 5 tutuklu ve h\u00fck\u00fcml\u00fc &#8220;\u0130mdat&#8221; \u00e7\u0131\u011fl\u0131klar\u0131 atarken alevler t\u00fcm arac\u0131 sard\u0131. Haber verilen P\u0131narba\u015f\u0131 \u0130tfaiye ekibi olay yerine ula\u015f\u0131ncaya kadar cezaevi arac\u0131ndaki kilitli b\u00f6l\u00fcmde 5 ki\u015fi diri diri yanarak ya\u015fam\u0131n\u0131 yitirdi.Yakla\u015f\u0131k yar\u0131m saat i\u00e7inde tamamen yan\u0131p demir y\u0131\u011f\u0131n\u0131na d\u00f6nen cezaevi arac\u0131nda tutuklular Akif Karabal\u0131 ve Abd\u00fclsettar \u00d6lmez ile h\u00fck\u00fcml\u00fcler Medeni Demir, Sinan Askan ve \u0130smet Erin&#8217;in k\u00f6m\u00fcrle\u015fmi\u015f cesetleri, savc\u0131n\u0131n incelemesinin ard\u0131ndan \u00f6\u011fle saatlerinde \u00e7\u0131kar\u0131labildi. Hastane morguna konulan cesetlerin DNA testiyle kimliklerinin belirlenmesinin ard\u0131ndan ailelerine teslim edilece\u011fi belirtildi.<\/p>\n<p style=\"text-align: justify;\">Olayda baz\u0131lar\u0131 yaralanan baz\u0131lar\u0131 da \u015foka giren jandarmalarla \u015fof\u00f6rler 112 Acil Servis ambulanslar\u0131yla P\u0131narba\u015f\u0131 Devlet Hastanesi&#8217;ne g\u00f6t\u00fcr\u00fcld\u00fc. 1 \u015fof\u00f6r ile 1 asker yatakl\u0131 tedaviye al\u0131n\u0131rken, 9 asker ve 1 \u015fof\u00f6r ayakta tedavi g\u00f6rd\u00fckten sonra taburcu edildi.<\/p>\n<p style=\"text-align: justify;\"><strong>Bakan Ergin: Ara\u00e7ta teknik araz\u0131 ba\u015fg\u00f6stermi\u015f\u00a0<\/strong><\/p>\n<p style=\"text-align: justify;\">Adalet Bakan\u0131 Sadullah Ergin ve Kayseri Valisi Mevl\u00fct Bilici ile AK Parti Kayseri milletvekilleri kente 135 kilometre uzakl\u0131ktaki olay yerine giderek inceleme bulundu. Bakan Ergin, gazetecilere yapt\u0131\u011f\u0131 a\u00e7\u0131klamada olay\u0131 \u00fcz\u00fcc\u00fc oldu\u011funu, incelemenin s\u00fcrd\u00fc\u011f\u00fcn\u00fc s\u00f6yledi.<\/p>\n<p style=\"text-align: justify;\">Cezaevi nakil arac\u0131n\u0131n Elaz\u0131\u011f&#8217;da ar\u0131za yapt\u0131\u011f\u0131n\u0131 belirten Bakan Ergin, \u015funlar\u0131 s\u00f6yledi:<\/p>\n<p style=\"text-align: justify;\">&#8220;Arac\u0131m\u0131z Van&#8217;dan yola \u00e7\u0131k\u0131yor. Elaz\u0131\u011f&#8217;da yak\u0131t ikmali yap\u0131yor. Yak\u0131t ikmalinden sonra teknik ar\u0131za ba\u015f g\u00f6steriyor. \u015euan bulundu\u011fumuz mevkisinde de alev al\u0131yor ve yanmaya ba\u015fl\u0131yor. Ara\u00e7ta 2 \u015fof\u00f6r\u00fcm\u00fcz var. 2&#8217;si r\u00fctbeli 12 askerimiz var. 2 tutuklu ve 3 mahkum bulunuyor. Bunlar b\u00fct\u00fcn \u00e7abalara ra\u011fmen maalesef kurtulam\u0131yor. 2 g\u00f6revlimiz de hafif yaralanma s\u00f6z konusu. Bu anlamda hem adli hem idari soru\u015fturma gerekiyor. Teknik ekip olarak incelemeler de yap\u0131l\u0131yor. Olay b\u00fct\u00fcn boyutuyla de\u011ferlendirilecek.&#8221;<\/p>\n<p style=\"text-align: justify;\">Yanan cezaevi nakil arac\u0131n\u0131n 2010 model oldu\u011funu ve yak\u0131n tarihte bak\u0131m\u0131n\u0131n yap\u0131ld\u0131\u011f\u0131n\u0131 belirten Bakan Ergin, &#8220;Teknik incelemeler bitmeden bir \u015fey s\u00f6ylemek i\u00e7in erken. \u00c7al\u0131\u015fmalar\u0131n sonucunu bekleyece\u011fiz&#8221; dedi.<\/p>\n<p style=\"text-align: justify;\">Bakan Ergin, gazetecilerin cezaevi arac\u0131n\u0131n kap\u0131s\u0131 kilitli oldu\u011fu i\u00e7in mahkumlar\u0131n yand\u0131\u011f\u0131n\u0131 hat\u0131rlatmas\u0131 \u00fczerine, &#8220;Cezaevinin ara\u00e7lar\u0131 g\u00fcvenlik amac\u0131yla kapal\u0131 olur. A\u00e7\u0131k seyretmeleri m\u00fcmk\u00fcn de\u011fil&#8221; diye konu\u015ftu. Bakan Ergin, mahkumlar\u0131n Van&#8217;dan \u0130stanbul&#8217;a neden u\u00e7akla g\u00f6t\u00fcr\u00fclmedi\u011fi y\u00f6n\u00fcndeki soruyu ise yan\u0131ts\u0131z b\u0131rakt\u0131.<\/p>\n<p style=\"text-align: justify;\">Bu arada arac\u0131n \u00fcreticisi Otokar firmas\u0131ndan gelen bilirki\u015fi ekibi de enkaz y\u0131\u011f\u0131n\u0131na d\u00f6nen ara\u00e7ta inceleme ba\u015flatt\u0131.<\/p>\n<p style=\"text-align: justify;\"><strong>10 numara ya\u011f iddias\u0131\u00a0<\/strong><\/p>\n<p style=\"text-align: justify;\">Adalet Bakan\u0131 Sadullah Ergin, olay yerinde yapt\u0131\u011f\u0131 incelemenin ard\u0131ndan Kayseri Valili\u011fi&#8217;ne gitti.<\/p>\n<p style=\"text-align: justify;\">Burada Vali Mevl\u00fct Bilici ile bir s\u00fcre g\u00f6r\u00fc\u015fen Bakan Ergin, \u00e7\u0131k\u0131\u015fta yine gazetecilerin sorular\u0131n\u0131 yan\u0131tlad\u0131.<\/p>\n<p style=\"text-align: justify;\">Olay\u0131n t\u00fcm ayr\u0131nt\u0131lar\u0131yla soru\u015fturuldu\u011funu s\u00f6yleyen Bakan Ergin, bir gazetecinin &#8220;Araca, mazot yerine 10 numara ya\u011f konuldu\u011fu iddia ediliyor&#8221; demesi \u00fczerine \u015funlar\u0131 s\u00f6yledi: &#8220;B\u00fct\u00fcn iddialar ara\u015ft\u0131r\u0131l\u0131yor. Elaz\u0131\u011f&#8217;da araca akaryak\u0131t al\u0131n\u0131yor ve bir s\u00fcre sonra ara\u00e7 ar\u0131za yapmaya ba\u015fl\u0131yor. Savc\u0131l\u0131\u011f\u0131m\u0131z an\u0131nda Elaz\u0131\u011f&#8217;daki akaryak\u0131t al\u0131nan istasyona da gitmek suretiyle oradaki tanklardan \u00f6rnekler alm\u0131\u015f, onlarla ilgili tespitler yap\u0131lm\u0131\u015f, tahliller yap\u0131l\u0131yor. Sebep ne olursa olsun, \u015fu an i\u00e7in &#8216;sebep akaryak\u0131tt\u0131r&#8217; diyecek donelere sahip de\u011filiz ama bu ihtimal kar\u015f\u0131s\u0131nda da ara\u015ft\u0131rma s\u00fcr\u00fcyor. Ara\u00e7ta imalat\u0131ndan kaynakl\u0131 teknik bir sorun var m\u0131d\u0131r? Bununla ilgili \u00e7al\u0131\u015fmalar da yap\u0131l\u0131yor. \u00dcretici firman\u0131n teknik elamanlar\u0131 da sabah erkenden \u0130stanbul&#8217;dan yola \u00e7\u0131kt\u0131lar. Dolay\u0131s\u0131yla her t\u00fcrl\u00fc ihtimal, hi\u00e7bir sual kalmayacak \u015fekilde netle\u015finceye kadar de\u011ferlendirilecektir.&#8221;<\/p>\n<p style=\"text-align: justify;\"><strong>\u0130HD: Aff\u0131 olmayan bir vah\u015fet\u00a0<\/strong><\/p>\n<p style=\"text-align: justify;\">\u0130nsan Haklar\u0131 Derne\u011fi&#8217;nden yap\u0131lan a\u00e7\u0131klamada da ring ara\u00e7lar\u0131nda mahpuslar\u0131n ya\u015fad\u0131klar\u0131 zorluklar ve hak mahrumiyetleri anlat\u0131larak, Ceza \u0130nfaz Kanunu&#8217;nun 58. maddesindeki, &#8220;H\u00fck\u00fcml\u00fc havaland\u0131rma ve \u0131\u015f\u0131k durumu yetersiz ara\u00e7larla eziyet verici ve onur k\u0131r\u0131c\u0131 \u015fekilde nakledilemez&#8221; h\u00fckm\u00fc hat\u0131rlat\u0131ld\u0131. A\u00e7\u0131klamada \u015f\u00f6yle denildi:<\/p>\n<p style=\"text-align: justify;\">&#8220;Bu gece sabaha kar\u015f\u0131 Kayseri ili P\u0131narba\u015f\u0131 il\u00e7esinde ya\u015fanan, \u0130stanbul\u2019dan g\u00f6r\u00fclecek bir dava i\u00e7in Van&#8217;a getirilen ve d\u00f6n\u00fc\u015f yolunda be\u015f mahpusun yanarak ya\u015fam\u0131n\u0131 yitirmesi aff\u0131 olmayan bir vah\u015fettir. T\u00fcm g\u00f6revlilerin kurtuldu\u011fu ve ka\u00e7abilecekleri ihtimali g\u00f6zetilerek mahpuslar\u0131n bulundu\u011fu k\u0131sm\u0131n kap\u0131lar\u0131n\u0131n a\u00e7\u0131lmad\u0131\u011f\u0131n\u0131 ve \u00f6l\u00fcme neden olduklar\u0131 d\u00fc\u015f\u00fcn\u00fcld\u00fc\u011f\u00fcnde mahpuslara yap\u0131lan uygulamalar\u0131n boyutu ortaya \u00e7\u0131kmaktad\u0131r. Be\u015f insan\u0131n ya\u015famlar\u0131ndan sorumlu olan t\u00fcm g\u00f6revlilerle ilgili soru\u015fturman\u0131n en k\u0131sa zamanda yap\u0131lamas\u0131 ve bu insanlar\u0131n yanarak \u00f6l\u00fcmlerine sebep olanlar\u0131n cezaland\u0131r\u0131lmas\u0131 gerekmektededir. \u0130nsana reva g\u00f6r\u00fclen bu muameleyi de kamuoyunun iyi bilmesi ve vicdanlar\u0131nda muhasebe yapmas\u0131n\u0131 umud ediyoruz.&#8221;<\/p>\n<p style=\"text-align: justify;\"><a href=\"http:\/\/www.cnnturk.com\/2011\/turkiye\/09\/16\/5.mahkum.yanarak.can.verdi\/629383.0\/index.html\" target=\"_blank\">Kaynak : CNN T\u00dcRK<\/a><\/p>\n","protected":false},"excerpt":{"rendered":"<p style=\"text-align: center;\">\n<p style=\"text-align: justify;\">Van&#8217;dan \u0130stanbul&#8217;a mahkum g\u00f6t\u00fcren cezaevi arac\u0131nda Kayseri&#8217;nin P\u0131narba\u015f\u0131 il\u00e7esi yak\u0131nlar\u0131nda seyir halindeyken yang\u0131n \u00e7\u0131kt\u0131. G\u00f6revlilerin kilitli kap\u0131lar\u0131n\u0131 a\u00e7amad\u0131\u011f\u0131 ara\u00e7taki 5 mahkum, diri diri yanarak can verdi.<\/p>\n<p style=\"text-align: justify;\">Van&#8217;dan \u0130stanbul&#8217;a mahkum g\u00f6t\u00fcren cezaevi arac\u0131, Malatya- Kayseri karayolunda cay\u0131r cay\u0131r yand\u0131. Ara\u00e7taki 2 \u015fof\u00f6r ve 2&#8217;si r\u00fctbeli 10 jandarma kendilerini alevler <\/p>\n","protected":false},"author":1,"featured_media":0,"comment_status":"open","ping_status":"open","sticky":false,"template":"","format":"standard","meta":{"footnotes":""},"categories":[105],"tags":[],"class_list":["post-39877","post","type-post","status-publish","format-standard","hentry","category-gundem","odd"],"_links":{"self":[{"href":"http:\/\/www.korhanyilmaz.com\/index.php?rest_route=\/wp\/v2\/posts\/39877","targetHints":{"allow":["GET"]}}],"collection":[{"href":"http:\/\/www.korhanyilmaz.com\/index.php?rest_route=\/wp\/v2\/posts"}],"about":[{"href":"http:\/\/www.korhanyilmaz.com\/index.php?rest_route=\/wp\/v2\/types\/post"}],"author":[{"embeddable":true,"href":"http:\/\/www.korhanyilmaz.com\/index.php?rest_route=\/wp\/v2\/users\/1"}],"replies":[{"embeddable":true,"href":"http:\/\/www.korhanyilmaz.com\/index.php?rest_route=%2Fwp%2Fv2%2Fcomments&post=39877"}],"version-history":[{"count":0,"href":"http:\/\/www.korhanyilmaz.com\/index.php?rest_route=\/wp\/v2\/posts\/39877\/revisions"}],"wp:attachment":[{"href":"http:\/\/www.korhanyilmaz.com\/index.php?rest_route=%2Fwp%2Fv2%2Fmedia&parent=39877"}],"wp:term":[{"taxonomy":"category","embeddable":true,"href":"http:\/\/www.korhanyilmaz.com\/index.php?rest_route=%2Fwp%2Fv2%2Fcategories&post=39877"},{"taxonomy":"post_tag","embeddable":true,"href":"http:\/\/www.korhanyilmaz.com\/index.php?rest_route=%2Fwp%2Fv2%2Ftags&post=39877"}],"curies":[{"name":"wp","href":"https:\/\/api.w.org\/{rel}","templated":true}]}}