{"id":39874,"date":"2011-09-16T22:52:02","date_gmt":"2011-09-16T19:52:02","guid":{"rendered":"http:\/\/www.korhanyilmaz.com\/?p=39874"},"modified":"2011-09-17T07:54:01","modified_gmt":"2011-09-17T04:54:01","slug":"internet-andici-davasinda-chp-soku","status":"publish","type":"post","link":"http:\/\/www.korhanyilmaz.com\/?p=39874","title":{"rendered":"&#8220;\u0130nternet And\u0131c\u0131 Davas\u0131&#8221;nda CHP \u015foku"},"content":{"rendered":"<p style=\"text-align: center;\"><a href=\"http:\/\/www.korhanyilmaz.com\/wp-content\/uploads\/2011\/09\/5079.jpg\"  class=\"lightview\"><img loading=\"lazy\" decoding=\"async\" class=\"aligncenter size-full wp-image-39875\" src=\"http:\/\/www.korhanyilmaz.com\/wp-content\/uploads\/2011\/09\/5079.jpg\" alt=\"\" width=\"307\" height=\"236\" \/><\/a><\/p>\n<p style=\"text-align: justify;\">\u0130nternet And\u0131c\u0131 Davas\u0131&#8217;nda savc\u0131, avukat ve san\u0131klar\u0131n taleplerine ili\u015fkin m\u00fctalaas\u0131n\u0131 a\u00e7\u0131klad\u0131. Duru\u015fma savc\u0131s\u0131 Mehmet Ali Pekg\u00fczel, 2006 ile 2009 y\u0131llar\u0131 aras\u0131nda Genelkurmay Ba\u015fkanl\u0131\u011f\u0131&#8217;n\u0131 ziyaret eden CHP&#8217;li y\u00f6neticilerin olup olmad\u0131\u011f\u0131n\u0131n ara\u015ft\u0131r\u0131lmas\u0131n\u0131 istedi.<\/p>\n<p style=\"text-align: justify;\">(DHA) &#8212; \u0130nternet And\u0131c\u0131 Davas\u0131&#8217;nda avukatlar\u0131n ve san\u0131klar\u0131n s\u00f6zl\u00fc ve yaz\u0131l\u0131 taleplerinin al\u0131nmas\u0131n\u0131n ard\u0131ndan duru\u015fma savc\u0131s\u0131 Mehmet Ali Pekg\u00fczel, taleplere ili\u015fkin m\u00fctalaas\u0131n\u0131 a\u00e7\u0131klad\u0131.\u00a0<!--more--><\/p>\n<p style=\"text-align: justify;\">Tutuklu san\u0131k Mehmet Er\u00f6z&#8217;\u00fcn avukat\u0131 \u0130lkay Sezer ile tutuklu san\u0131klar Mustafa Bak\u0131c\u0131, Sedat \u00d6z\u00fcer, Cemal G\u00f6k\u00e7eo\u011flu ve Orhan G\u00fc\u00e7l\u00fc&#8217;n\u00fcn avukat\u0131 Mahir I\u015f\u0131kay&#8217;\u0131n su\u00e7 tarihinde Genelkurmay Ba\u015fkan\u0131 olarak g\u00f6revde bulunan \u0130lker Ba\u015fbu\u011f&#8217;un tan\u0131k olarak dinlenmesi y\u00f6n\u00fcndeki talepleri ile ilgili olarak savc\u0131 Pekg\u00fczel, san\u0131k savunmalar\u0131n\u0131n tamamlanmas\u0131ndan sonra talebin bir karara ba\u011flanmas\u0131n\u0131 talep etti.<\/p>\n<p style=\"text-align: justify;\">Avukat Mahir I\u015f\u0131kay&#8217;\u0131n talebi ile ilgili olarak da savc\u0131 Pekg\u00fczel, san\u0131k Sedat \u00d6z\u00fcer&#8217;in g\u00f6rev yapt\u0131\u011f\u0131 2006-2009 y\u0131llar\u0131 aras\u0131nda Genelkurmay Ba\u015fkanl\u0131\u011f\u0131&#8217;n\u0131 ziyaret eden CHP&#8217;li y\u00f6neticiler ile akademisyen olup olmad\u0131\u011f\u0131, varsa hangi ama\u00e7 ile hangi tarihlerde ve hangi \u015fubeleri ziyaret ettiklerinin, nizamiye ve ziyaret\u00e7i kay\u0131tlar\u0131 ile birlikte g\u00f6nderilmesinin Genelkurmay Ba\u015fkanl\u0131\u011f\u0131ndan istenmesi y\u00f6n\u00fcnde g\u00f6r\u00fc\u015f bildirdi.<\/p>\n<p style=\"text-align: justify;\">Bu arada, avukat Mahir I\u015f\u0131kay&#8217;\u0131n, iddianemede de belirtilen &#8220;\u0130rticayla M\u00fccadele Eylem Plan\u0131&#8221;n\u0131n ekinde yer alan ihbar mektubunda, &#8220;2007 y\u0131l\u0131 Eyl\u00fcl ay\u0131nda d\u00f6nemin Genelkurmay 2&#8217;inci Ba\u015fkan\u0131 Orgeneral Ergin Saygun&#8217;un emri gere\u011fi, \u00fcniversitelerden bir k\u0131s\u0131m akademisyen ve CHP y\u00f6netiminden baz\u0131 politikac\u0131lar\u0131n deste\u011fi ile d\u00f6nemin Genelkurmay Harekat Ba\u015fkan\u0131 Korgeneral Nusret Ta\u015fdeler&#8217;in himayesinde Genelkurmay Bilgi Destek Daire Ba\u015fkanl\u0131\u011f\u0131nda, \u015fube m\u00fcd\u00fcr\u00fc olarak g\u00f6revli kurmay albaylar Dursun \u00c7i\u00e7ek, Sedat \u00d6z\u00fcer, \u0130lker Ziya G\u00f6kta\u015f ve Fuat Selvi taraf\u0131ndan kamuoyunu y\u00f6nlendirme maksatl\u0131 \u00e7e\u015fitli belgeler haz\u0131rland\u0131\u011f\u0131na tan\u0131k oldum&#8221; \u015feklindeki ibarelerin yer almas\u0131 \u00fczerine, bu y\u00f6nde talepte bulundu\u011fu \u00f6\u011frenildi.<\/p>\n<p style=\"text-align: justify;\">Savc\u0131 Pekg\u00fczel, Tutuklu san\u0131klar\u0131n kuvvetli su\u00e7 s\u00fcphesini do\u011furan somut olgular\u0131n bulunmas\u0131, tutuklama nedenlerinde herhangi bir de\u011fi\u015fiklik olamamas\u0131 hususlar\u0131 g\u00f6zetilerek, tutukluluk hallerinin devam\u0131na karar verilmesini talep etti.<\/p>\n<p style=\"text-align: justify;\">Mahkeme heyeti talepleri de\u011ferlendirmek \u00fczere duru\u015fmaya ara verdi.<\/p>\n<p style=\"text-align: justify;\"><a href=\"http:\/\/www.cnnturk.com\/2011\/turkiye\/09\/16\/internet.andici.davasinda.chp.soku\/629478.0\/index.html\" target=\"_blank\">Kaynak : CNN T\u00dcRK<\/a><\/p>\n","protected":false},"excerpt":{"rendered":"<p style=\"text-align: center;\">\n<p style=\"text-align: justify;\">\u0130nternet And\u0131c\u0131 Davas\u0131&#8217;nda savc\u0131, avukat ve san\u0131klar\u0131n taleplerine ili\u015fkin m\u00fctalaas\u0131n\u0131 a\u00e7\u0131klad\u0131. Duru\u015fma savc\u0131s\u0131 Mehmet Ali Pekg\u00fczel, 2006 ile 2009 y\u0131llar\u0131 aras\u0131nda Genelkurmay Ba\u015fkanl\u0131\u011f\u0131&#8217;n\u0131 ziyaret eden CHP&#8217;li y\u00f6neticilerin olup olmad\u0131\u011f\u0131n\u0131n ara\u015ft\u0131r\u0131lmas\u0131n\u0131 istedi.<\/p>\n<p style=\"text-align: justify;\">(DHA) &#8212; \u0130nternet And\u0131c\u0131 Davas\u0131&#8217;nda avukatlar\u0131n ve san\u0131klar\u0131n s\u00f6zl\u00fc ve yaz\u0131l\u0131 taleplerinin al\u0131nmas\u0131n\u0131n ard\u0131ndan duru\u015fma savc\u0131s\u0131 Mehmet <\/p>\n","protected":false},"author":1,"featured_media":0,"comment_status":"open","ping_status":"open","sticky":false,"template":"","format":"standard","meta":{"footnotes":""},"categories":[105],"tags":[],"class_list":["post-39874","post","type-post","status-publish","format-standard","hentry","category-gundem","odd"],"_links":{"self":[{"href":"http:\/\/www.korhanyilmaz.com\/index.php?rest_route=\/wp\/v2\/posts\/39874","targetHints":{"allow":["GET"]}}],"collection":[{"href":"http:\/\/www.korhanyilmaz.com\/index.php?rest_route=\/wp\/v2\/posts"}],"about":[{"href":"http:\/\/www.korhanyilmaz.com\/index.php?rest_route=\/wp\/v2\/types\/post"}],"author":[{"embeddable":true,"href":"http:\/\/www.korhanyilmaz.com\/index.php?rest_route=\/wp\/v2\/users\/1"}],"replies":[{"embeddable":true,"href":"http:\/\/www.korhanyilmaz.com\/index.php?rest_route=%2Fwp%2Fv2%2Fcomments&post=39874"}],"version-history":[{"count":0,"href":"http:\/\/www.korhanyilmaz.com\/index.php?rest_route=\/wp\/v2\/posts\/39874\/revisions"}],"wp:attachment":[{"href":"http:\/\/www.korhanyilmaz.com\/index.php?rest_route=%2Fwp%2Fv2%2Fmedia&parent=39874"}],"wp:term":[{"taxonomy":"category","embeddable":true,"href":"http:\/\/www.korhanyilmaz.com\/index.php?rest_route=%2Fwp%2Fv2%2Fcategories&post=39874"},{"taxonomy":"post_tag","embeddable":true,"href":"http:\/\/www.korhanyilmaz.com\/index.php?rest_route=%2Fwp%2Fv2%2Ftags&post=39874"}],"curies":[{"name":"wp","href":"https:\/\/api.w.org\/{rel}","templated":true}]}}