{"id":39870,"date":"2011-09-16T10:57:41","date_gmt":"2011-09-16T07:57:41","guid":{"rendered":"http:\/\/www.korhanyilmaz.com\/?p=39870"},"modified":"2011-09-16T22:14:22","modified_gmt":"2011-09-16T19:14:22","slug":"bakana-erdogandan-firca","status":"publish","type":"post","link":"http:\/\/www.korhanyilmaz.com\/?p=39870","title":{"rendered":"Bakan&#8217;a Erdo\u011fan&#8217;dan f\u0131r\u00e7a"},"content":{"rendered":"<p style=\"text-align: center;\"><a href=\"http:\/\/www.korhanyilmaz.com\/wp-content\/uploads\/2011\/09\/5078.jpg\"  class=\"lightview\"><img loading=\"lazy\" decoding=\"async\" class=\"aligncenter size-full wp-image-39871\" src=\"http:\/\/www.korhanyilmaz.com\/wp-content\/uploads\/2011\/09\/5078.jpg\" alt=\"\" width=\"420\" height=\"210\" \/><\/a><\/p>\n<p style=\"text-align: justify;\">\u0130\u00e7i\u015fleri Bakan\u0131 \u0130dris Naim \u015eahin&#8217;in, kara harekat\u0131 a\u00e7\u0131klamalar\u0131ndan dolay\u0131 Ba\u015fbakan taraf\u0131ndan uyar\u0131ld\u0131\u011f\u0131 \u00f6\u011frenildi<\/p>\n<p style=\"text-align: justify;\">\u00d6nce &#8220;kara harekat\u0131 her an olabilir&#8221; diyen ertesi g\u00fcn ise &#8220;zaman\u0131 belli de\u011fil&#8221; diye a\u00e7\u0131klama yapan \u0130\u00e7i\u015fleri Bakan\u0131&#8217;n\u0131n bu a\u00e7\u0131klamas\u0131n\u0131n s\u0131rr\u0131 belli oldu. Ba\u015fbakan Erdo\u011fan, Bakan\u0131 uyarm\u0131\u015f&#8230;\u00a0<!--more--><\/p>\n<p style=\"text-align: justify;\">M\u0131s\u0131r&#8217;dan Tunus&#8217;a ge\u00e7i\u015fte u\u00e7akta gazetecilerin sorular\u0131n\u0131 yan\u0131tlayan Ba\u015fbakan Erdo\u011fan g\u00fcndeme ili\u015fkin konularda \u00f6nemli a\u00e7\u0131klamalarda bulundu. Gazeteciler Ba\u015fbakan Erdo\u011fan&#8217;a \u0130\u00e7i\u015fleri Bakan\u0131 \u0130dris Naim \u015eahin&#8217;in &#8220;Kara harekat\u0131 her an olabilir&#8221; a\u00e7\u0131klamas\u0131n\u0131 sordu.<\/p>\n<p style=\"text-align: justify;\"><strong>\u0130K\u0130NC\u0130 KEZ A\u00c7IKLAMANIN NEDEN\u0130 BELL\u0130 OLDU\u00a0<\/strong><\/p>\n<p style=\"text-align: justify;\">Ba\u015fbakan, \u0130\u00e7i\u015fleri Bakan\u0131&#8217;n\u0131n s\u00fcr\u00e7-\u00fc lisan etti\u011fini b\u00f6yle \u015feylerin zaman\u0131n s\u00f6ylenmeyece\u011fini zaman\u0131 geldi\u011finde yap\u0131laca\u011f\u0131n\u0131 belirtti. Ge\u00e7ti\u011fimiz g\u00fcnlerde bas\u0131na bir a\u00e7\u0131klama yapan \u0130\u00e7i\u015fleri Bakan\u0131 \u0130dris Naim \u015eahin, kara harekat\u0131n\u0131n her an yap\u0131laca\u011f\u0131n\u0131 s\u00f6ylemi\u015f, ertesi g\u00fcn ise &#8220;harekat\u0131n\u0131n zaman\u0131 belli de\u011fil&#8221; diye d\u00fczeltme yapm\u0131\u015ft\u0131.<\/p>\n<p style=\"text-align: justify;\">\u0130\u015fte ikinci a\u00e7\u0131klaman\u0131n nedeni belli oldu. \u0130\u00e7i\u015fleri Bakan\u0131 bu a\u00e7\u0131klamas\u0131 nedeniyle Ba\u015fbakan Erdo\u011fan taraf\u0131ndan uyar\u0131lm\u0131\u015f. \u0130\u015fte Tunus yolunda gazetecilerin sorular\u0131n\u0131 yan\u0131tlayan Ba\u015fbakan Erdo\u011fan&#8217;\u0131n s\u0131n\u0131r\u00f6tesi kara harekat\u0131na ili\u015fkin a\u00e7\u0131klamas\u0131;<\/p>\n<p style=\"text-align: justify;\"><strong>S\u00dcR\u00c7-\u00dc L\u0130SAN ETT\u0130\u00a0<\/strong><\/p>\n<p style=\"text-align: justify;\">&#8220;\u0130\u00e7i\u015fleri Bakan\u0131m\u0131z\u0131n bir s\u00fcr\u00e7-\u00fc lisan\u0131 oldu. Bug\u00fcn kendisiyle konu\u015ftum, d\u00fczeltti. B\u00f6yle \u015feyler s\u00f6ylenmez zaten, yap\u0131l\u0131r. Genelkurmay Ba\u015fkan\u0131m, kuvvet komutanlar\u0131yla birlikte b\u00f6lgede incelemelerini tamamlad\u0131. \u0130\u00e7i\u015fleri ve Orman bakanlar\u0131 da yat\u0131r\u0131mlar\u0131 inceliyor. Malum yat\u0131r\u0131mlara bir tehdit s\u00f6z konusu \u015eehirde ve k\u0131rsalda gereken her tedbiri al\u0131yoruz. PKK, Kandil d\u0131\u015f\u0131nda da a\u011f\u0131r zayiat veriyor. Bu s\u00fcre\u00e7te medyaya da ter\u00f6r \u00f6rg\u00fct\u00fcn\u00fcn propagandas\u0131 niteli\u011findeki hususlar\u0131 ademe mahk\u00fbm etmek d\u00fc\u015f\u00fcyor.&#8221;(Ak\u015fam)<\/p>\n<p style=\"text-align: justify;\"><a href=\"http:\/\/haber.gazetevatan.com\/bakana-erdogandan-firca\/400058\/9\/Siyaset\" target=\"_blank\">Kaynak : VATAN Gazetesi<\/a><\/p>\n","protected":false},"excerpt":{"rendered":"<p style=\"text-align: center;\">\n<p style=\"text-align: justify;\">\u0130\u00e7i\u015fleri Bakan\u0131 \u0130dris Naim \u015eahin&#8217;in, kara harekat\u0131 a\u00e7\u0131klamalar\u0131ndan dolay\u0131 Ba\u015fbakan taraf\u0131ndan uyar\u0131ld\u0131\u011f\u0131 \u00f6\u011frenildi<\/p>\n<p style=\"text-align: justify;\">\u00d6nce &#8220;kara harekat\u0131 her an olabilir&#8221; diyen ertesi g\u00fcn ise &#8220;zaman\u0131 belli de\u011fil&#8221; diye a\u00e7\u0131klama yapan \u0130\u00e7i\u015fleri Bakan\u0131&#8217;n\u0131n bu a\u00e7\u0131klamas\u0131n\u0131n s\u0131rr\u0131 belli oldu. Ba\u015fbakan Erdo\u011fan, Bakan\u0131 uyarm\u0131\u015f&#8230; <\/p>\n","protected":false},"author":1,"featured_media":0,"comment_status":"open","ping_status":"open","sticky":false,"template":"","format":"standard","meta":{"footnotes":""},"categories":[105],"tags":[],"class_list":["post-39870","post","type-post","status-publish","format-standard","hentry","category-gundem","odd"],"_links":{"self":[{"href":"http:\/\/www.korhanyilmaz.com\/index.php?rest_route=\/wp\/v2\/posts\/39870","targetHints":{"allow":["GET"]}}],"collection":[{"href":"http:\/\/www.korhanyilmaz.com\/index.php?rest_route=\/wp\/v2\/posts"}],"about":[{"href":"http:\/\/www.korhanyilmaz.com\/index.php?rest_route=\/wp\/v2\/types\/post"}],"author":[{"embeddable":true,"href":"http:\/\/www.korhanyilmaz.com\/index.php?rest_route=\/wp\/v2\/users\/1"}],"replies":[{"embeddable":true,"href":"http:\/\/www.korhanyilmaz.com\/index.php?rest_route=%2Fwp%2Fv2%2Fcomments&post=39870"}],"version-history":[{"count":0,"href":"http:\/\/www.korhanyilmaz.com\/index.php?rest_route=\/wp\/v2\/posts\/39870\/revisions"}],"wp:attachment":[{"href":"http:\/\/www.korhanyilmaz.com\/index.php?rest_route=%2Fwp%2Fv2%2Fmedia&parent=39870"}],"wp:term":[{"taxonomy":"category","embeddable":true,"href":"http:\/\/www.korhanyilmaz.com\/index.php?rest_route=%2Fwp%2Fv2%2Fcategories&post=39870"},{"taxonomy":"post_tag","embeddable":true,"href":"http:\/\/www.korhanyilmaz.com\/index.php?rest_route=%2Fwp%2Fv2%2Ftags&post=39870"}],"curies":[{"name":"wp","href":"https:\/\/api.w.org\/{rel}","templated":true}]}}