{"id":39859,"date":"2011-09-16T07:50:38","date_gmt":"2011-09-16T04:50:38","guid":{"rendered":"http:\/\/www.korhanyilmaz.com\/?p=39859"},"modified":"2011-09-16T11:58:25","modified_gmt":"2011-09-16T08:58:25","slug":"turkiyeye-siginan-suriyeli-yarbay-9-pkkli-karsiliginda-esada-teslim-edildi","status":"publish","type":"post","link":"http:\/\/www.korhanyilmaz.com\/?p=39859","title":{"rendered":"&#8220;T\u00fcrkiye&#8217;ye s\u0131\u011f\u0131nan Suriye&#8217;li Yarbay 9 PKK&#8217;l\u0131 kar\u015f\u0131l\u0131\u011f\u0131nda Esad&#8217;a teslim edildi&#8221;"},"content":{"rendered":"<p style=\"text-align: center;\"><a href=\"http:\/\/www.korhanyilmaz.com\/wp-content\/uploads\/2011\/09\/5076.jpg\"  class=\"lightview\"><img loading=\"lazy\" decoding=\"async\" class=\"aligncenter size-full wp-image-39860\" src=\"http:\/\/www.korhanyilmaz.com\/wp-content\/uploads\/2011\/09\/5076.jpg\" alt=\"\" width=\"384\" height=\"254\" \/><\/a><\/p>\n<p style=\"text-align: justify;\">Hatay&#8217;daki kampta &#8216;kaybolan&#8217; muhalifin e\u015fi Radikal&#8217;i arad\u0131: E\u015fim Suriye&#8217;deymi\u015f. \u0130ngiliz Guardian gazetesi ise, Harmu\u015f&#8217;un 9 PKK&#8217;l\u0131 kar\u015f\u0131l\u0131\u011f\u0131nda Suriye&#8217;ye iade edildi\u011fini yazd\u0131.<\/p>\n<p style=\"text-align: justify;\">\u0130STANBUL- Suriye\u2019den ka\u00e7\u0131p T\u00fcrkiye\u2019ye s\u0131\u011f\u0131nan bir muhalif ile Yarbay H\u00fcseyin Harmu\u015f\u2019un Suriye\u2019ye iade edildi\u011fi \u00f6ne s\u00fcr\u00fcld\u00fc.<!--more--><\/p>\n<div id=\"attachment_39861\" style=\"width: 274px\" class=\"wp-caption alignleft\"><a href=\"http:\/\/www.korhanyilmaz.com\/wp-content\/uploads\/2011\/09\/5075.jpg\"  class=\"lightview\"><img loading=\"lazy\" decoding=\"async\" aria-describedby=\"caption-attachment-39861\" class=\"size-full wp-image-39861\" src=\"http:\/\/www.korhanyilmaz.com\/wp-content\/uploads\/2011\/09\/5075.jpg\" alt=\"\" width=\"264\" height=\"176\" \/><\/a><p id=\"caption-attachment-39861\" class=\"wp-caption-text\">Suriye den ka\u00e7an Yarbay Harmu\u015f un (\u00fcstte) da Mustafa Kassam gibi Suriye istihbarat\u0131n\u0131n elinde oldu\u011fu \u00f6ne s\u00fcr\u00fcld\u00fc.<\/p><\/div>\n<p style=\"text-align: justify;\">Haziranda Hatay\u2019daki Yaylada\u011f\u0131 kamp\u0131na gelen ve o g\u00fcnlerde kamp hayat\u0131n\u0131 Radikal\u2019e \u2018Esma\u2019 ismiyle anlatan Suriyeli m\u00fclteci Huda Kassum, yeniden gazeteye ula\u015farak e\u015fi Mustafa Muhammed Kassum\u2019dan 28 A\u011fustos\u2019tan bu yana haber alamad\u0131\u011f\u0131n\u0131 belirtti. Kassum, muhalif g\u00f6sterilerde ba\u015f\u0131 \u00e7eken e\u015finin dokuz g\u00fcn \u00f6nce \u2018kimli\u011fi belirsiz ki\u015filer\u2019ce Suriye\u2019ye geri g\u00f6nderildi\u011fine dair haberler ald\u0131\u011f\u0131n\u0131 \u00f6ne s\u00fcrd\u00fc.<\/p>\n<p style=\"text-align: justify;\">\u0130dlib birliklerinin komutan\u0131 H\u00fcseyin Harmu\u015f da 9 Haziran\u2019da YouTube\u2019da payla\u015ft\u0131\u011f\u0131 g\u00f6r\u00fcnt\u00fclerde Suriye ordusundan ayr\u0131l\u0131p \u2018\u00d6zg\u00fcr Arap Suriye Ordusu\u2019nu kurdu\u011funu ilan etmi\u015fti. Haziranda Suriye\u2019den ka\u00e7an Harmu\u015f, Hatay\u2019a s\u0131\u011f\u0131nm\u0131\u015ft\u0131. Huda, e\u015fi ve Harmu\u015f\u2019un ayn\u0131 g\u00fcn kayboldu\u011funu iddia etti. Huda\u2019n\u0131n iddias\u0131na g\u00f6re Kassum, kampa yard\u0131m i\u00e7in gelen bir Frans\u0131z doktorun ziyaretinde \u00e7\u0131kan tart\u0131\u015fmalar nedeniyle Reyhanl\u0131 kamp\u0131na g\u00f6nderildi. Burada iki g\u00fcn kald\u0131ktan sonra 28 A\u011fustos\u2019ta ifadesi al\u0131nmak \u00fczere Antakya karakoluna g\u00f6t\u00fcr\u00fcld\u00fc, bir daha da haber al\u0131namad\u0131.<\/p>\n<p style=\"text-align: justify;\">Ayn\u0131 g\u00fcn Harmu\u015f\u2019un da sorguland\u0131\u011f\u0131n\u0131 iddia eden Huda, e\u015fi Mustafa ile Harmu\u015f\u2019un ba\u011flant\u0131s\u0131 olmad\u0131\u011f\u0131n\u0131 ifade etti. Huda, \u201cSadece ya\u015fay\u0131p ya\u015famad\u0131\u011f\u0131n\u0131 bilmek istiyorum. Antakya\u2019da hapse att\u0131larsa da orada tutsunlar ama bana nerede oldu\u011funu biri s\u00f6ylesin\u201d dedi. Radikal\u2019in iki haftad\u0131r izledi\u011fi olayla ilgili d\u00fcn tekrar konu\u015fan Huda, \u201cKocam\u0131 Suriye\u2019ye g\u00f6ndermi\u015fler. T\u00fcrk h\u00fck\u00fcmetinin yapmad\u0131\u011f\u0131n\u0131 biliyorum. Ancak Suriye istihbarat\u0131n\u0131n i\u015fi olabilece\u011fini s\u00f6yl\u00fcyorlar\u201d diye konu\u015ftu.<\/p>\n<p style=\"text-align: justify;\">Londra merkezli d\u00fc\u015f\u00fcnce kurulu\u015fu Chatam House Uluslararas\u0131 Ara\u015ft\u0131rmalar Merkezi \u00fcyesi Suriyeli gazeteci Vahid Sokur, \u015eam\u2019daki kaynaklar\u0131na dayanarak Radikal\u2019e, Kassum ve Harmu\u015f\u2019un Suriye istihbarat\u0131nca yakalanarak hapse at\u0131ld\u0131\u011f\u0131n\u0131 iddia etti. Suriyeli kaynaklar da Yarbay Harmu\u015f\u2019un Suriye g\u00fcvenlik g\u00fc\u00e7lerinin eline ge\u00e7ti\u011fini iddia etti.<\/p>\n<p style=\"text-align: justify;\"><strong>\u2018Kendi iste\u011fiyle gitmi\u015ftir\u2019<\/strong><\/p>\n<p style=\"text-align: justify;\">T\u00fcrk diplomatik kaynaklar, kay\u0131p Suriyeli Kassum\u2019la ilgili ara\u015ft\u0131rma yapt\u0131klar\u0131n\u0131 a\u00e7\u0131klad\u0131:<\/p>\n<p style=\"text-align: justify;\">\u201cBiz insani nedenlerle \u00fclkemize s\u0131\u011f\u0131nm\u0131\u015f kimseyi iade etmeyiz. Kimseyi g\u00f6ndermedik. Bu haberleri kamplardan rahats\u0131zl\u0131k duyan Suriye yay\u0131yor. Korktu\u011fu i\u00e7in kamplara giri\u015fte asker oldu\u011funu ve ismini saklam\u0131\u015f olabilir ya da \u015eam y\u00f6netiminin tehdidine boyun e\u011fip geri d\u00f6nm\u00fc\u015f de olabilir\u201d dedi. Kamplara 20 binden fazla insan girdi\u011fine dikkat \u00e7eken bir yetkili, \u201c11 bin ki\u015fi \u00e7\u0131k\u0131\u015f yapm\u0131\u015f ama \u015fu anda alt\u0131 kampta 7 bin 550 ki\u015fi var. Rakamdaki tuhafl\u0131k trafikten kaynaklan\u0131yor. \u0130simleri kontrol etmek zor.\u201d<\/p>\n<p style=\"text-align: justify;\">Guardian: 9 PKK&#8217;l\u0131 ile takas edildi \u0130ngiliz Guardian gazetesi ise, bug\u00fcnk\u00fc say\u0131s\u0131nda H\u00fcseyin Harmu\u015f&#8217;un T\u00fcrkiye taraf\u0131ndan 9 PKK&#8217;l\u0131n\u0131n teslim edilmesi kar\u015f\u0131l\u0131\u011f\u0131nda Suriye&#8217;ye iade edildi\u011fini iddia etti. Gazete haberini, insan haklar\u0131 konusunda \u00e7al\u0131\u015fmalar yapt\u0131\u011f\u0131n\u0131 iddia etti\u011fi bir K\u00fcrt kurulu\u015funa dayand\u0131rd\u0131.<\/p>\n<p style=\"text-align: justify;\"><a href=\"http:\/\/www.radikal.com.tr\/Radikal.aspx?aType=RadikalHaberDetayV3&amp;ArticleID=1063489&amp;Date=16.09.2011&amp;CategoryID=77\" target=\"_blank\">Kaynak : Radikal.com.tr<\/a><\/p>\n","protected":false},"excerpt":{"rendered":"<p style=\"text-align: center;\">\n<p style=\"text-align: justify;\">Hatay&#8217;daki kampta &#8216;kaybolan&#8217; muhalifin e\u015fi Radikal&#8217;i arad\u0131: E\u015fim Suriye&#8217;deymi\u015f. \u0130ngiliz Guardian gazetesi ise, Harmu\u015f&#8217;un 9 PKK&#8217;l\u0131 kar\u015f\u0131l\u0131\u011f\u0131nda Suriye&#8217;ye iade edildi\u011fini yazd\u0131.<\/p>\n<p style=\"text-align: justify;\">\u0130STANBUL- Suriye\u2019den ka\u00e7\u0131p T\u00fcrkiye\u2019ye s\u0131\u011f\u0131nan bir muhalif ile Yarbay H\u00fcseyin Harmu\u015f\u2019un Suriye\u2019ye iade edildi\u011fi \u00f6ne s\u00fcr\u00fcld\u00fc.<\/p>\n","protected":false},"author":1,"featured_media":0,"comment_status":"open","ping_status":"open","sticky":false,"template":"","format":"standard","meta":{"footnotes":""},"categories":[105],"tags":[],"class_list":["post-39859","post","type-post","status-publish","format-standard","hentry","category-gundem","odd"],"_links":{"self":[{"href":"http:\/\/www.korhanyilmaz.com\/index.php?rest_route=\/wp\/v2\/posts\/39859","targetHints":{"allow":["GET"]}}],"collection":[{"href":"http:\/\/www.korhanyilmaz.com\/index.php?rest_route=\/wp\/v2\/posts"}],"about":[{"href":"http:\/\/www.korhanyilmaz.com\/index.php?rest_route=\/wp\/v2\/types\/post"}],"author":[{"embeddable":true,"href":"http:\/\/www.korhanyilmaz.com\/index.php?rest_route=\/wp\/v2\/users\/1"}],"replies":[{"embeddable":true,"href":"http:\/\/www.korhanyilmaz.com\/index.php?rest_route=%2Fwp%2Fv2%2Fcomments&post=39859"}],"version-history":[{"count":0,"href":"http:\/\/www.korhanyilmaz.com\/index.php?rest_route=\/wp\/v2\/posts\/39859\/revisions"}],"wp:attachment":[{"href":"http:\/\/www.korhanyilmaz.com\/index.php?rest_route=%2Fwp%2Fv2%2Fmedia&parent=39859"}],"wp:term":[{"taxonomy":"category","embeddable":true,"href":"http:\/\/www.korhanyilmaz.com\/index.php?rest_route=%2Fwp%2Fv2%2Fcategories&post=39859"},{"taxonomy":"post_tag","embeddable":true,"href":"http:\/\/www.korhanyilmaz.com\/index.php?rest_route=%2Fwp%2Fv2%2Ftags&post=39859"}],"curies":[{"name":"wp","href":"https:\/\/api.w.org\/{rel}","templated":true}]}}