{"id":39855,"date":"2011-09-16T07:57:13","date_gmt":"2011-09-16T04:57:13","guid":{"rendered":"http:\/\/www.korhanyilmaz.com\/?p=39855"},"modified":"2011-09-16T11:43:12","modified_gmt":"2011-09-16T08:43:12","slug":"hakan-beyi-harcamayiz","status":"publish","type":"post","link":"http:\/\/www.korhanyilmaz.com\/?p=39855","title":{"rendered":"&#8216;Hakan Bey&#8217;i harcamay\u0131z&#8217;"},"content":{"rendered":"<p style=\"text-align: center;\"><a href=\"http:\/\/www.korhanyilmaz.com\/wp-content\/uploads\/2011\/09\/5074.jpg\"  class=\"lightview\"><img loading=\"lazy\" decoding=\"async\" class=\"aligncenter size-full wp-image-39856\" src=\"http:\/\/www.korhanyilmaz.com\/wp-content\/uploads\/2011\/09\/5074.jpg\" alt=\"\" width=\"384\" height=\"254\" \/><\/a><\/p>\n<p style=\"text-align: justify;\">Erdo\u011fan, &#8216;M\u0130T g\u00f6revlileri ile PKK y\u00f6neticilerine ait oldu\u011fu s\u00f6ylenen kay\u0131tlarla ilgili olarak &#8216;S\u0131zma nas\u0131l olmu\u015f, onu ara\u015ft\u0131r\u0131yoruz. Ama hatas\u0131 olsa da Hakan Bey&#8217;i (M\u0130T M\u00fcste\u015far\u0131 Hakan Fidan) b\u00f6yle nedenlerle harcamay\u0131z&#8217; dedi.<!--more--><\/p>\n<p style=\"text-align: justify;\">Ba\u015fbakan Recep Tayyip Erdo\u011fan, M\u0131s\u0131r\u2019\u0131n ba\u015fkenti Kahire\u2019den Tunus\u2019a ge\u00e7erken u\u00e7akta baz\u0131 gazetecilerin sorular\u0131n\u0131 yan\u0131tlarken \u015fu mesajlar\u0131 verdi:<\/p>\n<p style=\"text-align: justify;\"><strong>B\u0130LG\u0130M VAR D\u0130YEMEM<\/strong><\/p>\n<p style=\"text-align: justify;\">(Ses kayd\u0131n\u0131n kim taraf\u0131ndan s\u0131zd\u0131r\u0131ld\u0131\u011f\u0131na ili\u015fkin soru \u00fczerine) Kimin yapt\u0131\u011f\u0131na dair bir bilgim var diyemem. \u0130ncelemeleri yapmas\u0131 i\u00e7in Hakan Bey\u2019e \u2018Tunus ve Libya b\u00f6l\u00fcmlerine kat\u0131lma, Ankara \u2019ya d\u00f6n\u2019 dedim. Malum \u00e7evrelerin ge\u00e7mi\u015fte de Hakan Bey\u2019i hedef ald\u0131\u011f\u0131 biliniyor. S\u0131zma nas\u0131l olmu\u015f onu ara\u015ft\u0131r\u0131yoruz. Ama hatas\u0131 da olsa Hakan Bey\u2019i b\u00f6yle nedenlerle harcamay\u0131z. Biz kolay kolay adam yemeyiz. Bu, s\u0131zd\u0131ranlar\u0131n i\u00e7lerindeki art niyeti ortaya koydu. Bu kimseye bir \u015fey kazand\u0131rmaz.<\/p>\n<p style=\"text-align: justify;\"><strong>H\u00dcK\u00dcMETLE DEVLET\u0130 KARI\u015eTIRIYORLAR<\/strong><\/p>\n<p style=\"text-align: justify;\">(\u0130\u00e7 siyasetteki tart\u0131\u015fmalar\u0131n hat\u0131rlat\u0131lmas\u0131 \u00fczerine) Siyasete malzeme yap\u0131lmas\u0131na s\u0131cak bakm\u0131yoruz. (Kemal) K\u0131l\u0131\u00e7daro\u011flu ve (Devlet) Bah\u00e7eli\u2019nin a\u00e7\u0131klamalar\u0131 nedeniyle tela\u015f i\u00e7inde de\u011filim. Emre Bey\u2019i de (eski M\u0130T M\u00fcste\u015far\u0131 Emre Taner), Hakan Bey\u2019i de g\u00f6n\u00fcl rahatl\u0131\u011f\u0131 i\u00e7erisinde \u0130mral\u0131\u2019ya g\u00f6nderdik. Bunlar h\u00fck\u00fcmet tan\u0131m\u0131 ile devlet tan\u0131m\u0131n\u0131 ay\u0131rt edemiyorlar. Biz ne dedik? \u2018H\u00fck\u00fcmet olarak \u0130mral\u0131 ile g\u00f6r\u00fc\u015fmeyiz. Ama devlet \u00fczerine d\u00fc\u015feni yapar\u2019 dedik. \u015eimdi ben bunlarla ter\u00f6rle m\u00fccadelede nas\u0131l i\u015fbirli\u011fi yapay\u0131m?<\/p>\n<p style=\"text-align: justify;\"><strong>HABUR ANLAYI\u015eI B\u0130TT\u0130<\/strong><\/p>\n<p style=\"text-align: justify;\">(S\u0131zma olay\u0131 s\u00fcreci etkiler mi) Hay\u0131r, etkilemez. Devlet \u00fczerine d\u00fc\u015feni yapmaya devam eder. S\u00fcre\u00e7 etkilenmez. \u0130stedikleri kadar tehdit mekanizmalar\u0131 olu\u015ftursunlar, devlet karar verdi\u011fini uygular. B\u00f6l\u00fcc\u00fc ter\u00f6r \u00f6rg\u00fct\u00fc ve siyasi uzant\u0131lar\u0131 ge\u00e7mi\u015fte oldu\u011fu gibi bizden iyi niyet ve anlay\u0131\u015f beklemesinler. (Habur anlay\u0131\u015f\u0131) bitti. Bu tarz anlay\u0131\u015f beklememek laz\u0131m art\u0131k.<\/p>\n<p style=\"text-align: justify;\"><strong>\u0130RAN\u2019LA GERG\u0130NL\u0130K<\/strong><\/p>\n<p style=\"text-align: justify;\">(\u2018\u0130ran\u2019la bir gerginlik s\u00f6z konusu mu\u2019 sorusu \u00fczerine) \u0130ran\u2019la bir gerginlik var diyemem. Ama Suriye konusunda kendilerine \u2018Sizden ald\u0131klar\u0131 cesaretle Esad y\u00f6netimi \u015f\u0131mar\u0131yor\u2019 uyar\u0131s\u0131n\u0131 yapt\u0131k. Mahmut Ahmedinecad\u2019la telefonla bu hususu g\u00f6r\u00fc\u015ft\u00fck. Sonra \u00f6zel temsilcisini g\u00f6nderdi. Onunla da konu\u015ftuk. Tav\u0131rlar\u0131nda de\u011fi\u015fiklik oldu. Yak\u0131nda Hakan Bey\u2019i g\u00f6nderece\u011fim. BM toplant\u0131s\u0131nda da muhtemelen kendisiyle g\u00f6r\u00fc\u015fece\u011fim. Daha sonra benim de gitme durumum olabilir. (PKK\u2019ya kar\u015f\u0131) Kandil\u2019de m\u00fc\u015fterek bir \u00e7al\u0131\u015fma yapabiliriz.<\/p>\n<p style=\"text-align: justify;\"><strong>M\u00dcSL\u00dcMAN KARDE\u015eLER<\/strong><\/p>\n<p style=\"text-align: justify;\">(M\u00fcsl\u00fcman Karde\u015fler\u2019in \u2018laikten korkmay\u0131n\u2019 a\u00e7\u0131klamas\u0131na g\u00f6sterdi\u011fi tepkiye ili\u015fkin): Bir \u00e7eviri hatas\u0131yla, benim s\u00f6zlerim yanl\u0131\u015f anlamaya yol a\u00e7t\u0131. \u00c7\u00fcnk\u00fc Arap\u00e7a \u2019da \u2018dinsizlik\u2019 anlam\u0131na gelen bir kelime var. Laiklik terimi olarak o se\u00e7ilince tepki oldu. Ama a\u00e7\u0131klamay\u0131 yapan ki\u015fi yeni bir a\u00e7\u0131klama ile d\u00fczeltmeye gidecek. A\u00e7\u0131klamay\u0131 yapan M\u00fcsl\u00fcman Karde\u015fler\u2019in ba\u015fkan aday\u0131 de\u011fil. Bu da yanl\u0131\u015f. Bu zat, M\u00fcsl\u00fcman Karde\u015fler\u2019den ayr\u0131lan bir ki\u015fi.<\/p>\n<p style=\"text-align: justify;\"><a href=\"http:\/\/www.radikal.com.tr\/Radikal.aspx?aType=RadikalDetayV3&amp;ArticleID=1063507&amp;Date=16.09.2011&amp;CategoryID=78\" target=\"_blank\">Kaynak : Radikal.com.tr<\/a><\/p>\n","protected":false},"excerpt":{"rendered":"<p style=\"text-align: center;\">\n<p style=\"text-align: justify;\">Erdo\u011fan, &#8216;M\u0130T g\u00f6revlileri ile PKK y\u00f6neticilerine ait oldu\u011fu s\u00f6ylenen kay\u0131tlarla ilgili olarak &#8216;S\u0131zma nas\u0131l olmu\u015f, onu ara\u015ft\u0131r\u0131yoruz. Ama hatas\u0131 olsa da Hakan Bey&#8217;i (M\u0130T M\u00fcste\u015far\u0131 Hakan Fidan) b\u00f6yle nedenlerle harcamay\u0131z&#8217; dedi.<\/p>\n","protected":false},"author":1,"featured_media":0,"comment_status":"open","ping_status":"open","sticky":false,"template":"","format":"standard","meta":{"footnotes":""},"categories":[105],"tags":[],"class_list":["post-39855","post","type-post","status-publish","format-standard","hentry","category-gundem","odd"],"_links":{"self":[{"href":"http:\/\/www.korhanyilmaz.com\/index.php?rest_route=\/wp\/v2\/posts\/39855","targetHints":{"allow":["GET"]}}],"collection":[{"href":"http:\/\/www.korhanyilmaz.com\/index.php?rest_route=\/wp\/v2\/posts"}],"about":[{"href":"http:\/\/www.korhanyilmaz.com\/index.php?rest_route=\/wp\/v2\/types\/post"}],"author":[{"embeddable":true,"href":"http:\/\/www.korhanyilmaz.com\/index.php?rest_route=\/wp\/v2\/users\/1"}],"replies":[{"embeddable":true,"href":"http:\/\/www.korhanyilmaz.com\/index.php?rest_route=%2Fwp%2Fv2%2Fcomments&post=39855"}],"version-history":[{"count":0,"href":"http:\/\/www.korhanyilmaz.com\/index.php?rest_route=\/wp\/v2\/posts\/39855\/revisions"}],"wp:attachment":[{"href":"http:\/\/www.korhanyilmaz.com\/index.php?rest_route=%2Fwp%2Fv2%2Fmedia&parent=39855"}],"wp:term":[{"taxonomy":"category","embeddable":true,"href":"http:\/\/www.korhanyilmaz.com\/index.php?rest_route=%2Fwp%2Fv2%2Fcategories&post=39855"},{"taxonomy":"post_tag","embeddable":true,"href":"http:\/\/www.korhanyilmaz.com\/index.php?rest_route=%2Fwp%2Fv2%2Ftags&post=39855"}],"curies":[{"name":"wp","href":"https:\/\/api.w.org\/{rel}","templated":true}]}}