{"id":39851,"date":"2011-09-16T09:10:23","date_gmt":"2011-09-16T06:10:23","guid":{"rendered":"http:\/\/www.korhanyilmaz.com\/?p=39851"},"modified":"2011-09-16T10:22:58","modified_gmt":"2011-09-16T07:22:58","slug":"bir-musluman-laik-ulke-yonetebilir","status":"publish","type":"post","link":"http:\/\/www.korhanyilmaz.com\/?p=39851","title":{"rendered":"Bir M\u00fcsl\u00fcman laik \u00fclke y\u00f6netebilir"},"content":{"rendered":"<p style=\"text-align: justify;\"><a href=\"http:\/\/www.korhanyilmaz.com\/wp-content\/uploads\/2011\/09\/5073.jpg\"  class=\"lightview\"><img loading=\"lazy\" decoding=\"async\" class=\"aligncenter size-full wp-image-39852\" title=\"\" src=\"http:\/\/www.korhanyilmaz.com\/wp-content\/uploads\/2011\/09\/5073.jpg\" alt=\"\" width=\"313\" height=\"188\" \/><\/a><\/p>\n<p style=\"text-align: justify;\">Ba\u015fbakan Erdo\u011fan, Tunus Ge\u00e7ici H\u00fck\u00fcmet Ba\u015fkan\u0131 Essebsi ile g\u00f6r\u00fc\u015ft\u00fckten sonra ortak bas\u0131n toplant\u0131s\u0131nda, \u201cBiz demokratik, laik, sosyal bir hukuk devletiyiz. Ki\u015fi laik olmaz, devlet laik olur. Bir M\u00fcsl\u00fcman, laik bir devleti ba\u015far\u0131l\u0131 bir \u015fekilde y\u00f6netebilir\u201d dedi. Erdo\u011fan, Tunus\u2019un ger\u00e7ek bir demokrasiye ge\u00e7i\u015f d\u00f6nemi ya\u015famas\u0131n\u0131 diledi\u011fini s\u00f6yledi.\u00a0<!--more--><\/p>\n<p style=\"text-align: justify;\">BA\u015eBAKAN Tayyip Erdo\u011fan, Arap Bahar\u0131 turunun 2\u2019nci dura\u011f\u0131 olan Tunus\u2019ta laiklik konusunda \u00f6nemli mesajlar verdi. Erdo\u011fan, \u201cKi\u015fi laik olmaz. Devlet laik olur. Bir M\u00fcsl\u00fcman, laik bir devleti ba\u015far\u0131l\u0131 bir \u015fekilde y\u00f6netebilir. Laik devlet her inan\u00e7 grubuna e\u015fit mesafededir\u201d dedi. Erdo\u011fan, d\u00fcn Tunus\u2019ta Ge\u00e7ici H\u00fck\u00fcmet Ba\u015fkan\u0131 Beci Caid Essebsi ile bir araya geldi. Ba\u015f ba\u015fa ve heyetleraras\u0131 g\u00f6r\u00fc\u015fmelerin ard\u0131ndan Erdo\u011fan, Essebsi ile ortak bas\u0131n toplant\u0131s\u0131 d\u00fczenledi. T\u00fcrkiye\u2019deki din-devlet ili\u015fkileri ve Tunus\u2019taki yeni siyasi parti Nahta ile ilgili bir soru \u00fczerine \u015funlar\u0131 s\u00f6yledi:<\/p>\n<p style=\"text-align: justify;\"><strong>T\u00fcrkiye\u2019yi tan\u0131mlamam yeterli\u00a0<\/strong><\/p>\n<p style=\"text-align: justify;\">\u201cT\u00fcrkiye\u2019yi tan\u0131mlarsam verdi\u011fim cevap herhalde sizin i\u00e7in yeterli olacakt\u0131r. Biz demokratik, laik, sosyal bir hukuk devletiyiz. Laiklik konusunda Anglosakson bir laiklik anlay\u0131\u015f\u0131 veya Bat\u0131l\u0131 anlamda bir laiklik anlay\u0131\u015f\u0131 de\u011fil. Ki\u015fi laik olmaz. Devlet laik olur. Bir M\u00fcsl\u00fcman, laik bir devleti ba\u015far\u0131l\u0131 bir \u015fekilde y\u00f6netebilir.<\/p>\n<p style=\"text-align: justify;\"><strong>Dinler devlet g\u00fcvencesinde\u00a0<\/strong><\/p>\n<p style=\"text-align: justify;\">Laik devlet, her inan\u00e7 grubuna e\u015fit mesafededir. \u0130ster M\u00fcsl\u00fcman olsun, ister H\u0131ristiyan olsun, ister Musevi olsun, ister ateist olsun. Hepsinin g\u00fcvencesidir. Olay\u0131n asl\u0131 budur. Bu tart\u0131\u015fmalara vesile olabilir. Biz b\u00f6yle inan\u0131yoruz, b\u00f6yle d\u00fc\u015f\u00fcn\u00fcyoruz. Nahta ile ilgili d\u00fc\u015f\u00fcncelerime gelince, Tunus\u2019ta, Tunus halk\u0131n\u0131n tercihlerine sayg\u0131l\u0131 olan bir \u00fclkeyiz. 23 Ekim\u2019de ve sonras\u0131nda Tunus halk\u0131 kimi, hangi partiyi tercih ederse biz onlarla en g\u00fczel, en ideal \u015fekilde \u00e7al\u0131\u015f\u0131r\u0131z.\u201d<\/p>\n<p style=\"text-align: justify;\"><strong>\u0130srail at oynatamayacak\u00a0<\/strong><\/p>\n<p style=\"text-align: justify;\">Erdo\u011fan, Ortado\u011fu\u2019daki geli\u015fmeler ve Filistin sorunu konusunda sorulan bir soru \u00fczerine, \u201cBiz Filistinli karde\u015flerimizin A\u2019dan Z\u2019ye yan\u0131nday\u0131z. Do\u011fu Akdeniz\u2019de \u0130srail istedi\u011fi gibi at oynatamayacak. Bu konuda kararl\u0131l\u0131\u011f\u0131m\u0131z\u0131 g\u00f6recek\u201d dedi. Erdo\u011fan, bas\u0131n toplant\u0131s\u0131nda \u00f6zetle \u015funlar\u0131 s\u00f6yledi:<\/p>\n<p style=\"text-align: justify;\"><strong>Devrimler kanla olmas\u0131n\u00a0<\/strong><\/p>\n<p style=\"text-align: justify;\">\u201cYasemin Devrimi\u2019nin ard\u0131ndan Arap Bahar\u0131 esmeye ba\u015flad\u0131. Arap Bahar\u0131\u2019n\u0131n olu\u015fmas\u0131, M\u0131s\u0131r, Yemen, Libya, Bahreyn, Suriye\u2019de kendini g\u00f6sterdi. G\u00f6nl\u00fcm\u00fcz, arzumuz hep \u015fudur; devrimler kanla olmas\u0131n, insanlar \u00f6ld\u00fcr\u00fclerek olmas\u0131n. Devrimler, d\u00fc\u015f\u00fcncelerin, fikirlerin ideallerin sand\u0131ktan yans\u0131mas\u0131 suretiyle milletlerin iradesiyle ger\u00e7ekle\u015fsin. Tunus ve M\u0131s\u0131r\u2019da bu b\u00fcy\u00fck \u00f6l\u00e7\u00fcde g\u00f6r\u00fcld\u00fc diyebiliriz. \u015eimdi b\u00fct\u00fcn arzumuz, 23 Ekim\u2019de sand\u0131\u011fa gidecek olan Tunuslu karde\u015flerimizin olu\u015fturaca\u011f\u0131 kurucu meclisle birlikte ger\u00e7ek bir demokrasiye ge\u00e7i\u015f d\u00f6nemi olur.<\/p>\n<p style=\"text-align: justify;\"><strong>Demokrasi sand\u0131\u011fa yans\u0131s\u0131n\u00a0<\/strong><\/p>\n<p style=\"text-align: justify;\">Orada oyunlara asla gidilmemeli, ger\u00e7ek demokrasi sand\u0131klardan ger\u00e7ek olarak yans\u0131mal\u0131. Tunuslu karde\u015flerim bu iradelerini 23 Ekim\u2019de ortaya koyacaklard\u0131r ve 2011 y\u0131l\u0131 \u00f6yle zannediyorum ki, Tunus\u2019ta bir se\u00e7imler y\u0131l\u0131 olacakt\u0131r. Gerek Anayasa ile ilgili yap\u0131lacak bir referandum, gerek parlamento se\u00e7imlerine y\u00f6nelik yap\u0131lacak se\u00e7imler, bir se\u00e7imler y\u0131l\u0131n\u0131 gerektirmektedir. T\u00fcm bunlar\u0131n yan\u0131nda hepsinden \u00f6nemlisi Tunus, \u015funu ispat edecektir; \u0130slam ile demokrasi yan yana olabilir.<\/p>\n<p style=\"text-align: justify;\"><strong>Biz yapabiliyoruz\u00a0<\/strong><\/p>\n<p style=\"text-align: justify;\">T\u00fcrkiye, halk\u0131n\u0131n y\u00fczde 99\u2019u M\u00fcsl\u00fcman olan bir \u00fclke, biz rahatl\u0131kla bunu yapabiliyoruz, bir s\u0131k\u0131nt\u0131m\u0131z yok. Oldu ve oluyor, demek ki olabilir. Farkl\u0131 yakla\u015f\u0131mlar ortaya koymak suretiyle bunun \u00f6n\u00fcn\u00fc kesmeye gerek yok. En geni\u015f manada m\u00fc\u015favere (dan\u0131\u015fma), isti\u015fare, halk\u0131n iradesini ortaya koymas\u0131 olacakt\u0131r. Sadece belirli se\u00e7kinlerin yapm\u0131\u015f oldu\u011fu m\u00fc\u015favere ile m\u00fc\u015favere ger\u00e7ekle\u015fir diye bir kaide yok veyahut da y\u00f6neticilerin yapm\u0131\u015f oldu\u011fu isti\u015fare ile m\u00fc\u015favere olur diyemeyiz. O da olacak, o da olacak. Ancak en geni\u015fi milletin iradesinin tecelli etti\u011fi m\u00fc\u015faveredir. Bu s\u00fcre\u00e7 inan\u0131yorum ki Tunus\u2019u \u00e7ok daha g\u00fc\u00e7l\u00fc k\u0131lacakt\u0131r.\u201d<\/p>\n<p style=\"text-align: justify;\"><strong>Trablus ve Bingazi\u00a0<\/strong><\/p>\n<p style=\"text-align: justify;\">Ba\u015fbakan Erdo\u011fan\u2019\u0131n, bug\u00fcn Libya\u2019ya yapaca\u011f\u0131 ziyaret kapsam\u0131nda Trablus\u2019un ard\u0131ndan Bingazi ve Misrata\u2019ya gidece\u011fi bildirildi.<\/p>\n<p style=\"text-align: justify;\"><strong>Essebsi: Demokrasi ile \u0130slam \u00e7eli\u015fmiyor\u00a0<\/strong><\/p>\n<p style=\"text-align: justify;\">TUNUS Ge\u00e7ici H\u00fck\u00fcmet Ba\u015fkan\u0131 Beci Caid Essebsi, bas\u0131n toplant\u0131s\u0131nda \u015funlar\u0131 s\u00f6yledi: \u201cTunus ve T\u00fcrkiye d\u00fcnyaya \u015funu g\u00f6steriyor ki, demokrasi ile \u0130slam hi\u00e7bir zaman birbiriyle \u00e7eli\u015fmemektedir. Ba\u015fbakan Erdo\u011fan ile din-devlet ili\u015fkileri konusunda g\u00f6r\u00fc\u015f al\u0131\u015fveri\u015finde bulunduk. Adaletli bir devletin, b\u00fct\u00fcn inan\u00e7 sistemlerine inan\u00e7lar\u0131 konusunda \u00f6zg\u00fcrl\u00fck tan\u0131d\u0131\u011f\u0131 konusunda mutab\u0131k kald\u0131k. Sa\u011fdan olsun, soldan olsun her t\u00fcrl\u00fc a\u015f\u0131r\u0131l\u0131klara kar\u015f\u0131 oldu\u011fumuzu da vurgulad\u0131k. Siyasi, ekonomik, turizm alanlar\u0131nda i\u015fbirli\u011fi halinde olaca\u011f\u0131z. \u0130n\u015fallah iki karde\u015f \u00fclke ve iki karde\u015f halk aras\u0131nda yeni bir kap\u0131 a\u00e7\u0131laca\u011f\u0131na inan\u0131yoruz.\u201d<\/p>\n<p style=\"text-align: justify;\"><strong>Kahve molas\u0131\u00a0<\/strong><\/p>\n<p style=\"text-align: justify;\">BA\u015eBAKAN Tayyip Erdo\u011fan, Tunus Ge\u00e7ici H\u00fck\u00fcmet Ba\u015fkan\u0131 Beci Caid Essebsi ile d\u00fczenledi\u011fi ortak bas\u0131n toplant\u0131s\u0131n\u0131n ard\u0131ndan, beraberindeki heyetle Medine \u00c7ar\u015f\u0131s\u0131\u2019n\u0131 gezdi. Erdo\u011fan ve o\u011flu Bilal Erdo\u011fan, D\u0131\u015fi\u015fleri Bakan\u0131 Ahmet Davuto\u011flu, Ula\u015ft\u0131rma Bakan\u0131 Binali Y\u0131ld\u0131r\u0131m, Enerji ve Tabii Kaynaklar Bakan\u0131 Taner Y\u0131ld\u0131z ve Ekonomi Bakan\u0131 Zafer \u00c7a\u011flayan, Ak Parti Genel Ba\u015fkan Yard\u0131mc\u0131s\u0131 \u00d6mer \u00c7elik ile birlikte T\u00fcrk kahvesi satan bir d\u00fckkanda oturup, T\u00fcrk kahvesi i\u00e7ti. Erdo\u011fan, \u00e7ar\u015f\u0131 ziyaretinin ard\u0131ndan Zeyd\u00fcne Camisi\u2019nde namaz k\u0131ld\u0131.<\/p>\n<p style=\"text-align: justify;\"><a href=\"http:\/\/www.hurriyet.com.tr\/planet\/18743956.asp\" target=\"_blank\">Kaynak : H\u00fcrriyet.com.tr<\/a><\/p>\n","protected":false},"excerpt":{"rendered":"<p style=\"text-align: justify;\">\n<p style=\"text-align: justify;\">Ba\u015fbakan Erdo\u011fan, Tunus Ge\u00e7ici H\u00fck\u00fcmet Ba\u015fkan\u0131 Essebsi ile g\u00f6r\u00fc\u015ft\u00fckten sonra ortak bas\u0131n toplant\u0131s\u0131nda, \u201cBiz demokratik, laik, sosyal bir hukuk devletiyiz. Ki\u015fi laik olmaz, devlet laik olur. Bir M\u00fcsl\u00fcman, laik bir devleti ba\u015far\u0131l\u0131 bir \u015fekilde y\u00f6netebilir\u201d dedi. Erdo\u011fan, Tunus\u2019un ger\u00e7ek bir demokrasiye ge\u00e7i\u015f d\u00f6nemi ya\u015famas\u0131n\u0131 diledi\u011fini s\u00f6yledi. <\/p>\n","protected":false},"author":1,"featured_media":0,"comment_status":"open","ping_status":"open","sticky":false,"template":"","format":"standard","meta":{"footnotes":""},"categories":[105],"tags":[],"class_list":["post-39851","post","type-post","status-publish","format-standard","hentry","category-gundem","odd"],"_links":{"self":[{"href":"http:\/\/www.korhanyilmaz.com\/index.php?rest_route=\/wp\/v2\/posts\/39851","targetHints":{"allow":["GET"]}}],"collection":[{"href":"http:\/\/www.korhanyilmaz.com\/index.php?rest_route=\/wp\/v2\/posts"}],"about":[{"href":"http:\/\/www.korhanyilmaz.com\/index.php?rest_route=\/wp\/v2\/types\/post"}],"author":[{"embeddable":true,"href":"http:\/\/www.korhanyilmaz.com\/index.php?rest_route=\/wp\/v2\/users\/1"}],"replies":[{"embeddable":true,"href":"http:\/\/www.korhanyilmaz.com\/index.php?rest_route=%2Fwp%2Fv2%2Fcomments&post=39851"}],"version-history":[{"count":0,"href":"http:\/\/www.korhanyilmaz.com\/index.php?rest_route=\/wp\/v2\/posts\/39851\/revisions"}],"wp:attachment":[{"href":"http:\/\/www.korhanyilmaz.com\/index.php?rest_route=%2Fwp%2Fv2%2Fmedia&parent=39851"}],"wp:term":[{"taxonomy":"category","embeddable":true,"href":"http:\/\/www.korhanyilmaz.com\/index.php?rest_route=%2Fwp%2Fv2%2Fcategories&post=39851"},{"taxonomy":"post_tag","embeddable":true,"href":"http:\/\/www.korhanyilmaz.com\/index.php?rest_route=%2Fwp%2Fv2%2Ftags&post=39851"}],"curies":[{"name":"wp","href":"https:\/\/api.w.org\/{rel}","templated":true}]}}