{"id":39844,"date":"2011-09-14T18:00:38","date_gmt":"2011-09-14T15:00:38","guid":{"rendered":"http:\/\/www.korhanyilmaz.com\/?p=39844"},"modified":"2011-09-14T20:13:17","modified_gmt":"2011-09-14T17:13:17","slug":"basbakan-erdoganin-en-buyuk-korkusu","status":"publish","type":"post","link":"http:\/\/www.korhanyilmaz.com\/?p=39844","title":{"rendered":"Ba\u015fbakan Erdo\u011fan&#8217;\u0131n en b\u00fcy\u00fck korkusu"},"content":{"rendered":"<p style=\"text-align: center;\"><a href=\"http:\/\/www.korhanyilmaz.com\/wp-content\/uploads\/2011\/09\/5072.jpg\"  class=\"lightview\"><img loading=\"lazy\" decoding=\"async\" class=\"aligncenter size-full wp-image-39845\" src=\"http:\/\/www.korhanyilmaz.com\/wp-content\/uploads\/2011\/09\/5072.jpg\" alt=\"\" width=\"307\" height=\"236\" \/><\/a><\/p>\n<p style=\"text-align: justify;\">Ba\u015fbakan Recep Tayyip Erdo\u011fan, &#8220;Arap halklar\u0131n\u0131n zaferi ayn\u0131 zamanda T\u00fcrkiye&#8217;nin zaferidir, Halklar\u0131n kendi \u00f6zg\u00fcrl\u00fc\u011f\u00fcn\u00fc kazanmas\u0131 tarihe yeni bir giri\u015f olarak adland\u0131r\u0131l\u0131r&#8221; dedi. Erdo\u011fan, Suriye&#8217;de Aleviler ve S\u00fcnniler aras\u0131nda bir mezhep sava\u015f\u0131 \u00e7\u0131kmas\u0131ndan korktuklar\u0131n\u0131 s\u00f6yledi.\u00a0<!--more--><\/p>\n<p style=\"text-align: justify;\">M\u0131s\u0131r gezisi esnas\u0131nda M\u0131s\u0131rl\u0131 gazeteci Fehmi El H\u00fcveydi&#8217;ye bir deme\u00e7 veren Ba\u015fbakan Erdo\u011fan, M\u0131s\u0131r&#8217;\u0131n Arap D\u00fcnyas\u0131&#8217;nda \u00e7ok \u00f6nemli oldu\u011funu ve Arap D\u00fcnyas\u0131&#8217;n\u0131n bir\u00e7ok kap\u0131s\u0131 varsa bu kap\u0131lardan en \u00f6nemlisinin M\u0131s\u0131r kap\u0131s\u0131 oldu\u011funu s\u00f6yledi.<\/p>\n<p style=\"text-align: justify;\">M\u0131s\u0131r&#8217;\u0131n El \u015euruk gazetesinde yay\u0131mlanan r\u00f6portaj\u0131nda Erdo\u011fan, &#8220;M\u0131s\u0131r ile ba\u015fta iktisadi alanda olmak \u00fczere, bir\u00e7ok alanda iyi ili\u015fkiler kurmak istiyoruz&#8221; \u015feklinde konu\u015ftu.<\/p>\n<p style=\"text-align: justify;\">Suriye&#8217;deki geli\u015fmelerin b\u00fcy\u00fck yer kaplad\u0131\u011f\u0131 m\u00fclakatta Erdo\u011fan Suriye&#8217;yle ilgili \u015funlar\u0131 kaydetti: &#8220;Suriye ile ili\u015fkilerimiz \u00e7ok iyi d\u00fczeydeydi. Her alanda kar\u015f\u0131l\u0131kl\u0131 yard\u0131mla\u015fmalar\u0131m\u0131z vard\u0131. Ama Suriye halk\u0131 sokaklara inip haklar\u0131n\u0131 ve h\u00fcrriyetlerini talep etmeye ba\u015flay\u0131nca durum de\u011fi\u015fti. Halk\u0131n talepleri emniyet g\u00fc\u00e7leri taraf\u0131ndan bask\u0131yla kar\u015f\u0131l\u0131k buldu. Bu da dikkatimizin daha fazla o tarafa y\u00f6nelmesine neden oldu. Maalesef y\u00f6netimin uygulamalar\u0131 sokaklarda daha \u00e7ok Suriyeli&#8217;nin kan\u0131n\u0131n d\u00f6k\u00fclmesine neden oldu.&#8221;<\/p>\n<p style=\"text-align: justify;\">Y\u00f6netimin uygulamalar\u0131ndan ve d\u00f6k\u00fclen kandan dolay\u0131 karamsarl\u0131\u011fa d\u00fc\u015ft\u00fcklerini belirten Erdo\u011fan, &#8220;Halk\u0131n kan\u0131 akmaya ba\u015flad\u0131\u011f\u0131 zaman, bu rejimin \u00f6ld\u00fc\u011f\u00fcne i\u015farettir.&#8221; dedi.<\/p>\n<p style=\"text-align: justify;\"><strong>Suriye endi\u015fesi\u00a0<\/strong><\/p>\n<p style=\"text-align: justify;\">Suriye&#8217;de olanlar\u0131n T\u00fcrkiye i\u00e7in normal bir durumdan ibaret olmad\u0131\u011f\u0131n\u0131 s\u00f6yleyen Erdo\u011fan, &#8220;Suriye ile 910 kilometre uzunlu\u011funda kara s\u0131n\u0131r\u0131m\u0131z var. Ortak \u00e7\u0131karlar\u0131m\u0131z s\u00f6z konusu. Suriye&#8217;de olan bitenin bizim milli g\u00fcvenli\u011fimizin bir par\u00e7as\u0131 oldu\u011funu iyi biliyoruz. Bunu g\u00f6z ard\u0131 edemeyiz&#8221; diye konu\u015ftu.<\/p>\n<p style=\"text-align: justify;\">Suriye i\u00e7in gelecekteki senaryolarla ilgili bir soru \u00fczerine Ba\u015fbakan, &#8220;Biz Suriye i\u00e7in gelecekteki senaryolardan endi\u015femizi saklam\u0131yoruz. Aleviler ve S\u00fcnniler aras\u0131nda bir mezhep sava\u015f\u0131 \u00e7\u0131kmas\u0131ndan korkuyoruz. Y\u00f6netim iktidarda kalabilmek i\u00e7in b\u00f6yle bir ate\u015f yakmaya haz\u0131r&#8221; diyerek Esad&#8217;\u0131n olaylar\u0131n sorumlulu\u011funu \u00fcstlendi\u011fini ve olacaklar\u0131n bedelini onun \u00f6deyece\u011fini ifade etti.<\/p>\n<p style=\"text-align: justify;\"><a href=\"http:\/\/www.cnnturk.com\/2011\/dunya\/09\/14\/basbakan.erdoganin.en.buyuk.korkusu\/629258.0\/index.html\" target=\"_blank\">Kaynak : CNN T\u00dcRK<\/a><\/p>\n","protected":false},"excerpt":{"rendered":"<p style=\"text-align: center;\">\n<p style=\"text-align: justify;\">Ba\u015fbakan Recep Tayyip Erdo\u011fan, &#8220;Arap halklar\u0131n\u0131n zaferi ayn\u0131 zamanda T\u00fcrkiye&#8217;nin zaferidir, Halklar\u0131n kendi \u00f6zg\u00fcrl\u00fc\u011f\u00fcn\u00fc kazanmas\u0131 tarihe yeni bir giri\u015f olarak adland\u0131r\u0131l\u0131r&#8221; dedi. Erdo\u011fan, Suriye&#8217;de Aleviler ve S\u00fcnniler aras\u0131nda bir mezhep sava\u015f\u0131 \u00e7\u0131kmas\u0131ndan korktuklar\u0131n\u0131 s\u00f6yledi. <\/p>\n","protected":false},"author":1,"featured_media":0,"comment_status":"open","ping_status":"open","sticky":false,"template":"","format":"standard","meta":{"footnotes":""},"categories":[105],"tags":[],"class_list":["post-39844","post","type-post","status-publish","format-standard","hentry","category-gundem","odd"],"_links":{"self":[{"href":"http:\/\/www.korhanyilmaz.com\/index.php?rest_route=\/wp\/v2\/posts\/39844","targetHints":{"allow":["GET"]}}],"collection":[{"href":"http:\/\/www.korhanyilmaz.com\/index.php?rest_route=\/wp\/v2\/posts"}],"about":[{"href":"http:\/\/www.korhanyilmaz.com\/index.php?rest_route=\/wp\/v2\/types\/post"}],"author":[{"embeddable":true,"href":"http:\/\/www.korhanyilmaz.com\/index.php?rest_route=\/wp\/v2\/users\/1"}],"replies":[{"embeddable":true,"href":"http:\/\/www.korhanyilmaz.com\/index.php?rest_route=%2Fwp%2Fv2%2Fcomments&post=39844"}],"version-history":[{"count":0,"href":"http:\/\/www.korhanyilmaz.com\/index.php?rest_route=\/wp\/v2\/posts\/39844\/revisions"}],"wp:attachment":[{"href":"http:\/\/www.korhanyilmaz.com\/index.php?rest_route=%2Fwp%2Fv2%2Fmedia&parent=39844"}],"wp:term":[{"taxonomy":"category","embeddable":true,"href":"http:\/\/www.korhanyilmaz.com\/index.php?rest_route=%2Fwp%2Fv2%2Fcategories&post=39844"},{"taxonomy":"post_tag","embeddable":true,"href":"http:\/\/www.korhanyilmaz.com\/index.php?rest_route=%2Fwp%2Fv2%2Ftags&post=39844"}],"curies":[{"name":"wp","href":"https:\/\/api.w.org\/{rel}","templated":true}]}}