{"id":39840,"date":"2011-09-14T17:18:23","date_gmt":"2011-09-14T14:18:23","guid":{"rendered":"http:\/\/www.korhanyilmaz.com\/?p=39840"},"modified":"2011-09-14T20:09:12","modified_gmt":"2011-09-14T17:09:12","slug":"artik-ocalanin-ozgurlugunu-istiyoruz","status":"publish","type":"post","link":"http:\/\/www.korhanyilmaz.com\/?p=39840","title":{"rendered":"&#8220;Art\u0131k \u00d6calan&#8217;\u0131n \u00f6zg\u00fcrl\u00fc\u011f\u00fcn\u00fc istiyoruz&#8221;"},"content":{"rendered":"<p style=\"text-align: center;\"><a href=\"http:\/\/www.korhanyilmaz.com\/wp-content\/uploads\/2011\/09\/5071.jpg\"  class=\"lightview\"><img loading=\"lazy\" decoding=\"async\" class=\"aligncenter size-full wp-image-39841\" src=\"http:\/\/www.korhanyilmaz.com\/wp-content\/uploads\/2011\/09\/5071.jpg\" alt=\"\" width=\"307\" height=\"236\" \/><\/a><\/p>\n<p style=\"text-align: justify;\">BDP Genel Ba\u015fkan\u0131 Selahattin Demirta\u015f, Abdullah \u00d6calan ile yap\u0131lan g\u00f6r\u00fc\u015fmelerin t\u0131kand\u0131\u011f\u0131n\u0131 belirterek, &#8220;G\u00f6r\u00fc\u015fecekseniz serbest b\u0131rak\u0131n, d\u0131\u015far\u0131da g\u00f6r\u00fc\u015f\u00fcn&#8221; dedi. Demirta\u015f, PKK-M\u0130T ses kay\u0131tlar\u0131 iddias\u0131 i\u00e7in ise &#8220;kamuoyunda k\u0131yametler kopmad\u0131, T\u00fcrkiye toplumu m\u00fczakereye haz\u0131rd\u0131r&#8221; diye konu\u015ftu.<\/p>\n<p style=\"text-align: justify;\">(DHA) &#8212; BDP, Ankara&#8217;da ger\u00e7ekle\u015fti\u011fi 2&#8217;nci Ola\u011fan Genel Kurulu&#8217;ndan sonra ilk grup toplant\u0131s\u0131n\u0131 Diyarbak\u0131r&#8217;da yapt\u0131.\u00a0<!--more--><\/p>\n<p style=\"text-align: justify;\">BDP&#8217;nin se\u00e7ime birlikte girdi\u011fi blok Milletvekillerinin de kat\u0131ld\u0131\u011f\u0131 toplant\u0131ya, baz\u0131 milletvekilleri kat\u0131lmad\u0131.<\/p>\n<p style=\"text-align: justify;\">Konu\u015fmas\u0131na, ge\u00e7enlerde Hakkari&#8217;nin \u015eemdinli \u0130l\u00e7esi&#8217;nde meydana gelen ve 3&#8217;\u00fc sivil 2&#8217;si g\u00fcvenlik g\u00f6revlisi 5 ki\u015finin ya\u015fam\u0131n\u0131 yitirdi\u011fi olaya de\u011finerek ba\u015flayan BDP Genel Ba\u015fkan\u0131 Selahattin Demirta\u015f \u015funlar\u0131 s\u00f6yledi:<\/p>\n<p style=\"text-align: justify;\">&#8220;\u015eemdinli&#8217;de ya\u015fanan s\u0131radan bir olay de\u011fildir. &#8216;1990&#8217;l\u0131 y\u0131llara asla geri d\u00f6n\u00fc\u015f olmayacakt\u0131r&#8217; diyen h\u00fck\u00fcmetin, daha i\u015fin en ba\u015f\u0131ndan 1990&#8217;l\u0131 y\u0131llara geri d\u00f6n\u00fcld\u00fc\u011f\u00fcn\u00fcn ac\u0131 bir olay\u0131d\u0131r. \u015eemdinli&#8217;de ya\u015fananlar\u0131n ortaya \u00e7\u0131kar\u0131lmas\u0131 i\u00e7in \u00f6zellikle gazetecileri, heyetleri oraya \u00e7a\u011f\u0131r\u0131yorum, ara\u015ft\u0131rs\u0131nlar. Eskiden yine b\u00f6yle olaylar ya\u015fan\u0131rd\u0131. Siviller katledilirdi, Kaymakamlar, Valiler &#8216;ter\u00f6ristler gelip bu kadar ki\u015fiyi katletti&#8217; derlerdi ve ge\u00e7erdi. Ankara ve \u0130stanbul&#8217;daki gazeteciler de bu olaylar\u0131n \u00fcst\u00fcn\u00fcn \u00f6rt\u00fclmesine katk\u0131da bulunurdu. \u015eimdi \u015eemdinli&#8217;de ayn\u0131 \u015feyler ya\u015fan\u0131yor. Biri \u00e7ocuk \u00fc\u00e7 sivil insan ya\u015fam\u0131n\u0131 yitiriyor. Daha \u00e7at\u0131\u015fmalar\u0131n ya\u015fand\u0131\u011f\u0131 saatlerde \u00fc\u00e7 sivilin PKK taraf\u0131ndan \u00f6ld\u00fcr\u00fcld\u00fc\u011f\u00fc yaz\u0131l\u0131yor. Ne adli tahkikat var, ne balistik inceleme var devlet b\u00fcrokrasi ve medyan\u0131n i\u015fbirli\u011fi ile bu kirli sava\u015f b\u00f6yle y\u00fcr\u00fct\u00fcl\u00fcyor.&#8221;<\/p>\n<p style=\"text-align: justify;\"><strong>&#8220;Ses kay\u0131tlar\u0131 k\u0131yamet koparmad\u0131&#8221;\u00a0<\/strong><\/p>\n<p style=\"text-align: justify;\">BDP Genel Ba\u015fkan\u0131 Demirta\u015f, d\u00fcn g\u00fcndeme d\u00fc\u015fen ve PKK ile M\u0130T g\u00f6revlileri aras\u0131nda ger\u00e7ekle\u015fti\u011fi \u00f6ne s\u00fcr\u00fclen ses kay\u0131tlar\u0131 ile ilgili olarak da \u015fu de\u011ferlendirmede bulundu: &#8220;Ama bu haliyle bile kamuoyunda tart\u0131\u015fma bi\u00e7imi bizce h\u00fck\u00fcmete \u00e7ok ciddi mesajlar veriliyor. Kamuoyunda k\u0131yametler kopmuyor. \u0130nsanlar diyalogun, m\u00fczakerenin yap\u0131lmas\u0131 gereken ak\u0131lc\u0131 yollar olarak g\u00f6r\u00fcyor. Demek ki istenirse PKK ile de, say\u0131n Abdullah \u00d6calan&#8217;la da m\u00fczakereler a\u00e7\u0131k bir \u015fekilde y\u00fcr\u00fct\u00fclebilir. T\u00fcrkiye toplumu m\u00fczakereye, diyaloga haz\u0131rd\u0131r. K\u00fcrt&#8217;\u00fcn de T\u00fcrk&#8217;\u00fcn de diyaloga kar\u015f\u0131 bir tepkisi yoktur. H\u00fck\u00fcmet \u00f6yle ter\u00f6ristle g\u00f6r\u00fc\u015f\u00fclmez laflar\u0131 bir kenara b\u0131rakmal\u0131d\u0131r. Kiminle sava\u015f\u0131yorsan onunla bar\u0131\u015f\u0131rs\u0131n.&#8221;<\/p>\n<p style=\"text-align: justify;\"><strong>&#8220;\u00d6calan&#8217;\u0131n \u00f6zg\u00fcrl\u00fc\u011f\u00fcn\u00fc istiyoruz&#8221;\u00a0<\/strong><\/p>\n<p style=\"text-align: justify;\">BDP Genel Ba\u015fkan\u0131 Selahattin Demirta\u015f, \u0130mral\u0131&#8217;da PKKeleba\u015f\u0131 Abdullah \u00d6calan ile yap\u0131lan g\u00f6r\u00fc\u015fmelerin t\u0131kand\u0131\u011f\u0131n\u0131 kaydederek bu konuda \u015f\u00f6yle konu\u015ftu: &#8220;D\u00fcnyan\u0131n \u00fc\u00e7\u00fcnc\u00fc b\u00fcy\u00fck ordusuna sahip, \u0130srail&#8217;e kafa tutan bir devlet, 50 g\u00fcnd\u00fcr kendi adas\u0131na gidemiyor. \u015eu saatten sonra art\u0131k &#8216;\u0130mral\u0131&#8217;ya heyet gitsin, g\u00f6r\u00fc\u015f\u00fcn&#8217; demiyoruz. G\u00f6r\u00fc\u015fecekseniz serbest b\u0131rak\u0131n, d\u0131\u015far\u0131da g\u00f6r\u00fc\u015f\u00fcn. Biz art\u0131k say\u0131n \u00d6calan&#8217;\u0131n \u00f6zg\u00fcrl\u00fc\u011f\u00fcn\u00fc istiyoruz. K\u00fcrt sorunu \u00e7\u00f6zme konusunda samimiyseniz yol y\u00f6ntem budur. \u00c7\u00f6z\u00fcme inan\u0131yorsan\u0131z yapars\u0131n\u0131z. Ba\u015fka yol bilmiyoruz. K\u0131v\u0131rmaya gerek yok. K\u00fcrt halk\u0131n\u0131n muhataplar\u0131n\u0131 muhatap almadan sorun \u00e7\u00f6z\u00fclmez.&#8221;<\/p>\n<p style=\"text-align: justify;\"><a href=\"http:\/\/www.cnnturk.com\/2011\/turkiye\/09\/14\/artik.ocalanin.ozgurlugunu.istiyoruz\/629252.0\/index.html\" target=\"_blank\">Kaynak : CNN T\u00dcRK<\/a><\/p>\n","protected":false},"excerpt":{"rendered":"<p style=\"text-align: center;\">\n<p style=\"text-align: justify;\">BDP Genel Ba\u015fkan\u0131 Selahattin Demirta\u015f, Abdullah \u00d6calan ile yap\u0131lan g\u00f6r\u00fc\u015fmelerin t\u0131kand\u0131\u011f\u0131n\u0131 belirterek, &#8220;G\u00f6r\u00fc\u015fecekseniz serbest b\u0131rak\u0131n, d\u0131\u015far\u0131da g\u00f6r\u00fc\u015f\u00fcn&#8221; dedi. Demirta\u015f, PKK-M\u0130T ses kay\u0131tlar\u0131 iddias\u0131 i\u00e7in ise &#8220;kamuoyunda k\u0131yametler kopmad\u0131, T\u00fcrkiye toplumu m\u00fczakereye haz\u0131rd\u0131r&#8221; diye konu\u015ftu.<\/p>\n<p style=\"text-align: justify;\">(DHA) &#8212; BDP, Ankara&#8217;da ger\u00e7ekle\u015fti\u011fi 2&#8217;nci Ola\u011fan Genel Kurulu&#8217;ndan sonra ilk grup toplant\u0131s\u0131n\u0131 Diyarbak\u0131r&#8217;da <\/p>\n","protected":false},"author":1,"featured_media":0,"comment_status":"open","ping_status":"open","sticky":false,"template":"","format":"standard","meta":{"footnotes":""},"categories":[105],"tags":[],"class_list":["post-39840","post","type-post","status-publish","format-standard","hentry","category-gundem","odd"],"_links":{"self":[{"href":"http:\/\/www.korhanyilmaz.com\/index.php?rest_route=\/wp\/v2\/posts\/39840","targetHints":{"allow":["GET"]}}],"collection":[{"href":"http:\/\/www.korhanyilmaz.com\/index.php?rest_route=\/wp\/v2\/posts"}],"about":[{"href":"http:\/\/www.korhanyilmaz.com\/index.php?rest_route=\/wp\/v2\/types\/post"}],"author":[{"embeddable":true,"href":"http:\/\/www.korhanyilmaz.com\/index.php?rest_route=\/wp\/v2\/users\/1"}],"replies":[{"embeddable":true,"href":"http:\/\/www.korhanyilmaz.com\/index.php?rest_route=%2Fwp%2Fv2%2Fcomments&post=39840"}],"version-history":[{"count":0,"href":"http:\/\/www.korhanyilmaz.com\/index.php?rest_route=\/wp\/v2\/posts\/39840\/revisions"}],"wp:attachment":[{"href":"http:\/\/www.korhanyilmaz.com\/index.php?rest_route=%2Fwp%2Fv2%2Fmedia&parent=39840"}],"wp:term":[{"taxonomy":"category","embeddable":true,"href":"http:\/\/www.korhanyilmaz.com\/index.php?rest_route=%2Fwp%2Fv2%2Fcategories&post=39840"},{"taxonomy":"post_tag","embeddable":true,"href":"http:\/\/www.korhanyilmaz.com\/index.php?rest_route=%2Fwp%2Fv2%2Ftags&post=39840"}],"curies":[{"name":"wp","href":"https:\/\/api.w.org\/{rel}","templated":true}]}}