{"id":39835,"date":"2011-09-14T13:58:24","date_gmt":"2011-09-14T10:58:24","guid":{"rendered":"http:\/\/www.korhanyilmaz.com\/?p=39835"},"modified":"2011-09-14T20:02:34","modified_gmt":"2011-09-14T17:02:34","slug":"kilicdaroglu-sordu-kim-serefsiz","status":"publish","type":"post","link":"http:\/\/www.korhanyilmaz.com\/?p=39835","title":{"rendered":"K\u0131l\u0131\u00e7daro\u011flu sordu: &#8220;Kim \u015ferefsiz?&#8221;"},"content":{"rendered":"<p style=\"text-align: center;\">\n<p style=\"text-align: justify;\"><a href=\"http:\/\/www.korhanyilmaz.com\/wp-content\/uploads\/2011\/09\/50701.jpg\"  class=\"lightview\"><img loading=\"lazy\" decoding=\"async\" class=\"aligncenter size-full wp-image-39837\" title=\"\" src=\"http:\/\/www.korhanyilmaz.com\/wp-content\/uploads\/2011\/09\/50701.jpg\" alt=\"\" width=\"384\" height=\"203\" \/><\/a><\/p>\n<p style=\"text-align: justify;\">CHP lideri K\u0131l\u0131\u00e7daro\u011flu, M\u0130T ileter\u00f6r \u00f6rg\u00fct\u00fc aras\u0131nda ge\u00e7ti\u011fi iddia edilen ses kayd\u0131 ile ilgili olarak, &#8220;Daha \u00f6nce, &#8216;G\u00f6r\u00fc\u015fmeler yap\u0131l\u0131yor&#8217; dedi\u011fimizde, Say\u0131n Erdo\u011fan bizi en a\u011f\u0131r dille su\u00e7lam\u0131\u015ft\u0131. &#8216;Bunu s\u00f6yleyenler ispat etmezlerse, \u015ferefsizdirler&#8217; demi\u015fti. \u015eimdi merak ediyorum, kim \u015ferefsiz?&#8221; dedi.\u00a0<!--more--><\/p>\n<p style=\"text-align: justify;\">K\u0131l\u0131\u00e7daro\u011flu, \u00c7ankaya Belediyesi taraf\u0131ndan yapt\u0131r\u0131lan Atat\u00fcrk ve \u0130n\u00f6n\u00fc gen\u00e7lik merkezlerinin a\u00e7\u0131l\u0131\u015f t\u00f6reni sonras\u0131nda gazetecilerin sorular\u0131n\u0131 yan\u0131tlad\u0131.<\/p>\n<p style=\"text-align: justify;\">K\u0131l\u0131\u00e7daro\u011flu, bir gazetecinin, &#8220;Ter\u00f6r \u00f6rg\u00fct\u00fc ve M\u0130T aras\u0131nda yap\u0131ld\u0131\u011f\u0131 iddia edilen g\u00f6r\u00fc\u015fmelere ili\u015fkin internete d\u00fc\u015fen ses kay\u0131tlar\u0131n\u0131&#8221; sormas\u0131 \u00fczerine, \u015funlar\u0131 s\u00f6yledi:<\/p>\n<p style=\"text-align: justify;\">&#8220;Ses kayd\u0131n\u0131 dinlemedim. Dinlemek de istemiyorum. Daha \u00f6nce s\u00f6ylemi\u015ftimzaten &#8216;yasa d\u0131\u015f\u0131 dinlemelerin i\u00e7eri\u011fi ile \u00e7ok fazla ilgilenmeyece\u011fim&#8217; diye. Ama ortaya \u00e7\u0131kan bir ger\u00e7ek var, birinci ger\u00e7ek \u015fu: G\u00f6r\u00fc\u015fmelerin do\u011frudan Recep Tayyip Erdo\u011fan&#8217;\u0131n iste\u011fi ile ger\u00e7ekle\u015fti\u011fi anla\u015f\u0131l\u0131yor. Kapal\u0131 kap\u0131lar ard\u0131nda kullan\u0131lan dil ve halk\u0131n \u00f6n\u00fcnde kullan\u0131lan dil aras\u0131nda 180 derece fark var.<\/p>\n<p style=\"text-align: justify;\">Say\u0131n Erdo\u011fan, daha \u00f6nce biz bunu dile getirdi\u011fimizde, &#8216;g\u00f6r\u00fc\u015fmeler yap\u0131l\u0131yor&#8217; dedi\u011fimizde en a\u011f\u0131r dille bizi su\u00e7lam\u0131\u015ft\u0131. &#8216;Bunu s\u00f6yleyenler ispatetmez ise \u015ferefsizdirler&#8217; demi\u015fti. \u015eimdi merak ediyorum kim \u015ferefsiz? Bu dil bir \u00fclkenin ba\u015fbakan\u0131na yak\u0131\u015f\u0131yor mu? Ortaya \u00e7\u0131kan bu tablonun alt\u0131ndaki ezikli\u011fi nas\u0131l giderecek acaba?<\/p>\n<p style=\"text-align: justify;\">\u0130kinci \u00f6nemli nokta; T\u00fcrkiye&#8217;nin g\u00fcvenilirli\u011finin b\u00fcy\u00fck yara alm\u0131\u015f olmas\u0131d\u0131r. Herkes dinleniyor, Ba\u015fbakan, Genelkurmay Ba\u015fkan\u0131, Mit M\u00fcste\u015far\u0131, herkes dinleniyor. Gizlilik kavram\u0131, sadece T\u00fcrkiye Cumhuriyeti yurtta\u015flar\u0131 i\u00e7in var. Onun d\u0131\u015f\u0131ndaki ki\u015filer, gruplar, istihbarat \u00f6rg\u00fctleri i\u00e7in gizlilik kavram\u0131 diye bir \u015fey kalmam\u0131\u015f, o anla\u015f\u0131l\u0131yor. Yani T\u00fcrkiye, kevgire d\u00f6nm\u00fc\u015f bir \u00fclke konumunda. Bu da ba\u015fka ac\u0131 bir tablo maalesef.&#8221;<\/p>\n<p style=\"text-align: justify;\">K\u0131l\u0131\u00e7daro\u011flu, &#8220;S\u00f6z konusu ses kay\u0131tlar\u0131nda Habur ile ilgili de dikkat \u00e7ekici noktalar var. &#8216;Biz oray\u0131 ayarlad\u0131k&#8217;, &#8216;Her \u015feyi ayarlad\u0131k&#8217; \u015feklinde. Bunu nas\u0131l de\u011ferlendiriyorsunuz?&#8221; sorusuna \u015fu yan\u0131t\u0131 verdi:<\/p>\n<p style=\"text-align: justify;\">&#8220;Daha \u00f6nce parlamentoda bu konuyu dile getirdi\u011fimizde, hukuku ihlalettiklerini, mahkemeyi ta\u015f\u0131d\u0131klar\u0131n\u0131, yarg\u0131\u00e7lar\u0131 su\u00e7lular\u0131n aya\u011f\u0131na g\u00f6t\u00fcrd\u00fcklerini ifade etmi\u015ftik. Demek ki kapal\u0131 kap\u0131lar ard\u0131nda, bizim s\u00f6ylediklerimizin do\u011fru oldu\u011fu orada da ifade edilmi\u015f.&#8221;<\/p>\n<p style=\"text-align: justify;\">K\u0131l\u0131\u00e7daro\u011flu, yasa d\u0131\u015f\u0131 dinlemelerle ilgili elindeki bilgi ve belgeleri a\u00e7\u0131klay\u0131p a\u00e7\u0131klamayaca\u011f\u0131n\u0131n sorusuna, &#8220;Hay\u0131r&#8221; kar\u015f\u0131l\u0131\u011f\u0131n\u0131 verdi.<\/p>\n<p style=\"text-align: justify;\">K\u0131l\u0131\u00e7daro\u011flu, ba\u015fka bir gazetecinin ses kay\u0131tlar\u0131n\u0131n zamanlamas\u0131na ili\u015fkin bir sorusunu yan\u0131tlarken, &#8220;Bilmiyoruz. Yani kim ald\u0131 bilmiyoruz. Zamanlamay\u0131 ni\u00e7in \u015fimdi yapt\u0131lar bilmiyoruz. \u00d6n\u00fcm\u00fczdeki g\u00fcnlerde neler \u00e7\u0131kacak bilmiyoruz. Herhalde Say\u0131n Ba\u015fbakan bir a\u00e7\u0131klama yapar biz de \u00f6\u011frenmi\u015f oluruz&#8221; dedi.<\/p>\n<p style=\"text-align: justify;\"><strong>&#8220;\u0130lgin\u00e7 bir h\u00fck\u00fcmetimiz var&#8221;\u00a0<\/strong><\/p>\n<p style=\"text-align: justify;\">K\u0131l\u0131\u00e7daro\u011flu, \u0130\u00e7i\u015fleri Bakan\u0131 \u0130smet \u015eahin&#8217;in kara harekat\u0131 ile ilgili a\u00e7\u0131klamalar\u0131n\u0131n hat\u0131rlat\u0131lmas\u0131 \u00fczerine, &#8220;\u0130lgin\u00e7 bir h\u00fck\u00fcmetimiz var. H\u00fck\u00fcmet s\u00f6zc\u00fcs\u00fc konumunda olan bir Bakan \u00e7\u0131k\u0131yor, Say\u0131n Ar\u0131n\u00e7, &#8216;G\u00fcndemimizde kara harekat\u0131 yok&#8217; diyor. \u00dczerinden 24 saat ge\u00e7meden bu kez ba\u015fka bir Bakan \u00e7\u0131k\u0131yor, &#8216;Kara harekat\u0131 g\u00fcndemimizde&#8217; diyor. Nas\u0131l bir h\u00fck\u00fcmet bu? Davul ile zurna ile kara harekat\u0131 m\u0131 yap\u0131l\u0131r? Nas\u0131l bir anlay\u0131\u015ft\u0131r bu, anlamak m\u00fcmk\u00fcn de\u011fil.&#8221;<\/p>\n<p style=\"text-align: justify;\">Bu arada, K\u0131l\u0131\u00e7daro\u011flu&#8217;nun yo\u011fun program\u0131 nedeniyle bug\u00fcn yap\u0131laca\u011f\u0131 duyurulan MYK toplant\u0131s\u0131n\u0131n ertelendi\u011fi \u00f6\u011frenildi.<\/p>\n<p style=\"text-align: justify;\"><a href=\"http:\/\/www.cnnturk.com\/2011\/turkiye\/09\/14\/kilicdaroglu.sordu.kim.serefsiz\/629224.0\/index.html\" target=\"_blank\">Kaynak : CNN T\u00dcRK<\/a><\/p>\n","protected":false},"excerpt":{"rendered":"<p style=\"text-align: center;\">\n<p style=\"text-align: justify;\">\n<p style=\"text-align: justify;\">CHP lideri K\u0131l\u0131\u00e7daro\u011flu, M\u0130T ileter\u00f6r \u00f6rg\u00fct\u00fc aras\u0131nda ge\u00e7ti\u011fi iddia edilen ses kayd\u0131 ile ilgili olarak, &#8220;Daha \u00f6nce, &#8216;G\u00f6r\u00fc\u015fmeler yap\u0131l\u0131yor&#8217; dedi\u011fimizde, Say\u0131n Erdo\u011fan bizi en a\u011f\u0131r dille su\u00e7lam\u0131\u015ft\u0131. &#8216;Bunu s\u00f6yleyenler ispat etmezlerse, \u015ferefsizdirler&#8217; demi\u015fti. \u015eimdi merak ediyorum, kim \u015ferefsiz?&#8221; dedi. <\/p>\n","protected":false},"author":1,"featured_media":0,"comment_status":"open","ping_status":"open","sticky":false,"template":"","format":"standard","meta":{"footnotes":""},"categories":[105],"tags":[],"class_list":["post-39835","post","type-post","status-publish","format-standard","hentry","category-gundem","odd"],"_links":{"self":[{"href":"http:\/\/www.korhanyilmaz.com\/index.php?rest_route=\/wp\/v2\/posts\/39835","targetHints":{"allow":["GET"]}}],"collection":[{"href":"http:\/\/www.korhanyilmaz.com\/index.php?rest_route=\/wp\/v2\/posts"}],"about":[{"href":"http:\/\/www.korhanyilmaz.com\/index.php?rest_route=\/wp\/v2\/types\/post"}],"author":[{"embeddable":true,"href":"http:\/\/www.korhanyilmaz.com\/index.php?rest_route=\/wp\/v2\/users\/1"}],"replies":[{"embeddable":true,"href":"http:\/\/www.korhanyilmaz.com\/index.php?rest_route=%2Fwp%2Fv2%2Fcomments&post=39835"}],"version-history":[{"count":0,"href":"http:\/\/www.korhanyilmaz.com\/index.php?rest_route=\/wp\/v2\/posts\/39835\/revisions"}],"wp:attachment":[{"href":"http:\/\/www.korhanyilmaz.com\/index.php?rest_route=%2Fwp%2Fv2%2Fmedia&parent=39835"}],"wp:term":[{"taxonomy":"category","embeddable":true,"href":"http:\/\/www.korhanyilmaz.com\/index.php?rest_route=%2Fwp%2Fv2%2Fcategories&post=39835"},{"taxonomy":"post_tag","embeddable":true,"href":"http:\/\/www.korhanyilmaz.com\/index.php?rest_route=%2Fwp%2Fv2%2Ftags&post=39835"}],"curies":[{"name":"wp","href":"https:\/\/api.w.org\/{rel}","templated":true}]}}