{"id":39832,"date":"2011-09-14T17:25:17","date_gmt":"2011-09-14T14:25:17","guid":{"rendered":"http:\/\/www.korhanyilmaz.com\/?p=39832"},"modified":"2026-01-01T18:41:58","modified_gmt":"2026-01-01T15:41:58","slug":"guney-deniz-saha-komutanina-tutuklama-talebi","status":"publish","type":"post","link":"http:\/\/www.korhanyilmaz.com\/?p=39832","title":{"rendered":"G\u00fcney Deniz Saha Komutan\u0131na tutuklama talebi"},"content":{"rendered":"<p><a href=\"http:\/\/www.korhanyilmaz.com\/wp-content\/uploads\/2011\/09\/5069.jpg\"  class=\"lightview\"><img loading=\"lazy\" decoding=\"async\" class=\"size-full wp-image-39833 aligncenter\" title=\"\" src=\"http:\/\/www.korhanyilmaz.com\/wp-content\/uploads\/2011\/09\/5069.jpg\" alt=\"\" width=\"250\" height=\"150\" \/><\/a><\/p>\n<p style=\"text-align: justify;\">G\u00fcney Deniz Saha Komutan\u0131 Koramiral Abdullah Can Ereno\u011flu ve Hava Pilot Tu\u011fgeneral Mustafa \u0130lhan&#8217;\u0131n da aralar\u0131nda bulundu\u011fu 5 muvazzaf asker, \u201cBalyoz Plan\u0131\u201d soru\u015fturmas\u0131 kapsam\u0131nda tutuklanma istemiyle mahkemeye sevk edildi.\u00a0<!--more--><\/p>\n<p style=\"text-align: justify;\">Be\u015fikta\u015f&#8217;taki \u0130stanbul Adliyesi&#8217;nde \u201cBalyoz Plan\u0131\u201d soru\u015fturmas\u0131n\u0131 y\u00fcr\u00fcten \u00f6zel yetkili \u0130stanbul Cumhuriyet Savc\u0131s\u0131 H\u00fcseyin Ayar taraf\u0131ndan sorgulanan 5 muvazzaf askerin sorgusu tamamland\u0131.<\/p>\n<p style=\"text-align: justify;\">Savc\u0131 Ayar, G\u00fcney Deniz Saha Komutan\u0131 Koramiral Abdullah Can Ereno\u011flu, Hava Pilot Tu\u011fgeneral Mustafa \u0130lhan ve Kurmay albaylar Ender Kahya, Yusuf Afat ve \u00d6nder \u00c7elebi&#8217;yi, tutuklanma istemiyle \u0130stanbul N\u00f6bet\u00e7i 13. A\u011f\u0131r Ceza Mahkemesine sevk etti.<\/p>\n<p style=\"text-align: justify;\">\u015e\u00fcphelilerin mahkemece sorgulanmas\u0131 bekleniyor.<\/p>\n<p style=\"text-align: justify;\">Tu\u011fgeneral Mustafa \u0130lhan\u2019\u0131n ad\u0131 internet sitelerine d\u00fc\u015fen PKK&#8217;l\u0131lara zayiat verdi\u011fi gerek\u00e7esiyle Heron&#8217;lar\u0131n d\u00fc\u015f\u00fcr\u00fclmesinin istendi\u011fi telefon g\u00f6r\u00fc\u015fmeleri iddias\u0131yla da g\u00fcndeme gelmi\u015fti.<\/p>\n<p><a href=\"http:\/\/www.hurriyet.com.tr\/gundem\/18731627.asp\" target=\"_blank\" rel=\"noopener\">Kaynak : H\u00fcrriyet.com.tr<\/a><\/p>\n","protected":false},"excerpt":{"rendered":"<\/p>\n<p style=\"text-align: justify;\">G\u00fcney Deniz Saha Komutan\u0131 Koramiral Abdullah Can Ereno\u011flu ve Hava Pilot Tu\u011fgeneral Mustafa \u0130lhan&#8217;\u0131n da aralar\u0131nda bulundu\u011fu 5 muvazzaf asker, \u201cBalyoz Plan\u0131\u201d soru\u015fturmas\u0131 kapsam\u0131nda tutuklanma istemiyle mahkemeye sevk edildi. <\/p>\n","protected":false},"author":1,"featured_media":0,"comment_status":"open","ping_status":"open","sticky":false,"template":"","format":"standard","meta":{"footnotes":""},"categories":[105],"tags":[],"class_list":["post-39832","post","type-post","status-publish","format-standard","hentry","category-gundem","odd"],"_links":{"self":[{"href":"http:\/\/www.korhanyilmaz.com\/index.php?rest_route=\/wp\/v2\/posts\/39832","targetHints":{"allow":["GET"]}}],"collection":[{"href":"http:\/\/www.korhanyilmaz.com\/index.php?rest_route=\/wp\/v2\/posts"}],"about":[{"href":"http:\/\/www.korhanyilmaz.com\/index.php?rest_route=\/wp\/v2\/types\/post"}],"author":[{"embeddable":true,"href":"http:\/\/www.korhanyilmaz.com\/index.php?rest_route=\/wp\/v2\/users\/1"}],"replies":[{"embeddable":true,"href":"http:\/\/www.korhanyilmaz.com\/index.php?rest_route=%2Fwp%2Fv2%2Fcomments&post=39832"}],"version-history":[{"count":0,"href":"http:\/\/www.korhanyilmaz.com\/index.php?rest_route=\/wp\/v2\/posts\/39832\/revisions"}],"wp:attachment":[{"href":"http:\/\/www.korhanyilmaz.com\/index.php?rest_route=%2Fwp%2Fv2%2Fmedia&parent=39832"}],"wp:term":[{"taxonomy":"category","embeddable":true,"href":"http:\/\/www.korhanyilmaz.com\/index.php?rest_route=%2Fwp%2Fv2%2Fcategories&post=39832"},{"taxonomy":"post_tag","embeddable":true,"href":"http:\/\/www.korhanyilmaz.com\/index.php?rest_route=%2Fwp%2Fv2%2Ftags&post=39832"}],"curies":[{"name":"wp","href":"https:\/\/api.w.org\/{rel}","templated":true}]}}