{"id":39819,"date":"2011-09-14T08:01:27","date_gmt":"2011-09-14T05:01:27","guid":{"rendered":"http:\/\/www.korhanyilmaz.com\/?p=39819"},"modified":"2011-09-14T09:36:20","modified_gmt":"2011-09-14T06:36:20","slug":"marasta-trafik-polislerine-silahli-saldiri","status":"publish","type":"post","link":"http:\/\/www.korhanyilmaz.com\/?p=39819","title":{"rendered":"Mara\u015f&#8217;ta trafik polislerine silahl\u0131 sald\u0131r\u0131"},"content":{"rendered":"<p style=\"text-align: center;\"><a href=\"http:\/\/www.korhanyilmaz.com\/wp-content\/uploads\/2011\/09\/5068.jpg\"  class=\"lightview\"><img loading=\"lazy\" decoding=\"async\" class=\"aligncenter size-full wp-image-39820\" src=\"http:\/\/www.korhanyilmaz.com\/wp-content\/uploads\/2011\/09\/5068.jpg\" alt=\"\" width=\"324\" height=\"216\" \/><\/a><\/p>\n<p style=\"text-align: justify;\">Kahramanmara\u015f&#8217;\u0131n Pazarc\u0131k \u0130l\u00e7esi&#8217;nde hal\u0131 saha \u00f6n\u00fcnde bekleyen trafik ekibine ate\u015f a\u00e7\u0131ld\u0131. Sald\u0131r\u0131 sonunda iki polis memuru a\u011f\u0131r yaraland\u0131. Yaral\u0131 polislerden biri hastanede \u015fehit oldu.<\/p>\n<p style=\"text-align: justify;\">PAZARCIK &#8211; Olay, saat 21.15 s\u0131ralar\u0131nda \u0130l\u00e7enin Ba\u011fd\u0131n Mahallesi&#8217;nde bulunan hal\u0131 saha \u00f6n\u00fcnde meydana geldi. \u0130l\u00e7e Emniyet M\u00fcd\u00fcrl\u00fc\u011f\u00fcne yakla\u015f\u0131k 500 metre mesafede bulunan hal\u0131 saha \u00f6n\u00fcnde bekleyen polis otomobiline uzun namlulu silahlarla ate\u015f a\u00e7\u0131ld\u0131.<!--more--><\/p>\n<p style=\"text-align: justify;\">Pazarc\u0131k Kaymakam\u0131 Mustafa Sar\u0131kaya&#8217;n\u0131n verdi\u011fi bilgiye g\u00f6re, Pazarc\u0131k G\u00f6lba\u015f\u0131 karayolu \u00fczerinde bir petrol istasyonu yak\u0131n\u0131nda g\u00f6rev yapan b\u00f6lge trafik arac\u0131na ter\u00f6ristlerce uzun namlulu silahlarla ate\u015f a\u00e7\u0131ld\u0131.<\/p>\n<p style=\"text-align: justify;\">Sald\u0131r\u0131da 2 polis memuru a\u011f\u0131r yaraland\u0131. Pazarc\u0131k Devlet Hastanesine kald\u0131r\u0131lan polis memuru Yavuz Bayal (25) t\u00fcm m\u00fcdahalele ra\u011fmen kurtar\u0131lamad\u0131. Ba\u015f\u0131ndan a\u011f\u0131r yaralanan polis memuru Hac\u0131 Kalkan (27) ise Kahramanmara\u015f Devlet Hastanesine sevk edildi.<\/p>\n<p style=\"text-align: justify;\">Olay b\u00f6lgesinde inceleme yapan ard\u0131ndan Pazarc\u0131k Devlet Hastanesine gelen Pazarc\u0131k Kaymakam\u0131 Mustafa Sar\u0131kaya, gazetecilere yapt\u0131\u011f\u0131 a\u00e7\u0131klamada, saat 21.10 s\u0131ralar\u0131nda G\u00f6lba\u015f\u0131 karayolu Yukar\u0131 Pazarc\u0131k ile A\u015fa\u011f\u0131 Pazarc\u0131k aras\u0131nda devriye g\u00f6revini yapan polis otomobiline uzun namlulu silahlarla ate\u015f a\u00e7\u0131ld\u0131\u011f\u0131n\u0131 belirterek, \u201cOtomobilde bulunan polis memurlar\u0131m\u0131z Yavuz bayal ile Hac\u0131 Kalkan a\u011f\u0131r yaralanm\u0131\u015flard\u0131r. Pazarc\u0131k Devlet hastanesine kald\u0131r\u0131lan polis memurumuz Yavuz Bayal ne yaz\u0131k ki kurtar\u0131lamayarak hayat\u0131n\u0131 kaybetmi\u015ftir. Di\u011fer polis memuru Hac\u0131 kalkan ise Kahramanmara\u015f Devlet Hastanesine sevk edilmi\u015ftir\u201d diye konu\u015ftu.<\/p>\n<p style=\"text-align: justify;\">Sar\u0131kaya, olay\u0131n ard\u0131ndan jandarma ve emniyet g\u00fc\u00e7leri taraf\u0131ndan geni\u015f \u00e7apl\u0131 \u00e7al\u0131\u015fma ba\u015flat\u0131ld\u0131\u011f\u0131n\u0131, b\u00f6lgede helikopterlerin de \u00e7al\u0131\u015fmalar yapt\u0131\u011f\u0131n\u0131 ifade ederek, \u201cTer\u00f6rist unsurlarla \u00e7at\u0131\u015fmalar s\u00fcr\u00fcyor. B\u00f6lge abluka alt\u0131na al\u0131nd\u0131\u201d dedi.<\/p>\n<p style=\"text-align: justify;\"><strong>POL\u0130SLER \u00c7AY MOLASI SONRASI SALDIRIYA U\u011eRADILAR<\/strong><\/p>\n<p style=\"text-align: justify;\">Polislerin, hal\u0131 sahada verdikleri \u00e7ay molas\u0131n\u0131n ard\u0131ndan ara\u00e7lar\u0131na bindikleri s\u0131rada sald\u0131r\u0131ya u\u011frad\u0131klar\u0131 \u00f6\u011frenildi. Sald\u0131r\u0131da \u015fehit olan polis memuru 27 ya\u015f\u0131ndaki Yavuz Bayal\u2019\u0131n Aksaray n\u00fcfusuna kay\u0131tl\u0131 oldu\u011fu bildirildi.<\/p>\n<p style=\"text-align: justify;\"><strong>\u015eEH\u0130T POL\u0130S\u0130N CENAZES\u0130 KAHRAMANMARA\u015e\u2019A GET\u0130R\u0130LD\u0130<\/strong><\/p>\n<p style=\"text-align: justify;\">\u015eehit olan Yavuz Bayal\u2019\u0131n cenazesi Kahramanmara\u015f\u2019a getirildi. \u015eehit polisin cenazesi Kahramanmara\u015f Devlet Hastanesi morguna konuldu. Ayr\u0131ca AK Parti Kahramanmara\u015f milletvekilleri S\u0131tk\u0131 G\u00fcven\u00e7 ile Y\u0131ld\u0131r\u0131m Mehmet Ramazano\u011flu da Devlet Hastanesi\u2019ne gelerek sald\u0131r\u0131 da yaralanan Hac\u0131 Kalkan\u2019\u0131n durumu hakk\u0131nda yetkililerden bilgi ald\u0131. (aa, dha)<\/p>\n<p style=\"text-align: justify;\"><a href=\"http:\/\/www.radikal.com.tr\/Radikal.aspx?aType=RadikalDetayV3&amp;ArticleID=1063251&amp;Date=14.09.2011&amp;CategoryID=77\" target=\"_blank\">Kaynak : Radikal.com.tr<\/a><\/p>\n<p style=\"text-align: justify;\">\n","protected":false},"excerpt":{"rendered":"<p style=\"text-align: center;\">\n<p style=\"text-align: justify;\">Kahramanmara\u015f&#8217;\u0131n Pazarc\u0131k \u0130l\u00e7esi&#8217;nde hal\u0131 saha \u00f6n\u00fcnde bekleyen trafik ekibine ate\u015f a\u00e7\u0131ld\u0131. Sald\u0131r\u0131 sonunda iki polis memuru a\u011f\u0131r yaraland\u0131. Yaral\u0131 polislerden biri hastanede \u015fehit oldu.<\/p>\n<p style=\"text-align: justify;\">PAZARCIK &#8211; Olay, saat 21.15 s\u0131ralar\u0131nda \u0130l\u00e7enin Ba\u011fd\u0131n Mahallesi&#8217;nde bulunan hal\u0131 saha \u00f6n\u00fcnde meydana geldi. \u0130l\u00e7e Emniyet M\u00fcd\u00fcrl\u00fc\u011f\u00fcne yakla\u015f\u0131k 500 metre mesafede bulunan hal\u0131 <\/p>\n","protected":false},"author":1,"featured_media":0,"comment_status":"open","ping_status":"open","sticky":false,"template":"","format":"standard","meta":{"footnotes":""},"categories":[105],"tags":[],"class_list":["post-39819","post","type-post","status-publish","format-standard","hentry","category-gundem","odd"],"_links":{"self":[{"href":"http:\/\/www.korhanyilmaz.com\/index.php?rest_route=\/wp\/v2\/posts\/39819","targetHints":{"allow":["GET"]}}],"collection":[{"href":"http:\/\/www.korhanyilmaz.com\/index.php?rest_route=\/wp\/v2\/posts"}],"about":[{"href":"http:\/\/www.korhanyilmaz.com\/index.php?rest_route=\/wp\/v2\/types\/post"}],"author":[{"embeddable":true,"href":"http:\/\/www.korhanyilmaz.com\/index.php?rest_route=\/wp\/v2\/users\/1"}],"replies":[{"embeddable":true,"href":"http:\/\/www.korhanyilmaz.com\/index.php?rest_route=%2Fwp%2Fv2%2Fcomments&post=39819"}],"version-history":[{"count":0,"href":"http:\/\/www.korhanyilmaz.com\/index.php?rest_route=\/wp\/v2\/posts\/39819\/revisions"}],"wp:attachment":[{"href":"http:\/\/www.korhanyilmaz.com\/index.php?rest_route=%2Fwp%2Fv2%2Fmedia&parent=39819"}],"wp:term":[{"taxonomy":"category","embeddable":true,"href":"http:\/\/www.korhanyilmaz.com\/index.php?rest_route=%2Fwp%2Fv2%2Fcategories&post=39819"},{"taxonomy":"post_tag","embeddable":true,"href":"http:\/\/www.korhanyilmaz.com\/index.php?rest_route=%2Fwp%2Fv2%2Ftags&post=39819"}],"curies":[{"name":"wp","href":"https:\/\/api.w.org\/{rel}","templated":true}]}}