{"id":39815,"date":"2011-09-14T08:23:35","date_gmt":"2011-09-14T05:23:35","guid":{"rendered":"http:\/\/www.korhanyilmaz.com\/?p=39815"},"modified":"2011-09-14T09:27:58","modified_gmt":"2011-09-14T06:27:58","slug":"filistin-bayragini-gondere-cekelim","status":"publish","type":"post","link":"http:\/\/www.korhanyilmaz.com\/?p=39815","title":{"rendered":"Filistin bayra\u011f\u0131n\u0131 g\u00f6ndere \u00e7ekelim"},"content":{"rendered":"<p style=\"text-align: center;\"><a href=\"http:\/\/www.korhanyilmaz.com\/wp-content\/uploads\/2011\/09\/5067.jpg\"  class=\"lightview\"><img loading=\"lazy\" decoding=\"async\" class=\"aligncenter size-full wp-image-39816\" src=\"http:\/\/www.korhanyilmaz.com\/wp-content\/uploads\/2011\/09\/5067.jpg\" alt=\"\" width=\"399\" height=\"224\" \/><\/a><\/p>\n<p style=\"text-align: justify;\">\u0130srail\u2019e: Kendi halk\u0131n\u0131 ablukaya al\u0131yor. Suriye\u2019ye: Elimizi havada b\u0131rakt\u0131. BM\u2019ye: \u0130\u015flenen su\u00e7un faili olursunuz.<\/p>\n<p style=\"text-align: justify;\">BA\u015eBAKAN Tayyip Erdo\u011fan, Kahire\u2019de d\u00fczenlenen Arap Ligi D\u0131\u015fi\u015fleri Bakanlar\u0131 toplant\u0131s\u0131nda yapt\u0131\u011f\u0131 konu\u015fmada \u00f6nemli mesajlar verdi. Erdo\u011fan, \u201cYeniden ortak gelece\u011fimize sahip \u00e7\u0131kal\u0131m\u201d diyerek, \u00f6zetle \u015funlar\u0131 s\u00f6yledi:\u00a0<!--more--><\/p>\n<p style=\"text-align: justify;\"><strong>Gelece\u011fimiz ortak\u00a0<\/strong><\/p>\n<p style=\"text-align: justify;\">Bizler ge\u00e7mi\u015fleri, bug\u00fcnleri ve gelecekleri ortak \u00e7izilmi\u015f iki milletiz. Sana\u2019da torununa tahta bir oyuncak dahi alamayan bir dedenin y\u00fcre\u011findeki h\u00fcz\u00fcn, Rabat\u2019ta, Beyrut\u2019ta g\u00f6zya\u015f\u0131na d\u00f6n\u00fc\u015f\u00fcr. Riyad\u2019da, Doha\u2019da ya\u015fanan mutluluklar, Kud\u00fcs\u2019te, \u0130stanbul\u2019da g\u00f6n\u00fcllerimizi \u015fenlendirir. Gazze\u2019de a\u011flayan Filistinli bir \u00e7ocuk, Ankara\u2019daki bir annenin y\u00fcre\u011fini s\u0131zlat\u0131r. Kahire\u2019de gen\u00e7li\u011fin y\u00fckselen sesi Trablus\u2019ta, \u015eam\u2019da, \u0130stanbul\u2019da ayn\u0131 heyecanla yank\u0131lan\u0131r. Farkl\u0131 dillerle ayn\u0131 anlam co\u011frafyas\u0131n\u0131 ve kaderi payla\u015fan bizler i\u00e7in ortak gelece\u011fe sahip \u00e7\u0131kma zaman\u0131 gelmi\u015ftir.<\/p>\n<p style=\"text-align: justify;\"><strong>Yan\u0131lg\u0131y\u0131 anlamak\u00a0<\/strong><\/p>\n<p style=\"text-align: justify;\">Daha fazla \u00f6zg\u00fcrl\u00fck, demokrasi, insan haklar\u0131 hepimizin ortak \u015fiar\u0131 olmal\u0131. Halklar\u0131m\u0131z\u0131n gelece\u011fe \u00fcmitle bakmay\u0131 hak etmedi\u011fini kimse iddia edemez. Halklar\u0131m\u0131z\u0131n me\u015fru taleplerini mutlaka ama mutlaka me\u015fru yollarla ve me\u015fru y\u00f6ntemlerle kar\u015f\u0131lamaya mecburuz. Me\u015fru talepleri gayrime\u015fru y\u00f6ntemlerle, g\u00fc\u00e7 kullanarak bast\u0131rmaya \u00e7al\u0131\u015fanlar, bug\u00fcn de\u011filse yar\u0131n b\u00fcy\u00fck bir yan\u0131lg\u0131 i\u00e7inde olduklar\u0131n\u0131 anlayacaklard\u0131r.<\/p>\n<p style=\"text-align: justify;\"><strong>Buazizi\u2019nin onuru\u00a0<\/strong><\/p>\n<p style=\"text-align: justify;\">M\u00fctevaz\u0131 hayat\u0131nda seyyar tezg\u00e2h\u0131n\u0131 korumak ve evine ekmek paras\u0131 g\u00f6t\u00fcrmekten ba\u015fka bir gayesi olmayan Muhammed Buazizi, (Tunus\u2019ta kendisini yakarak, Yasemin Devrimi\u2019nin fitilini ate\u015fleyen seyyar sat\u0131c\u0131.) insan onurunun de\u011ferini d\u00fcnyaya bir kere daha hat\u0131rlatm\u0131\u015ft\u0131r. \u0130nsan onurunun her t\u00fcrl\u00fc siyasi rejim tart\u0131\u015fmas\u0131n\u0131n \u00fcst\u00fcnde bir etki yapaca\u011f\u0131n\u0131 g\u00f6stermi\u015ftir. Bu onurlu duru\u015f, Arap halklar\u0131n\u0131n ba\u015fka hi\u00e7bir yerde aramas\u0131na gerek olmayan medeni de\u011ferlerin bir yans\u0131mas\u0131d\u0131r.<\/p>\n<p style=\"text-align: justify;\"><strong>Reformlar elzem\u00a0<\/strong><\/p>\n<p style=\"text-align: justify;\">Halklar\u0131n me\u015fru beklentilerinin vakit kaybetmeden kar\u015f\u0131lanmas\u0131 i\u00e7in e\u015fzamanl\u0131 olarak siyasi, ekonomik ve sosyal reformlar\u0131n ger\u00e7ekle\u015ftirilmesi elzemdir. Y\u00fczy\u0131llarca bilimden edebiyata, sanattan felsefeye insanl\u0131k tarihinde \u00e7\u0131\u011f\u0131r a\u00e7m\u0131\u015f yeniliklere imza atm\u0131\u015f b\u00f6lge insan\u0131, \u00fcz\u00fclerek ifade edelim ki, bug\u00fcn olmas\u0131 gerekti\u011fi noktada de\u011fildir. Bizler bu ak\u0131\u015f\u0131 tersine \u00e7evirecek birikime fazlas\u0131yla sahibiz ve bug\u00fcn cereyan eden geli\u015fmelere de bu zaviyeden bakmak durumunday\u0131z.<\/p>\n<p style=\"text-align: justify;\"><strong>BM\u2019de temsil\u00a0<\/strong><\/p>\n<p style=\"text-align: justify;\">Libya\u2019n\u0131n Arap Ligi\u2019nde bundan b\u00f6yle Libya Ulusal Ge\u00e7i\u015f Konseyi taraf\u0131ndan temsil edilmesi y\u00f6n\u00fcndeki karar da \u00f6nemli ve sevindiricidir. Biz Libya\u2019n\u0131n yakla\u015fmakta olan BM Genel Kurulu\u2019nda da Libya Ulusal Ge\u00e7i\u015f Konseyi taraf\u0131ndan temsil edilmesi gerekti\u011fi d\u00fc\u015f\u00fcncesindeyiz.<\/p>\n<p style=\"text-align: justify;\"><strong>Dostluk elimiz\u00a0<\/strong><\/p>\n<p style=\"text-align: justify;\">S\u00fcrecin en ba\u015f\u0131ndan bu yana b\u00f6lgemizde vuku bulan de\u011fi\u015fim ve d\u00f6n\u00fc\u015f\u00fcm s\u00fcrecinde ihtiya\u00e7 duyan herkese dostluk elimizi uzatt\u0131k. Uzatt\u0131\u011f\u0131m\u0131z bu dostluk elini muhabbetle tutanlar oldu\u011fu gibi elimizi havada b\u0131rakanlar da oldu.<\/p>\n<p style=\"text-align: justify;\"><strong>\u00c7a\u011fr\u0131ma \u0130srail dahil<\/strong><\/p>\n<p style=\"text-align: justify;\">Halklar\u0131n me\u015fru talepleri kar\u015f\u0131s\u0131nda bug\u00fcn tak\u0131naca\u011f\u0131m\u0131z tutum ve ataca\u011f\u0131m\u0131z ad\u0131mlar\u0131n hesab\u0131 ancak halklar taraf\u0131ndan sorulabilir. Bu \u00e7a\u011fr\u0131m b\u00f6lgemizdeki t\u00fcm \u00fclkeler i\u00e7in ge\u00e7erlidir ve buna \u0130srail de dahildir.<\/p>\n<p style=\"text-align: justify;\"><strong>\u0130srail tehdit ediyor\u00a0<\/strong><\/p>\n<p style=\"text-align: justify;\">\u0130srail, bir yandan b\u00f6lgemizde me\u015fruiyetini sa\u011flamaya \u00e7al\u0131\u015f\u0131rken, di\u011fer yandan da kendi me\u015fruiyetinin temellerini sarsan sorumsuz ad\u0131mlar atmaya devam etmektedir. Uluslararas\u0131 hukuku ve insanl\u0131k onurunu hi\u00e7 teredd\u00fct etmeden ayaklar alt\u0131na alan bu \u0130srail h\u00fck\u00fcmetinin sald\u0131rganl\u0131\u011f\u0131, \u00e7ocuklara oyuncak g\u00f6t\u00fcren uluslararas\u0131 bir yard\u0131m konvoyuna uluslararas\u0131 sularda sald\u0131r\u0131 d\u00fczenleyebilecek kadar \u015firazesinden \u00e7\u0131km\u0131\u015ft\u0131r. H\u00fck\u00fcmet politikalar\u0131n\u0131n sald\u0131rganl\u0131\u011f\u0131 \u0130srail halk\u0131n\u0131n gelece\u011fini tehdit etmektedir. Bar\u0131\u015f\u0131n \u00f6n\u00fcndeki engel \u0130srail h\u00fck\u00fcmetinin zihniyetidir. \u0130srail h\u00fck\u00fcmeti taraf\u0131ndan asl\u0131nda \u0130srail halk\u0131 ablukaya al\u0131nm\u0131\u015ft\u0131r. Daha da vahimi, \u00f6ld\u00fcrd\u00fc\u011f\u00fc sivillerin \u00fclkesi taraf\u0131ndan kendisinden talep edilen \u00f6z\u00fcr ve tazminat taleplerine de kulak t\u0131kamakta, kendisini hukukun \u00fcst\u00fcnde g\u00f6rebilmektedir. Gazze\u2019ye uygulanan ablukan\u0131n yasal oldu\u011funu s\u00f6yleyecek kadar \u0130srail tezlerinin esiri olan Mavi Marmara raporu bizim i\u00e7in, Arap\u00e7a ifadesiyle ke-en lem yek\u00fcn, yok h\u00fckm\u00fcndedir. Gazze ablukas\u0131n\u0131 me\u015fru g\u00f6ren hi\u00e7bir c\u00fcmleyi tan\u0131mad\u0131\u011f\u0131m\u0131z\u0131 bir kere daha ilan ediyorum.<\/p>\n<p style=\"text-align: justify;\">\u00a0<strong>Su\u00e7un failleri\u00a0<\/strong><\/p>\n<p style=\"text-align: justify;\">Ba\u015fta BM olmak \u00fczere uluslararas\u0131 \u00e7evreler \u0130srail\u2019in tek tarafl\u0131, \u015f\u0131mar\u0131k uygulamalar\u0131na prim vermeye, bu insanl\u0131k d\u0131\u015f\u0131 uygulamalar\u0131na g\u00f6zlerini kapamaya devam ederlerse, i\u015flenen bu su\u00e7un bir faili olarak an\u0131lmaktan kurtulamayacaklard\u0131r.<\/p>\n<p style=\"text-align: justify;\"><strong>Kaos derinle\u015fecek\u00a0<\/strong><\/p>\n<p style=\"text-align: justify;\">\u0130srail-Filistin, art\u0131k uluslararas\u0131 d\u00fczenin me\u015fruiyetini belirleyen bir mesele haline gelmi\u015ftir. Gazze bu durumda olduk\u00e7a, uluslararas\u0131 d\u00fczende hak, hukuk, me\u015fruiyet gibi kavramlar\u0131n ne anlama geldi\u011fi konusunda kaos derinle\u015fecektir. Zul\u00fcm \u00fczerinden siyaset yapanlar, zul\u00fcmlerinin ebedi, g\u00fc\u00e7lerinin mutlak oldu\u011funu zannedenler mutlaka kaybedecektir.<\/p>\n<p style=\"text-align: justify;\"><strong>Allah\u2019\u0131n izniyle\u00a0<\/strong><\/p>\n<p style=\"text-align: justify;\">Filistin devletinin tan\u0131nmas\u0131 yegane yoldur. Bu, se\u00e7enek de\u011fil zorunluluktur. Allah\u2019\u0131n izniyle, bu ay sona ermeden BM\u2019de Filistin\u2019i \u00e7ok farkl\u0131 stat\u00fcde g\u00f6rece\u011fiz. Gelin, \u00f6zlemi duyulan o Filistin bayra\u011f\u0131n\u0131 en k\u0131sa zamanda g\u00f6ndere hep beraber \u00e7ekelim.<\/p>\n<p style=\"text-align: justify;\"><strong>Gizli mihraklar var\u00a0<\/strong><\/p>\n<p style=\"text-align: justify;\">\u00d6n\u00fcm\u00fczdeki s\u00fcre\u00e7 me\u015fakkatlidir, zordur. Bu s\u00fcreci tersine \u00e7evirmeye \u00e7al\u0131\u015fan ve \u00e7al\u0131\u015facak gizli mihraklar da vard\u0131r, olacakt\u0131r. Bu gizli mihraklara kar\u015f\u0131 tedbirli olmal\u0131y\u0131z. Ama art\u0131k \u00e7\u00f6z\u00fcmleri ertelemeye son verme zaman\u0131 da gelmi\u015ftir. Karde\u015f Arap halklar\u0131, kendi iradeleriyle bu s\u00fcreci hay\u0131rla sonu\u00e7land\u0131racaklard\u0131r.<\/p>\n<p style=\"text-align: justify;\"><strong>\u2018Esad\u2019\u0131 idam et\u2019\u00a0<\/strong><\/p>\n<p style=\"text-align: justify;\">Erdo\u011fan, \u00e7\u0131k\u0131\u015fta bekleyen Suriyelilerle selamla\u015ft\u0131. Ba\u015fbakan, posterini ta\u015f\u0131yan grubun Arap\u00e7a \u201cEsad\u2019\u0131 idam et\u201d slogan\u0131n\u0131 anlamad\u0131.<\/p>\n<p style=\"text-align: justify;\"><a href=\"http:\/\/www.hurriyet.com.tr\/planet\/18726105.asp\" target=\"_blank\">Kaynak : H\u00fcrriyet.com.tr<\/a><\/p>\n","protected":false},"excerpt":{"rendered":"<p style=\"text-align: center;\">\n<p style=\"text-align: justify;\">\u0130srail\u2019e: Kendi halk\u0131n\u0131 ablukaya al\u0131yor. Suriye\u2019ye: Elimizi havada b\u0131rakt\u0131. BM\u2019ye: \u0130\u015flenen su\u00e7un faili olursunuz.<\/p>\n<p style=\"text-align: justify;\">BA\u015eBAKAN Tayyip Erdo\u011fan, Kahire\u2019de d\u00fczenlenen Arap Ligi D\u0131\u015fi\u015fleri Bakanlar\u0131 toplant\u0131s\u0131nda yapt\u0131\u011f\u0131 konu\u015fmada \u00f6nemli mesajlar verdi. Erdo\u011fan, \u201cYeniden ortak gelece\u011fimize sahip \u00e7\u0131kal\u0131m\u201d diyerek, \u00f6zetle \u015funlar\u0131 s\u00f6yledi: <\/p>\n","protected":false},"author":1,"featured_media":0,"comment_status":"open","ping_status":"open","sticky":false,"template":"","format":"standard","meta":{"footnotes":""},"categories":[105],"tags":[],"class_list":["post-39815","post","type-post","status-publish","format-standard","hentry","category-gundem","odd"],"_links":{"self":[{"href":"http:\/\/www.korhanyilmaz.com\/index.php?rest_route=\/wp\/v2\/posts\/39815","targetHints":{"allow":["GET"]}}],"collection":[{"href":"http:\/\/www.korhanyilmaz.com\/index.php?rest_route=\/wp\/v2\/posts"}],"about":[{"href":"http:\/\/www.korhanyilmaz.com\/index.php?rest_route=\/wp\/v2\/types\/post"}],"author":[{"embeddable":true,"href":"http:\/\/www.korhanyilmaz.com\/index.php?rest_route=\/wp\/v2\/users\/1"}],"replies":[{"embeddable":true,"href":"http:\/\/www.korhanyilmaz.com\/index.php?rest_route=%2Fwp%2Fv2%2Fcomments&post=39815"}],"version-history":[{"count":0,"href":"http:\/\/www.korhanyilmaz.com\/index.php?rest_route=\/wp\/v2\/posts\/39815\/revisions"}],"wp:attachment":[{"href":"http:\/\/www.korhanyilmaz.com\/index.php?rest_route=%2Fwp%2Fv2%2Fmedia&parent=39815"}],"wp:term":[{"taxonomy":"category","embeddable":true,"href":"http:\/\/www.korhanyilmaz.com\/index.php?rest_route=%2Fwp%2Fv2%2Fcategories&post=39815"},{"taxonomy":"post_tag","embeddable":true,"href":"http:\/\/www.korhanyilmaz.com\/index.php?rest_route=%2Fwp%2Fv2%2Ftags&post=39815"}],"curies":[{"name":"wp","href":"https:\/\/api.w.org\/{rel}","templated":true}]}}