{"id":39811,"date":"2011-09-14T08:06:14","date_gmt":"2011-09-14T05:06:14","guid":{"rendered":"http:\/\/www.korhanyilmaz.com\/?p=39811"},"modified":"2011-09-14T09:56:00","modified_gmt":"2011-09-14T06:56:00","slug":"pkk-ile-mit%e2%80%99in-oslo-gorusmesi-sizdi-iddiasi","status":"publish","type":"post","link":"http:\/\/www.korhanyilmaz.com\/?p=39811","title":{"rendered":"PKK ile M\u0130T\u2019in Oslo g\u00f6r\u00fc\u015fmesi s\u0131zd\u0131 iddias\u0131"},"content":{"rendered":"<p style=\"text-align: center;\"><a href=\"http:\/\/www.korhanyilmaz.com\/wp-content\/uploads\/2011\/09\/50661.gif\"  class=\"lightview\"><img loading=\"lazy\" decoding=\"async\" class=\"aligncenter size-full wp-image-39825\" src=\"http:\/\/www.korhanyilmaz.com\/wp-content\/uploads\/2011\/09\/50661.gif\" alt=\"\" width=\"206\" height=\"186\" \/><\/a><\/p>\n<p style=\"text-align: justify;\">PKK\u2019n\u0131n \u00fcst \u00f6rg\u00fct\u00fc KCK ile M\u0130T\u2019in aras\u0131nda Oslo\u2019da yap\u0131ld\u0131\u011f\u0131 \u00f6ne s\u00fcr\u00fclen g\u00f6r\u00fc\u015fmelere ili\u015fkin bir ses kayd\u0131, d\u00fcn Dicle Haber Ajans\u0131\u2019n\u0131n internet sayfas\u0131nda yay\u0131mland\u0131.<\/p>\n<p style=\"text-align: justify;\">Ajans, \u201cKay\u0131t, sitemize yap\u0131lan sanal sald\u0131r\u0131 sonucu eklendi\u201d a\u00e7\u0131klamas\u0131n\u0131 yaparak ses kayd\u0131n\u0131 kald\u0131rd\u0131.\u00a0<!--more--><\/p>\n<p style=\"text-align: justify;\">TER\u00d6R \u00f6rg\u00fct\u00fc PKK\u2019n\u0131n \u00fcst \u00f6rg\u00fct\u00fc KCK heyeti ile devletin resmi temsilcileri aras\u0131nda yap\u0131ld\u0131\u011f\u0131 iddia edilen g\u00f6r\u00fc\u015fmelere ili\u015fkin ses kayd\u0131, Dicle Haber Ajans\u0131\u2019n\u0131n (D\u0130HA) internet sayfas\u0131nda yay\u0131nland\u0131. \u201cG\u00f6r\u00fc\u015fmelerin \u0130\u00e7y\u00fcz\u00fc Erdo\u011fan\u2019\u0131 Yakacak\u201d ba\u015fl\u0131\u011f\u0131yla bir yaz\u0131 ve kay\u0131t yay\u0131nlayan ajans, bir s\u00fcre sonra internet sayfalar\u0131na sanal sald\u0131r\u0131 oldu\u011funu, bunun sonucunda bilinmeyen ki\u015filerce bu kayd\u0131n sayfaya eklendi\u011fini duyurdu. A\u00e7\u0131klamada \u015f\u00f6yle denildi:<\/p>\n<p style=\"text-align: justify;\"><strong>\u015eifreler k\u0131r\u0131ld\u0131\u00a0<\/strong><\/p>\n<p style=\"text-align: justify;\">\u201c\u0130nternet \u00fczerinden yay\u0131m yapan ajans\u0131m\u0131z Dicle Haber Ajans\u0131\u2019nda (D\u0130HA) bug\u00fcn (d\u00fcn) saat 09.37\u2019de servis edilen \u2018G\u00f6r\u00fc\u015fmelerin \u0130\u00e7y\u00fcz\u00fc Erdo\u011fan\u2019\u0131 Yakacak\u2019 ba\u015fl\u0131kl\u0131 haber, sitemize yap\u0131lan sanal sald\u0131r\u0131 sonucu \u015fifrelerin k\u0131r\u0131lmas\u0131 suretiyle eklenmi\u015ftir. \u2018Ger\u00e7eklerden asla taviz verilmez\u2019 slogan\u0131 ile t\u00fcm zorluklara ra\u011fmen \u00e7al\u0131\u015fmas\u0131n\u0131 s\u00fcrd\u00fcren ajans\u0131m\u0131z, abonelerine ger\u00e7ek ve objektif haberler servis etmeyi vazge\u00e7ilmez bir ilke olarak benimsemi\u015ftir. S\u00f6z konusu haber ise ara\u015ft\u0131r\u0131l\u0131p ortaya \u00e7\u0131kar\u0131lan veya bir haber kayna\u011f\u0131n\u0131n g\u00f6ndermi\u015f oldu\u011fu haber de\u011fildir. Dolay\u0131s\u0131yla ger\u00e7ekli\u011fi teyit edilmedi\u011fi gibi, ajans\u0131m\u0131zla da bir ilgisi yoktur. Haber fark edilir edilmez, hemen m\u00fcdahale edilmi\u015f ve siteden kald\u0131r\u0131lm\u0131\u015ft\u0131r. Teknik \u00e7al\u0131\u015fmalar nedeniyle yakla\u015f\u0131k 2,5 saat yay\u0131m yapamad\u0131k. Bu nedenle abonelerimizden \u00f6z\u00fcr diliyoruz.\u201d<\/p>\n<p style=\"text-align: justify;\">Ses kayd\u0131n\u0131n, devlet ile KCK heyeti aras\u0131ndaki gayriresmi g\u00f6r\u00fc\u015fmelerden birine ait oldu\u011fu savunuluyor. Bu g\u00f6r\u00fc\u015fmeye devlet ad\u0131na d\u00f6nemin Ba\u015fbakanl\u0131k M\u00fcste\u015far Yard\u0131mc\u0131s\u0131 olan, halen M\u0130T M\u00fcste\u015farl\u0131\u011f\u0131n\u0131 y\u00fcr\u00fcten Hakan Fidan ile Kas\u0131m 2010\u2019da emekli olan d\u00f6nemin M\u0130T M\u00fcste\u015far Yard\u0131mc\u0131s\u0131 Afet G\u00fcne\u015f, KCK ad\u0131na Mustafa Karasu, Sabri Ok ve Z\u00fcbeyir Aydar ve koordinat\u00f6r \u00fclke temsilcilerinin kat\u0131ld\u0131\u011f\u0131 iddia ediliyor. Aydar, 1991\u2019de milletvekili se\u00e7ilmi\u015fti. Eski DEP milletvekili olan Aydar, 1994\u2019te yurtd\u0131\u015f\u0131na \u00e7\u0131km\u0131\u015f ve 1995\u2019te kurulan S\u00fcrg\u00fcndeki K\u00fcrdistan Parlamentosu y\u00f6neticili\u011fini \u00fcstlenmi\u015fti. KCK Konseyi \u00fcyesi olan Karasu, 1992\u2019de cezaevinden \u00e7\u0131kt\u0131ktan bir s\u00fcre sonra yurtd\u0131\u015f\u0131na ka\u00e7m\u0131\u015ft\u0131. Karasu\u2019nun, \u201cKCK\u2019n\u0131n as\u0131l lideri\u201d oldu\u011fu \u00f6ne s\u00fcr\u00fcl\u00fcyor. PKK\u2019n\u0131n 1984\u2019te d\u00fczenledi\u011fi Eruh ve Siirt bask\u0131nlar\u0131n\u0131n planlay\u0131c\u0131s\u0131 oldu\u011fu \u00f6ne s\u00fcr\u00fclen Sabri Ok ise 20 y\u0131l cezaevinde kald\u0131ktan sonra 2005\u2019te tahliye oldu. Askerli\u011finin ard\u0131ndan yurtd\u0131\u015f\u0131na \u00e7\u0131kan Ok, KCK\u2019n\u0131n sorumlulu\u011funu \u00fcstlendi.<\/p>\n<p style=\"text-align: justify;\"><strong>M\u0130T\u2019ten inceleme\u00a0<\/strong><\/p>\n<p style=\"text-align: justify;\">Konu\u015fmalardan devlet ile PKK aras\u0131ndaki gayriresmi g\u00f6r\u00fc\u015fmelerin bir s\u00fcredir devam etti\u011fi savunuluyor. Kayd\u0131n yap\u0131ld\u0131\u011f\u0131 g\u00f6r\u00fc\u015fme i\u00e7in \u201c5\u2019inci Oslo toplant\u0131s\u0131\u201d tan\u0131m\u0131 yap\u0131l\u0131rken, 6\u2019nc\u0131 toplant\u0131 i\u00e7in de g\u00f6r\u00fc\u015f birli\u011fi bulunuyor. Toplant\u0131da, \u0130ngilizce konu\u015fan koordinat\u00f6r \u00fclke temsilcisi de yer al\u0131yor.<\/p>\n<p style=\"text-align: justify;\">M\u0130T yetkilileri, ses kayd\u0131 hakk\u0131nda inceleme ba\u015flat\u0131ld\u0131\u011f\u0131n\u0131 belirterek, \u201cGerek g\u00f6r\u00fcl\u00fcrse a\u00e7\u0131klama yap\u0131lacak\u201d dediler.<\/p>\n<p style=\"text-align: justify;\"><a href=\"http:\/\/www.hurriyet.com.tr\/gundem\/18726260.asp\" target=\"_blank\">Kaynak : H\u00fcrriyet.com.tr<\/a><\/p>\n","protected":false},"excerpt":{"rendered":"<p style=\"text-align: center;\">\n<p style=\"text-align: justify;\">PKK\u2019n\u0131n \u00fcst \u00f6rg\u00fct\u00fc KCK ile M\u0130T\u2019in aras\u0131nda Oslo\u2019da yap\u0131ld\u0131\u011f\u0131 \u00f6ne s\u00fcr\u00fclen g\u00f6r\u00fc\u015fmelere ili\u015fkin bir ses kayd\u0131, d\u00fcn Dicle Haber Ajans\u0131\u2019n\u0131n internet sayfas\u0131nda yay\u0131mland\u0131.<\/p>\n<p style=\"text-align: justify;\">Ajans, \u201cKay\u0131t, sitemize yap\u0131lan sanal sald\u0131r\u0131 sonucu eklendi\u201d a\u00e7\u0131klamas\u0131n\u0131 yaparak ses kayd\u0131n\u0131 kald\u0131rd\u0131. <\/p>\n","protected":false},"author":1,"featured_media":0,"comment_status":"open","ping_status":"open","sticky":false,"template":"","format":"standard","meta":{"footnotes":""},"categories":[105],"tags":[],"class_list":["post-39811","post","type-post","status-publish","format-standard","hentry","category-gundem","odd"],"_links":{"self":[{"href":"http:\/\/www.korhanyilmaz.com\/index.php?rest_route=\/wp\/v2\/posts\/39811","targetHints":{"allow":["GET"]}}],"collection":[{"href":"http:\/\/www.korhanyilmaz.com\/index.php?rest_route=\/wp\/v2\/posts"}],"about":[{"href":"http:\/\/www.korhanyilmaz.com\/index.php?rest_route=\/wp\/v2\/types\/post"}],"author":[{"embeddable":true,"href":"http:\/\/www.korhanyilmaz.com\/index.php?rest_route=\/wp\/v2\/users\/1"}],"replies":[{"embeddable":true,"href":"http:\/\/www.korhanyilmaz.com\/index.php?rest_route=%2Fwp%2Fv2%2Fcomments&post=39811"}],"version-history":[{"count":0,"href":"http:\/\/www.korhanyilmaz.com\/index.php?rest_route=\/wp\/v2\/posts\/39811\/revisions"}],"wp:attachment":[{"href":"http:\/\/www.korhanyilmaz.com\/index.php?rest_route=%2Fwp%2Fv2%2Fmedia&parent=39811"}],"wp:term":[{"taxonomy":"category","embeddable":true,"href":"http:\/\/www.korhanyilmaz.com\/index.php?rest_route=%2Fwp%2Fv2%2Fcategories&post=39811"},{"taxonomy":"post_tag","embeddable":true,"href":"http:\/\/www.korhanyilmaz.com\/index.php?rest_route=%2Fwp%2Fv2%2Ftags&post=39811"}],"curies":[{"name":"wp","href":"https:\/\/api.w.org\/{rel}","templated":true}]}}